{"id":95112,"date":"2025-11-24T16:02:17","date_gmt":"2025-11-24T15:02:17","guid":{"rendered":"https:\/\/semmelweis.hu\/gfi\/?p=95112"},"modified":"2025-11-27T15:09:20","modified_gmt":"2025-11-27T14:09:20","slug":"tajekoztato-2025-evben-rogzitett-igenyek-es-megrendelesek-evvaltashoz-kapcsolodo-atforgatasanak-eljarasrendje","status":"publish","type":"post","link":"https:\/\/semmelweis.hu\/gfi\/2025\/11\/24\/tajekoztato-2025-evben-rogzitett-igenyek-es-megrendelesek-evvaltashoz-kapcsolodo-atforgatasanak-eljarasrendje\/","title":{"rendered":"T\u00e1j\u00e9koztat\u00f3 &#8211; 2025. \u00e9vben r\u00f6gz\u00edtett ig\u00e9nyek \u00e9s megrendel\u00e9sek \u00e9vv\u00e1lt\u00e1shoz kapcsol\u00f3d\u00f3 \u00e1tforgat\u00e1s\u00e1nak elj\u00e1r\u00e1srendje"},"content":{"rendered":"<p style=\"text-align: center\"><strong>2025. \u00e9vben r\u00f6gz\u00edtett ig\u00e9nyek \u00e9s megrendel\u00e9sek \u00e9vv\u00e1lt\u00e1shoz kapcsol\u00f3d\u00f3 <\/strong><strong style=\"text-align: center;font-size: 1rem\">\u00e1tforgat\u00e1s\u00e1nak elj\u00e1r\u00e1srendje (2025. \u00e9vr\u0151l 2026. \u00e9vre)<\/strong><\/p>\n<p><strong>\u00a0<\/strong><\/p>\n<p>1.A 2025. decemberi MM peri\u00f3dus nyitvatart\u00e1si id\u0151szaka alatt:<\/p>\n<p>a. (2026.02.02. napj\u00e1ig) csak azok a megrendel\u00e9sek ker\u00fclnek \u00e1tforgat\u00e1sra, melyekhez 2026. \u00e9vi teljes\u00edt\u00e9s\u0171 sz\u00e1mla tartozik.<\/p>\n<p>b. azok a 2025. \u00e9vben r\u00f6gz\u00edtett megrendel\u00e9sek, melyekhez 2026. \u00e9vben \u00e1rube\u00e9rkez\u00e9s t\u00f6rt\u00e9nt, a szervezeti egys\u00e9g jelz\u00e9se alapj\u00e1n \u00e1tforgat\u00e1sra ker\u00fcl.<\/p>\n<p>2026. \u00e9vi teljes\u00edt\u00e9s eset\u00e9n 2026. \u00e9vi BMIG, megrendel\u00e9s a Kontrolling Igazgat\u00f3s\u00e1g \u00e1ltal benyitott keretek megl\u00e9te eset\u00e9n r\u00f6gz\u00edthet\u0151. <\/p>\n<p>2.\u00a0 A 2025. decemberi MM peri\u00f3dus z\u00e1r\u00e1s\u00e1t k\u00f6vet\u0151en az ig\u00e9nyek \u00e9s megrendel\u00e9sek \u00e1tforgat\u00e1s\u00e1nak elj\u00e1r\u00e1srendje:<\/p>\n<p>\u00a0 \u00a0 \u00a0 \u00a0 \u00a0a. \u00e1tforgat\u00e1sra ker\u00fcl (ahol maradv\u00e1ny fogalma \u00e9rtelmezhet\u0151):<\/p>\n<ul>\n<li>p\u00e1ly\u00e1zatos (c\u00e9lt\u00e1mogat\u00e1sokat is bele\u00e9rtve) PST-kre r\u00f6gz\u00edtett ig\u00e9nyek \u00e9s megrendel\u00e9sek mindegyike;<\/li>\n<li>rakt\u00e1ri ig\u00e9nyek \u00e9s megrendel\u00e9sek mindegyike;<\/li>\n<li>fejleszt\u00e9si CO objektumokra r\u00f6gz\u00edtett ig\u00e9nyek \u00e9s megrendel\u00e9sek mindegyike\n<p>\nb. azok a 2025. \u00e9vben r\u00f6gz\u00edtett megrendel\u00e9sek, melyekhez 2025. \u00e9vben \u00e1rube\u00e9rkez\u00e9s t\u00f6rt\u00e9nt, a szervezeti egys\u00e9g jelz\u00e9se alapj\u00e1n \u00e1tforgat\u00e1sra ker\u00fcl;<\/p>\n<p>c. kiz\u00e1r\u00f3lag sz\u00e1mla be\u00e9rkez\u00e9shez kapcsol\u00f3d\u00f3an ker\u00fcl \u00e1tforgat\u00e1sra (ahol a maradv\u00e1ny fogalma NEM \u00e9rtelmezhet\u0151):<\/p>\n<\/li>\n<li>k\u00f6zponti feladatokhoz kapcsol\u00f3d\u00f3 k\u00f6lts\u00e9ghelyre\/PST-re r\u00f6gz\u00edtett ig\u00e9ny \u00e9s megrendel\u00e9s;<\/li>\n<li>egy\u00e9b dologi cikksz\u00e1mhoz kapcsol\u00f3d\u00f3 ig\u00e9ny \u00e9s megrendel\u00e9s.<\/li>\n<\/ul>\n<p>3.\u00a0 A fentiekhez nem tartoz\u00f3, 2025. \u00e9vben r\u00f6gz\u00edtett BMIG-ek eset\u00e9n, ahol a szerz\u0151d\u00e9s 2026. \u00e9vben ker\u00fclt megk\u00f6t\u00e9sre indokol\u00e1shoz csatolni kell a megk\u00f6t\u00f6tt szerz\u0151d\u00e9s szkennelt p\u00e9ld\u00e1ny\u00e1t vagy az SAP-ban r\u00f6gz\u00edtett bizonylatsz\u00e1mot. <strong><em>Ezeket a\u00a0<\/em><\/strong><a href=\"mailto:megrendelesek.athozatala.puig@semmelweis.hu\"><strong><em>megrendelesek.athozatala.puig@semmelweis.hu<\/em><\/strong><\/a> <strong><em>\u00a0e-mail c\u00edmre kell k\u00fcldeni.<\/em><\/strong><\/p>\n<p><strong><em>\u00a0A 3. pontban foglaltak kiv\u00e9tel\u00e9vel a 2026. \u00e9vre iktatott sz\u00e1ml\u00e1k eset\u00e9ben az illet\u00e9kes szervezeti egys\u00e9gnek kell megk\u00fcldeni Excel form\u00e1tumban a megrendel\u00e9s iktat\u00f3sz\u00e1m\u00e1t \u00e9s a sz\u00e1mla iktat\u00f3sz\u00e1m\u00e1t a t\u00e1rgy\u00e9vre val\u00f3 \u00e1tforgat\u00e1s c\u00e9lj\u00e1b\u00f3l (A oszlop: megrendel\u00e9ssz\u00e1m, B oszlop: sz\u00e1mla<\/em><\/strong>\u00a0<strong><em>iktat\u00f3sz\u00e1ma) a P\u00e9nz\u00fcgyi Igazgat\u00f3s\u00e1g r\u00e9sz\u00e9re\u00a0<\/em><\/strong><a href=\"mailto:megrendelesek.athozatala.puig@semmelweis.hu\"><strong><em>megrendelesek.athozatala.puig@semmelweis.hu<\/em><\/strong><\/a><strong><em>\u00a0e-mail c\u00edm\u00e9re.<\/em><\/strong><\/p>\n<p>Budapest, 2025. november 24.<\/p>\n<p>Tisztelettel,<\/p>\n<p>\u00a0 \u00a0 \u00a0 \u00a0 \u00a0 \u00a0 \u00a0 \u00a0 \u00a0 \u00a0 \u00a0 \u00a0 \u00a0 \u00a0 \u00a0 \u00a0 \u00a0 \u00a0 \u00a0 \u00a0 \u00a0 \u00a0 \u00a0 \u00a0 \u00a0 \u00a0 \u00a0 \u00a0 \u00a0 \u00a0 \u00a0 \u00a0\u00c1d\u00e1m \u00c9va<\/p>\n<p>\u00a0 \u00a0 \u00a0 \u00a0 \u00a0 \u00a0 \u00a0 \u00a0 \u00a0 \u00a0 \u00a0 \u00a0 \u00a0 \u00a0 \u00a0 \u00a0 \u00a0 \u00a0 \u00a0 \u00a0 \u00a0 \u00a0 \u00a0 \u00a0 \u00a0 \u00a0 \u00a0 \u00a0 \u00a0 \u00a0 \u00a0 \u00a0 \u00a0 \u00a0 \u00a0 \u00a0 P\u00e9nz\u00fcgyi \u00e9s Vagyongazd\u00e1lkod\u00e1si f\u0151igazgat\u00f3<\/p>\n<p><a href=\"https:\/\/semmelweis.hu\/gfi\/files\/2025\/11\/143824_3.pdf\">143824_3<\/a><\/p>\n","protected":false},"excerpt":{"rendered":"<p>2025. \u00e9vben r\u00f6gz\u00edtett ig\u00e9nyek \u00e9s megrendel\u00e9sek \u00e9vv\u00e1lt\u00e1shoz kapcsol\u00f3d\u00f3 \u00e1tforgat\u00e1s\u00e1nak elj\u00e1r\u00e1srendje (2025. \u00e9vr\u0151l 2026. \u00e9vre) \u00a0 1.A 2025. decemberi MM peri\u00f3dus nyitvatart\u00e1si id\u0151szaka alatt: a. (2026.02.02. napj\u00e1ig) csak azok a megrendel\u00e9sek ker\u00fclnek \u00e1tforgat\u00e1sra, melyekhez 2026. \u00e9vi teljes\u00edt\u00e9s\u0171 sz\u00e1mla tartozik. b. azok a 2025. \u00e9vben r\u00f6gz\u00edtett megrendel\u00e9sek, melyekhez 2026. \u00e9vben \u00e1rube\u00e9rkez\u00e9s t\u00f6rt\u00e9nt, a szervezeti egys\u00e9g jelz\u00e9se alapj\u00e1n &hellip;<\/p>\n","protected":false},"author":102559,"featured_media":0,"comment_status":"closed","ping_status":"closed","sticky":false,"template":"","format":"standard","meta":{"_acf_changed":false,"footnotes":""},"categories":[7],"tags":[],"class_list":["post-95112","post","type-post","status-publish","format-standard","hentry","category-hirek"],"acf":[],"_links":{"self":[{"href":"https:\/\/semmelweis.hu\/gfi\/wp-json\/wp\/v2\/posts\/95112","targetHints":{"allow":["GET"]}}],"collection":[{"href":"https:\/\/semmelweis.hu\/gfi\/wp-json\/wp\/v2\/posts"}],"about":[{"href":"https:\/\/semmelweis.hu\/gfi\/wp-json\/wp\/v2\/types\/post"}],"author":[{"embeddable":true,"href":"https:\/\/semmelweis.hu\/gfi\/wp-json\/wp\/v2\/users\/102559"}],"replies":[{"embeddable":true,"href":"https:\/\/semmelweis.hu\/gfi\/wp-json\/wp\/v2\/comments?post=95112"}],"version-history":[{"count":6,"href":"https:\/\/semmelweis.hu\/gfi\/wp-json\/wp\/v2\/posts\/95112\/revisions"}],"predecessor-version":[{"id":95132,"href":"https:\/\/semmelweis.hu\/gfi\/wp-json\/wp\/v2\/posts\/95112\/revisions\/95132"}],"wp:attachment":[{"href":"https:\/\/semmelweis.hu\/gfi\/wp-json\/wp\/v2\/media?parent=95112"}],"wp:term":[{"taxonomy":"category","embeddable":true,"href":"https:\/\/semmelweis.hu\/gfi\/wp-json\/wp\/v2\/categories?post=95112"},{"taxonomy":"post_tag","embeddable":true,"href":"https:\/\/semmelweis.hu\/gfi\/wp-json\/wp\/v2\/tags?post=95112"}],"curies":[{"name":"wp","href":"https:\/\/api.w.org\/{rel}","templated":true}]}}