{"id":95109,"date":"2025-11-24T15:58:11","date_gmt":"2025-11-24T14:58:11","guid":{"rendered":"https:\/\/semmelweis.hu\/gfi\/?p=95109"},"modified":"2025-11-24T15:58:11","modified_gmt":"2025-11-24T14:58:11","slug":"tajekoztato-puig-ev-vegi-zaras-fopenztar","status":"publish","type":"post","link":"https:\/\/semmelweis.hu\/gfi\/2025\/11\/24\/tajekoztato-puig-ev-vegi-zaras-fopenztar\/","title":{"rendered":"T\u00e1j\u00e9koztat\u00f3 P\u00dcIG \u00e9v v\u00e9gi z\u00e1r\u00e1s, f\u0151p\u00e9nzt\u00e1r"},"content":{"rendered":"<p style=\"text-align: center\"><strong>T\u00c1J\u00c9KOZTAT\u00d3<\/strong><\/p>\n<p>&nbsp;<\/p>\n<p>Tisztelt Szervezeti Egys\u00e9gek!<\/p>\n<p>Az \u00e9v v\u00e9gi \u00e9s \u00e9v eleji \u00fczemsz\u00fcnet miatt a P\u00e9nz\u00fcgyi Igazgat\u00f3s\u00e1g F\u0151p\u00e9nzt\u00e1r\u00e1nak nyitvatart\u00e1si rendje az al\u00e1bbiak szerint v\u00e1ltozik:<\/p>\n<ul>\n<li>december 18-\u00e1n 9.00-11.30 \u00f3r\u00e1ig<\/li>\n<li>december 22-\u00e9n 9.00-14.00 \u00f3r\u00e1ig<\/li>\n<li>december 23-\u00e1n 9.00-12.00 \u00f3r\u00e1ig<\/li>\n<li>december 29-\u00e9n 9.00-14.00 \u00f3r\u00e1ig<\/li>\n<li>december 30-\u00e1n 9.00-14.00 \u00f3r\u00e1ig<\/li>\n<li>december 31-\u00e9n 9.00-12.00 \u00f3r\u00e1ig lesz lehet\u0151s\u00e9g k\u00f6zvetlen\u00fcl a F\u0151p\u00e9nzt\u00e1ri befizet\u00e9sre.<\/li>\n<\/ul>\n<p>&nbsp;<\/p>\n<p>Budapest, 2025. november 24.<\/p>\n<p>&nbsp;<\/p>\n<p>\u00a0\u00a0\u00a0\u00a0\u00a0\u00a0\u00a0\u00a0\u00a0\u00a0\u00a0\u00a0\u00a0\u00a0\u00a0\u00a0\u00a0\u00a0\u00a0\u00a0\u00a0\u00a0\u00a0\u00a0\u00a0\u00a0\u00a0\u00a0\u00a0\u00a0\u00a0\u00a0\u00a0\u00a0\u00a0\u00a0\u00a0\u00a0\u00a0\u00a0\u00a0\u00a0\u00a0\u00a0\u00a0\u00a0\u00a0\u00a0\u00a0\u00a0\u00a0\u00a0\u00a0\u00a0\u00a0\u00a0\u00a0\u00a0\u00a0\u00a0\u00a0\u00a0\u00a0\u00a0\u00a0\u00a0\u00a0\u00a0\u00a0\u00a0\u00a0\u00a0\u00a0\u00a0\u00a0\u00a0\u00a0\u00a0\u00a0\u00a0\u00a0\u00a0\u00a0\u00a0\u00a0\u00a0\u00a0\u00a0\u00a0\u00a0\u00a0\u00a0\u00a0\u00a0\u00a0\u00a0\u00a0\u00a0\u00a0\u00a0\u00a0\u00a0\u00a0\u00a0\u00a0 \u00a0\u00a0\u00a0 Reif L\u00e1szl\u00f3n\u00e9<\/p>\n<p>\u00a0 \u00a0 \u00a0 \u00a0 \u00a0 \u00a0 \u00a0 \u00a0 \u00a0 \u00a0 \u00a0 \u00a0 \u00a0 \u00a0 \u00a0 \u00a0 \u00a0 \u00a0 \u00a0 \u00a0 \u00a0 \u00a0 \u00a0 \u00a0 \u00a0 \u00a0 \u00a0 \u00a0 \u00a0 \u00a0 \u00a0 \u00a0 \u00a0 \u00a0 \u00a0 \u00a0 \u00a0 \u00a0 \u00a0 \u00a0 \u00a0 \u00a0 \u00a0 \u00a0 \u00a0 \u00a0 \u00a0 \u00a0 \u00a0 \u00a0 \u00a0 \u00a0 \u00a0 \u00a0 \u00a0 \u00a0 \u00a0 \u00a0 P\u00e9nz\u00fcgyi Igazgat\u00f3s\u00e1g<\/p>\n<p><a href=\"https:\/\/semmelweis.hu\/gfi\/files\/2025\/11\/143824.pdf\">143824<\/a><\/p>\n","protected":false},"excerpt":{"rendered":"<p>T\u00c1J\u00c9KOZTAT\u00d3 &nbsp; Tisztelt Szervezeti Egys\u00e9gek! Az \u00e9v v\u00e9gi \u00e9s \u00e9v eleji \u00fczemsz\u00fcnet miatt a P\u00e9nz\u00fcgyi Igazgat\u00f3s\u00e1g F\u0151p\u00e9nzt\u00e1r\u00e1nak nyitvatart\u00e1si rendje az al\u00e1bbiak szerint v\u00e1ltozik: december 18-\u00e1n 9.00-11.30 \u00f3r\u00e1ig december 22-\u00e9n 9.00-14.00 \u00f3r\u00e1ig december 23-\u00e1n 9.00-12.00 \u00f3r\u00e1ig december 29-\u00e9n 9.00-14.00 \u00f3r\u00e1ig december 30-\u00e1n 9.00-14.00 \u00f3r\u00e1ig december 31-\u00e9n 9.00-12.00 \u00f3r\u00e1ig lesz lehet\u0151s\u00e9g k\u00f6zvetlen\u00fcl a F\u0151p\u00e9nzt\u00e1ri befizet\u00e9sre. &nbsp; Budapest, &hellip;<\/p>\n","protected":false},"author":102559,"featured_media":0,"comment_status":"closed","ping_status":"closed","sticky":false,"template":"","format":"standard","meta":{"_acf_changed":false,"footnotes":""},"categories":[7],"tags":[],"class_list":["post-95109","post","type-post","status-publish","format-standard","hentry","category-hirek"],"acf":[],"_links":{"self":[{"href":"https:\/\/semmelweis.hu\/gfi\/wp-json\/wp\/v2\/posts\/95109","targetHints":{"allow":["GET"]}}],"collection":[{"href":"https:\/\/semmelweis.hu\/gfi\/wp-json\/wp\/v2\/posts"}],"about":[{"href":"https:\/\/semmelweis.hu\/gfi\/wp-json\/wp\/v2\/types\/post"}],"author":[{"embeddable":true,"href":"https:\/\/semmelweis.hu\/gfi\/wp-json\/wp\/v2\/users\/102559"}],"replies":[{"embeddable":true,"href":"https:\/\/semmelweis.hu\/gfi\/wp-json\/wp\/v2\/comments?post=95109"}],"version-history":[{"count":2,"href":"https:\/\/semmelweis.hu\/gfi\/wp-json\/wp\/v2\/posts\/95109\/revisions"}],"predecessor-version":[{"id":95111,"href":"https:\/\/semmelweis.hu\/gfi\/wp-json\/wp\/v2\/posts\/95109\/revisions\/95111"}],"wp:attachment":[{"href":"https:\/\/semmelweis.hu\/gfi\/wp-json\/wp\/v2\/media?parent=95109"}],"wp:term":[{"taxonomy":"category","embeddable":true,"href":"https:\/\/semmelweis.hu\/gfi\/wp-json\/wp\/v2\/categories?post=95109"},{"taxonomy":"post_tag","embeddable":true,"href":"https:\/\/semmelweis.hu\/gfi\/wp-json\/wp\/v2\/tags?post=95109"}],"curies":[{"name":"wp","href":"https:\/\/api.w.org\/{rel}","templated":true}]}}