{"id":95105,"date":"2025-11-24T15:55:46","date_gmt":"2025-11-24T14:55:46","guid":{"rendered":"https:\/\/semmelweis.hu\/gfi\/?p=95105"},"modified":"2025-11-27T12:13:24","modified_gmt":"2025-11-27T11:13:24","slug":"tajekoztato-puig-evvegi-zaras","status":"publish","type":"post","link":"https:\/\/semmelweis.hu\/gfi\/2025\/11\/24\/tajekoztato-puig-evvegi-zaras\/","title":{"rendered":"T\u00e1j\u00e9koztat\u00f3 &#8211; P\u00dcIG \u00e9vv\u00e9gi z\u00e1r\u00e1s"},"content":{"rendered":"<p style=\"text-align: center\"><strong>T\u00c1J\u00c9KOZTAT\u00d3<\/strong><\/p>\n<p>&nbsp;<\/p>\n<p style=\"text-align: left\"><strong>az Egyetem szervezeti egys\u00e9gei vezet\u0151inek \u00e9s a gazdas\u00e1gi \u00fcgyek\u00e9rt felel\u0151s vezet\u0151inek 2025. <\/strong><strong style=\"font-size: 1rem\">\u00e9v z\u00e1r\u00e1s\u00e1val kapcsolatos gazd\u00e1lkod\u00e1st \u00e9rint\u0151 p\u00e9nz\u00fcgyi-sz\u00e1mviteli feladatokr\u00f3l<\/strong><\/p>\n<p>Az \u00e9v v\u00e9gi p\u00e9nz\u00fcgyi z\u00e1rlati feladatokkal kapcsolatban az al\u00e1bbi t\u00e1j\u00e9koztat\u00e1st adom, \u00e9s egyben k\u00e9rem a le\u00edrtak szerinti \u00fcgyviteli rend betart\u00e1s\u00e1t.<\/p>\n<p><strong>1. \u00c1tutal\u00e1sos sz\u00e1ml\u00e1k kezel\u00e9si rendje<\/strong><\/p>\n<p>A 2025. \u00e9v z\u00e1r\u00e1sakor \u2013 a 2025. gazdas\u00e1gi \u00e9vet \u00e9rint\u0151en \u2013 csak k\u00f6nyvelt \u00e1llapot\u00fa sz\u00e1mla lehet az SAP rendszerben. Ennek \u00e9rdek\u00e9ben a k\u00f6vetend\u0151 elj\u00e1r\u00e1si rendet k\u00e9rem betartani.<\/p>\n<p><em>a.) El\u0151legek elsz\u00e1mol\u00e1sa<\/em><\/p>\n<p>december 13-ig valamennyi kor\u00e1bban kifizetett el\u0151leghez tartoz\u00f3 el\u0151legsz\u00e1ml\u00e1t, valamint amennyiben a teljes\u00edt\u00e9s megt\u00f6rt\u00e9nt v\u00e9gsz\u00e1ml\u00e1t be kell k\u00fcldeni a P\u00e9nz\u00fcgyi Igazgat\u00f3s\u00e1gra.<\/p>\n<p><em>b.) \u00c1tutal\u00e1sok<\/em><\/p>\n<p>Azon p\u00e1ly\u00e1zatok eset\u00e9ben, amelyek p\u00e9nz\u00fcgyi elsz\u00e1mol\u00e1si hat\u00e1rideje 2025. december 31. napja, a beigazolt sz\u00e1ml\u00e1k bek\u00fcld\u00e9si hat\u00e1rideje: 2025. december 18.<\/p>\n<p>A 2026. janu\u00e1r 6. napj\u00e1ig fizet\u00e9si hat\u00e1rid\u0151t tartalmaz\u00f3 sz\u00e1ml\u00e1kat legk\u00e9s\u0151bb 2025. december 16. napj\u00e1ig a P\u00e9nz\u00fcgyi Igazgat\u00f3s\u00e1gra be\u00e9rkez\u0151en kell megk\u00fcldeni. 2025. \u00e9vben utols\u00f3 utal\u00e1si nap a sz\u00e1ll\u00edt\u00f3i sz\u00e1ml\u00e1k tekintet\u00e9ben 2025. december 22. Amennyiben ezt k\u00f6vet\u0151en s\u00fcrg\u0151s utal\u00e1s v\u00e1lik sz\u00fcks\u00e9gess\u00e9, azt k\u00fcl\u00f6n kell jelezni <a href=\"mailto:reif.laszlone@semmelweis.hu\">reif.laszlone@semmelweis.hu<\/a> e-mail c\u00edmre.<\/p>\n<p>A 2025. \u00e9vi teljes\u00edt\u00e9s\u0171 sz\u00e1ml\u00e1kat legk\u00e9s\u0151bb 2026. janu\u00e1r 23. napj\u00e1ig a P\u00e9nz\u00fcgyi Igazgat\u00f3s\u00e1g r\u00e9sz\u00e9re meg kell k\u00fcldeni. Ennek \u00e9rdek\u00e9ben a sz\u00e1ll\u00edt\u00f3kkal fel kell venni a kapcsolatot a sz\u00e1mla megk\u00fcld\u00e9se \u00e9rdek\u00e9ben. Kiemelt figyelmet kell ford\u00edtani a folyamatos teljes\u00edt\u00e9s\u0171 sz\u00e1ml\u00e1k kezel\u00e9s\u00e9re.<\/p>\n<p>\n<strong>2. Nyitott megrendel\u00e9s \u00e1llom\u00e1ny<\/strong><\/p>\n<p>A nyitott megrendel\u00e9seket 2025. december 12-ig kell fel\u00fclvizsg\u00e1lni, a m\u00e1r teljes\u00fclt, de nem sz\u00e1ml\u00e1zott t\u00e9telek eset\u00e9ben a sz\u00e1ml\u00e1t halad\u00e9ktalanul be kell k\u00e9rni a partnert\u0151l.<\/p>\n<p>2025. december 31-ig minden 2025. \u00e9vi teljes\u00edt\u00e9shez kapcsol\u00f3d\u00f3 megrendel\u00e9st az SAP rendszerbe r\u00f6gz\u00edteni kell.<\/p>\n<p><strong>3. P\u00e9nzt\u00e1ri elsz\u00e1mol\u00e1sok \u00e9v v\u00e9gi rendje<\/p>\n<p><\/strong><em>a.) K\u00e9szp\u00e9nzben beszedett bev\u00e9telek kezel\u00e9se<\/em><\/p>\n<p>A k\u00e9szp\u00e9nzben beszedett bev\u00e9teleket minden esetben legk\u00e9s\u0151bb a beszed\u00e9st k\u00f6vet\u0151 munkanapon (24 \u00f3r\u00e1n bel\u00fcl) be kell fizetni a F\u0151p\u00e9nzt\u00e1rba. A k\u00e9szp\u00e9nzben beszedett bev\u00e9telek felad\u00e1s\u00e1ra a F\u0151p\u00e9nzt\u00e1ri nyitvatart\u00e1son k\u00edv\u00fcl k\u00e9szp\u00e9nz-\u00e1tutal\u00e1si megb\u00edz\u00e1ssal t\u00f6rt\u00e9n\u0151 befizet\u00e9ssel ker\u00fclhet sor. K\u00e9rem, fokozottan figyeljenek a k\u00e9szp\u00e9nzes sz\u00e1ml\u00e1k beszed\u00e9s napj\u00e1ra t\u00f6rt\u00e9n\u0151 ki\u00e1ll\u00edt\u00e1s\u00e1ra is.<\/p>\n<p>A napi bev\u00e9teli p\u00e9nzforgalomr\u00f3l a h\u00e1zip\u00e9nzt\u00e1rat m\u0171k\u00f6dtet\u0151, valamint a p\u00e9nzt\u00e1rg\u00e9pet haszn\u00e1l\u00f3 szervezeti egys\u00e9gek a bev\u00e9telt al\u00e1t\u00e1maszt\u00f3 bizonylatokat \u00e9s azokr\u00f3l k\u00e9sz\u00edtett \u00f6sszes\u00edt\u0151 jegyz\u00e9ket a <a href=\"mailto:bevetelicsoport.penzugy@semmelweis.hu\">bevetelicsoport.penzugy@semmelweis.hu<\/a> \u00a0e-mail c\u00edmre k\u00f6telesek megk\u00fcldeni a t\u00e1rgynapot k\u00f6vet\u0151 munkanapon.<\/p>\n<p>A F\u0151p\u00e9nzt\u00e1r \u00e9v v\u00e9gi nyitvatart\u00e1si rendje v\u00e1ltozik, err\u0151l k\u00fcl\u00f6n t\u00e1j\u00e9koztat\u00f3 ker\u00fcl kiad\u00e1sra.<\/p>\n<p><em>b.) H\u00e1zip\u00e9nzt\u00e1rak, ell\u00e1tm\u00e1nyok, el\u0151legek \u00e9v v\u00e9gi kezel\u00e9si rendje<\/em><\/p>\n<p>Az el\u0151leggel \u00e9s az ell\u00e1tm\u00e1nnyal az al\u00e1bbiak szerint kell elsz\u00e1molni:<\/p>\n<ul>\n<li>Eg\u00e9szs\u00e9g\u00fcgyi ter\u00fclethez tartoz\u00f3 szervezeti egys\u00e9gek az elsz\u00e1mol\u00e1sokat 2025. december 15. napj\u00e1ig k\u00f6telesek leadni a F\u0151p\u00e9nzt\u00e1rban. Az elsz\u00e1mol\u00e1ssal egyidej\u0171leg k\u00f6vetkez\u0151 ell\u00e1tm\u00e1ny kiad\u00e1sra ker\u00fcl. Abban az esetben, ha az \u00e9v v\u00e9gi szabads\u00e1gol\u00e1s id\u0151tartam\u00e1ra a szervezeti egys\u00e9g nem tart ig\u00e9nyt az ell\u00e1tm\u00e1ny \u00f6sszeg\u00e9re, azt k\u00fcl\u00f6n jelezni sz\u00fcks\u00e9ges.<\/li>\n<li>Egy\u00e9b szervezeti egys\u00e9gek az elsz\u00e1mol\u00e1st a F\u0151p\u00e9nzt\u00e1r r\u00e9sz\u00e9re 2025. december 17. napj\u00e1ig bez\u00e1r\u00f3lag k\u00f6teles megk\u00fcldeni ellen\u0151rz\u00e9sre, a k\u00f6vetkez\u0151 ell\u00e1tm\u00e1ny kiad\u00e1s\u00e1nak legkor\u00e1bbi id\u0151pontja 2026. janu\u00e1r 05. Amennyiben k\u00e9szp\u00e9nzes beszerz\u00e9s elengedhetetlen\u00fcl sz\u00fcks\u00e9ges v\u00e1lik a F\u0151p\u00e9nzt\u00e1r el\u0151leget ad ki el\u0151zetes k\u00e9relem alapj\u00e1n, melyet Reif L\u00e1szl\u00f3n\u00e9 P\u00e9nz\u00fcgyi Igazgat\u00f3 r\u00e9sz\u00e9re kell megk\u00fcldeni.<\/li>\n<li>A h\u00e1zip\u00e9nzt\u00e1rak p\u00e9nzk\u00e9szlet\u00e9t nem kell befizetni a F\u0151p\u00e9nzt\u00e1rba, viszont az el\u0151leggel kapcsolatos elsz\u00e1mol\u00e1st a fentiek szerint v\u00e9gre kell hajtani.\n<p>2025. december 31. napj\u00e1t megel\u0151z\u0151 utols\u00f3 p\u00e9nzt\u00e1ri napon a h\u00e1zip\u00e9nzt\u00e1rak k\u00f6telesek p\u00e9nzt\u00e1rjelent\u00e9st k\u00e9sz\u00edteni, azt a p\u00e9nzt\u00e1ros \u00e9s p\u00e9nzt\u00e1r ellen\u0151r al\u00e1\u00edr\u00e1s\u00e1val ell\u00e1tni, ezt k\u00f6vet\u0151en eredeti p\u00e9ld\u00e1nyt a F\u0151p\u00e9nzt\u00e1rba 2026. janu\u00e1r 09. napj\u00e1ig megk\u00fcldeni.<\/li>\n<\/ul>\n<p>Felh\u00edvom a figyelmet, hogy 2025. \u00e9vi k\u00e9szp\u00e9nzre t\u00f6rt\u00e9n\u0151 beszerz\u00e9sek el\u0151legek elsz\u00e1mol\u00e1sait 2026. janu\u00e1r 09. napj\u00e1ig be kell ny\u00fajtani a F\u0151p\u00e9nzt\u00e1r r\u00e9sz\u00e9re.<\/p>\n<p><em>c.) T\u00e1rgyi let\u00e9tek lelt\u00e1roz\u00e1sa<\/em><\/p>\n<p>Az \u00e1tvett t\u00e1rgyi let\u00e9teket 2025. december 31. fordul\u00f3napra lelt\u00e1rozni kell.<\/p>\n<p>A lelt\u00e1rfelv\u00e9telr\u0151l k\u00e9sz\u00fclt dokumentumokat eredeti pap\u00edr alap\u00fa form\u00e1ban a megfelel\u0151 al\u00e1\u00edr\u00e1sokkal ell\u00e1tva 2026. janu\u00e1r 09. napj\u00e1ig kell a F\u0151p\u00e9nzt\u00e1rba megk\u00fcldeni.<\/p>\n<p><em>d.) Szigor\u00fa sz\u00e1mad\u00e1s\u00fa nyomtatv\u00e1nyok<\/em><\/p>\n<p>December 31.-i fordul\u00f3nappal a p\u00e9nzt\u00e1rak, ell\u00e1tm\u00e1nykezel\u0151 helyek a haszn\u00e1latba nem vett szigor\u00fa sz\u00e1mad\u00e1s\u00fa nyomtatv\u00e1nyokr\u00f3l k\u00f6telesek lelt\u00e1rt k\u00e9sz\u00edteni az Egyetem Lelt\u00e1rk\u00e9sz\u00edt\u00e9si \u00e9s Lelt\u00e1rkezel\u00e9si Szab\u00e1lyzata szerint. Az elk\u00e9sz\u00edtett lelt\u00e1rt a F\u0151p\u00e9nzt\u00e1r r\u00e9sz\u00e9re 2026. janu\u00e1r 09-ig kell megk\u00fcldeni. <\/p>\n<p><strong>4. 2025.<\/strong> <strong style=\"font-size: 1rem\">\u00e9vi teljes\u00edt\u00e9s\u0171<\/strong> <strong style=\"font-size: 1rem\">vev\u0151i sz\u00e1ml\u00e1k ki\u00e1ll\u00edt\u00e1sa \u00e9s a bev\u00e9telek kezel\u00e9se<\/strong><\/p>\n<p>A 2025. \u00e9vi teljes\u00edt\u00e9s\u0171 vev\u0151i sz\u00e1ml\u00e1k ki\u00e1ll\u00edt\u00e1s\u00e1nak hat\u00e1rideje 2025. december 31. napja (minden olyan t\u00e9tel eset\u00e9ben, amelyeknek a teljes\u00edt\u00e9se 2025. december 31.-ig megt\u00f6rt\u00e9nt). Amennyiben a 2025. \u00e9vi teljes\u00edt\u00e9s\u0171 sz\u00e1mla 2026. janu\u00e1r 8-a ut\u00e1n ker\u00fcl ki\u00e1ll\u00edt\u00e1sra, a szervezeti egys\u00e9g \u00edr\u00e1sban igazol\u00f3 jelent\u00e9st k\u00f6teles adni a p\u00e9nz\u00fcgyi igazgat\u00f3 r\u00e9sz\u00e9re a sz\u00e1mla k\u00e9sedelmes ki\u00e1ll\u00edt\u00e1s\u00e1nak ok\u00e1r\u00f3l.<\/p>\n<p><strong>5. Adom\u00e1nyok, aj\u00e1nd\u00e9kok, idegen tulajdon\u00fa eszk\u00f6z\u00f6k kezel\u00e9se<\/strong><\/p>\n<p>Az adom\u00e1nyok, aj\u00e1nd\u00e9kok elfogad\u00e1s\u00e1nak rendj\u00e9r\u0151l sz\u00f3l\u00f3 szab\u00e1lyzat 2.4.7. pontja tartalmazza az aj\u00e1nd\u00e9k eszk\u00f6z, az ingatlanon v\u00e9gzett beruh\u00e1z\u00e1s, fel\u00faj\u00edt\u00e1s nyilv\u00e1ntart\u00e1sba v\u00e9tel\u00e9nek rendj\u00e9t. K\u00e9rem az adom\u00e1nyok, aj\u00e1nd\u00e9kok, idegen eszk\u00f6z\u00f6k nyilv\u00e1ntart\u00e1s\u00e1nak ellen\u0151rz\u00e9s\u00e9t, sz\u00fcks\u00e9g eset\u00e9n az \u00f6nrovancsol\u00e1s elv\u00e9gz\u00e9s\u00e9t. Ennek eredm\u00e9ny\u00e9t a P\u00e9nz\u00fcgyi Igazgat\u00f3s\u00e1g r\u00e9sz\u00e9re k\u00e9rem megk\u00fcldeni 2026. janu\u00e1r 16-ig.<\/p>\n<p>Az idegen tulajdon\u00fa eszk\u00f6z\u00f6kr\u0151l \u00e1llom\u00e1ny\u00e1ban bek\u00f6vetkezett v\u00e1ltoz\u00e1sr\u00f3l a dokumentumokat szint\u00e9n 2026. janu\u00e1r 16-ig k\u00e9rj\u00fck megk\u00fcldeni.<\/p>\n<p>K\u00e9rem a fentiek betart\u00e1s\u00e1t az \u00e9v z\u00e1r\u00e1s\u00e1val kapcsolatos, gazd\u00e1lkod\u00e1st \u00e9rint\u0151 p\u00e9nz\u00fcgyi-sz\u00e1mviteli feladatok z\u00f6kken\u0151mentes lebonyol\u00edt\u00e1sa \u00e9rdek\u00e9ben!<\/p>\n<p>&nbsp;<\/p>\n<p>Budapest, 2025. november 24.<\/p>\n<p>&nbsp;<\/p>\n<p>\u00a0\u00a0\u00a0\u00a0\u00a0\u00a0\u00a0\u00a0\u00a0\u00a0\u00a0\u00a0\u00a0\u00a0\u00a0\u00a0\u00a0\u00a0\u00a0\u00a0\u00a0\u00a0\u00a0\u00a0\u00a0\u00a0\u00a0\u00a0\u00a0\u00a0\u00a0\u00a0\u00a0\u00a0\u00a0 K\u00f6sz\u00f6nettel \u00e9s tisztelettel:<\/p>\n<p>\u00a0\u00a0\u00a0\u00a0\u00a0\u00a0\u00a0\u00a0\u00a0\u00a0\u00a0\u00a0\u00a0\u00a0\u00a0\u00a0\u00a0\u00a0\u00a0\u00a0\u00a0\u00a0\u00a0\u00a0\u00a0\u00a0\u00a0\u00a0\u00a0\u00a0\u00a0\u00a0\u00a0\u00a0\u00a0\u00a0\u00a0\u00a0\u00a0\u00a0\u00a0\u00a0\u00a0\u00a0\u00a0\u00a0\u00a0\u00a0\u00a0\u00a0\u00a0\u00a0\u00a0\u00a0\u00a0\u00a0\u00a0\u00a0\u00a0\u00a0\u00a0\u00a0\u00a0\u00a0\u00a0\u00a0\u00a0\u00a0\u00a0\u00a0\u00a0\u00a0\u00a0\u00a0\u00a0\u00a0\u00a0\u00a0\u00a0\u00a0\u00a0\u00a0\u00a0\u00a0\u00a0\u00a0\u00a0\u00a0\u00a0\u00a0\u00a0\u00a0\u00a0\u00a0 \u00c1d\u00e1m \u00c9va<\/p>\n<p>\u00a0\u00a0\u00a0\u00a0\u00a0\u00a0\u00a0\u00a0\u00a0\u00a0\u00a0\u00a0\u00a0\u00a0\u00a0\u00a0\u00a0\u00a0\u00a0\u00a0\u00a0\u00a0\u00a0\u00a0\u00a0\u00a0\u00a0\u00a0\u00a0\u00a0\u00a0\u00a0\u00a0\u00a0\u00a0\u00a0\u00a0\u00a0\u00a0\u00a0\u00a0\u00a0\u00a0\u00a0\u00a0\u00a0\u00a0\u00a0\u00a0\u00a0\u00a0\u00a0\u00a0\u00a0\u00a0\u00a0\u00a0\u00a0 \u00a0\u00a0\u00a0\u00a0\u00a0\u00a0\u00a0\u00a0\u00a0\u00a0\u00a0 P\u00e9nz\u00fcgyi \u00e9s Vagyongazd\u00e1lkod\u00e1si f\u0151igazgat\u00f3<\/p>\n<p><a href=\"https:\/\/semmelweis.hu\/gfi\/files\/2025\/11\/143824_2.pdf\">143824_2<\/a><\/p>\n","protected":false},"excerpt":{"rendered":"<p>T\u00c1J\u00c9KOZTAT\u00d3 &nbsp; az Egyetem szervezeti egys\u00e9gei vezet\u0151inek \u00e9s a gazdas\u00e1gi \u00fcgyek\u00e9rt felel\u0151s vezet\u0151inek 2025. \u00e9v z\u00e1r\u00e1s\u00e1val kapcsolatos gazd\u00e1lkod\u00e1st \u00e9rint\u0151 p\u00e9nz\u00fcgyi-sz\u00e1mviteli feladatokr\u00f3l Az \u00e9v v\u00e9gi p\u00e9nz\u00fcgyi z\u00e1rlati feladatokkal kapcsolatban az al\u00e1bbi t\u00e1j\u00e9koztat\u00e1st adom, \u00e9s egyben k\u00e9rem a le\u00edrtak szerinti \u00fcgyviteli rend betart\u00e1s\u00e1t. 1. \u00c1tutal\u00e1sos sz\u00e1ml\u00e1k kezel\u00e9si rendje A 2025. \u00e9v z\u00e1r\u00e1sakor \u2013 a 2025. gazdas\u00e1gi \u00e9vet &hellip;<\/p>\n","protected":false},"author":102559,"featured_media":0,"comment_status":"closed","ping_status":"closed","sticky":false,"template":"","format":"standard","meta":{"_acf_changed":false,"footnotes":""},"categories":[7],"tags":[],"class_list":["post-95105","post","type-post","status-publish","format-standard","hentry","category-hirek"],"acf":[],"_links":{"self":[{"href":"https:\/\/semmelweis.hu\/gfi\/wp-json\/wp\/v2\/posts\/95105","targetHints":{"allow":["GET"]}}],"collection":[{"href":"https:\/\/semmelweis.hu\/gfi\/wp-json\/wp\/v2\/posts"}],"about":[{"href":"https:\/\/semmelweis.hu\/gfi\/wp-json\/wp\/v2\/types\/post"}],"author":[{"embeddable":true,"href":"https:\/\/semmelweis.hu\/gfi\/wp-json\/wp\/v2\/users\/102559"}],"replies":[{"embeddable":true,"href":"https:\/\/semmelweis.hu\/gfi\/wp-json\/wp\/v2\/comments?post=95105"}],"version-history":[{"count":5,"href":"https:\/\/semmelweis.hu\/gfi\/wp-json\/wp\/v2\/posts\/95105\/revisions"}],"predecessor-version":[{"id":95127,"href":"https:\/\/semmelweis.hu\/gfi\/wp-json\/wp\/v2\/posts\/95105\/revisions\/95127"}],"wp:attachment":[{"href":"https:\/\/semmelweis.hu\/gfi\/wp-json\/wp\/v2\/media?parent=95105"}],"wp:term":[{"taxonomy":"category","embeddable":true,"href":"https:\/\/semmelweis.hu\/gfi\/wp-json\/wp\/v2\/categories?post=95105"},{"taxonomy":"post_tag","embeddable":true,"href":"https:\/\/semmelweis.hu\/gfi\/wp-json\/wp\/v2\/tags?post=95105"}],"curies":[{"name":"wp","href":"https:\/\/api.w.org\/{rel}","templated":true}]}}