{"id":95096,"date":"2025-11-21T13:34:32","date_gmt":"2025-11-21T12:34:32","guid":{"rendered":"https:\/\/semmelweis.hu\/gfi\/?p=95096"},"modified":"2025-11-21T13:34:32","modified_gmt":"2025-11-21T12:34:32","slug":"tajekoztato-kezi-felhasznalasu-fertotlenitoszerek-es-eszkoztisztitok-beszerzeserol","status":"publish","type":"post","link":"https:\/\/semmelweis.hu\/gfi\/2025\/11\/21\/tajekoztato-kezi-felhasznalasu-fertotlenitoszerek-es-eszkoztisztitok-beszerzeserol\/","title":{"rendered":"T\u00e1j\u00e9koztat\u00f3 &#8211; K\u00e9zi felhaszn\u00e1l\u00e1s\u00fa fert\u0151tlen\u00edt\u0151szerek \u00e9s eszk\u00f6ztiszt\u00edt\u00f3k beszerz\u00e9s\u00e9r\u0151l"},"content":{"rendered":"<h2 style=\"text-align: center\"><strong>T\u00c1J\u00c9KOZTAT\u00d3<\/strong><\/h2>\n<p style=\"text-align: center\"><strong>k\u00e9zi felhaszn\u00e1l\u00e1s\u00fa fert\u0151tlen\u00edt\u0151szerek \u00e9s eszk\u00f6ztiszt\u00edt\u00f3k beszerz\u00e9s\u00e9r\u0151l<\/strong><\/p>\n<p>T\u00e1j\u00e9koztatom \u00d6n\u00f6ket, hogy a <em>K\u00f6zbeszerz\u00e9si \u00e9s Ell\u00e1t\u00e1si F\u0151igazgat\u00f3s\u00e1g (tov\u00e1bbiakban: KEF) <\/em><em>\u201eK\u00e9zi felhaszn\u00e1l\u00e1s\u00fa fert\u0151tlen\u00edt\u0151szerek \u00e9s eszk\u00f6ztiszt\u00edt\u00f3\u201d<\/em> t\u00e1rgy\u00fa k\u00f6zbeszerz\u00e9si elj\u00e1r\u00e1s eredm\u00e9nyek\u00e9nt 2025. november\u00e9ben az al\u00e1bbi keretmeg\u00e1llapod\u00e1sokat k\u00f6t\u00f6tte:<\/p>\n<p><em>\u00a0<\/em><\/p>\n<p><em>KM01_ASZ05_DBR_FERT_21 \u2013 K\u00e9sz munkaoldat\u00fa gyors fert\u0151tlen\u00edt\u0151szerek orvostechnikai eszk\u00f6z\u00f6kre<\/em><\/p>\n<p><em>KM03_ASZ05_DBR_FERT_21 \u2013 Aldehid tartalm\u00fa k\u00e9zi, m\u0171szer-eszk\u00f6zfert\u0151tlen\u00edt\u0151 szerek (nem g\u00e9pi felhaszn\u00e1l\u00e1sra)<\/em><\/p>\n<p><em>KM04_ASZ05_DBR_FERT_21 \u2013 K\u00e9zi, m\u0171szer-eszk\u00f6ztiszt\u00edt\u00f3 szerek (nem g\u00e9pi felhaszn\u00e1l\u00e1sra, hat\u00f3anyag\u00e1t tekintve nem enzimes)<\/em><\/p>\n<p><em>\u00a0<\/em><\/p>\n<p>Az 1. sz. mell\u00e9klet tartalmazza azon term\u00e9keket, amelyek a <em>KEF <\/em>\u00e1ltal k\u00f6t\u00f6tt keretmeg\u00e1llapod\u00e1sokb\u00f3l megrendelhet\u0151ek.<\/p>\n<p>A fenti term\u00e9kk\u00f6r\u00f6kre vonatkoz\u00f3 ig\u00e9nyeket \u2013 \u00f6sszeghat\u00e1rt\u00f3l f\u00fcggetlen\u00fcl, az eddig gyakorlat szerint \u2013 a beszerz\u00e9si szab\u00e1lyzatnak megfelel\u0151en Beszerz\u00e9s Min\u0151s\u00edt\u0151 Lap kit\u00f6lt\u00e9s\u00e9vel, a Beszerz\u00e9si Igazgat\u00f3s\u00e1gra val\u00f3 eljuttat\u00e1s\u00e1val kell bejelenteni. K\u00e9rj\u00fck, hogy a Beszerz\u00e9s Min\u0151s\u00edt\u0151 Lap m\u00f6g\u00e9 a KEF-es adatlapot, vagy a KEF-es cikksz\u00e1mokat tartalmaz\u00f3 dokumentumot csatolni sz\u00edveskedjenek.\u00a0 A keretmeg\u00e1llapod\u00e1sokb\u00f3l leh\u00edvhat\u00f3 term\u00e9keket az ig\u00e9nyek alapj\u00e1n a Beszerz\u00e9si Igazgat\u00f3s\u00e1g rendeli meg.<\/p>\n<p>Budapest, 2025. november 21.<\/p>\n<p>Tisztelettel:\u00a0\u00a0\u00a0\u00a0\u00a0\u00a0\u00a0\u00a0\u00a0\u00a0\u00a0\u00a0\u00a0\u00a0\u00a0\u00a0\u00a0\u00a0\u00a0\u00a0\u00a0\u00a0\u00a0\u00a0\u00a0\u00a0\u00a0\u00a0\u00a0\u00a0\u00a0\u00a0\u00a0\u00a0\u00a0\u00a0\u00a0\u00a0\u00a0\u00a0\u00a0\u00a0\u00a0\u00a0\u00a0\u00a0\u00a0\u00a0\u00a0\u00a0\u00a0\u00a0\u00a0\u00a0\u00a0\u00a0\u00a0 \u00a0\u00a0\u00a0\u00a0\u00a0\u00a0\u00a0\u00a0\u00a0\u00a0\u00a0\u00a0\u00a0\u00a0\u00a0\u00a0\u00a0\u00a0<\/p>\n<p>\u00a0 \u00a0 \u00a0 \u00a0 \u00a0 \u00a0 \u00a0 \u00a0 \u00a0 \u00a0 \u00a0 \u00a0 \u00a0 \u00a0 \u00a0 \u00a0 \u00a0 \u00a0 \u00a0 \u00a0 \u00a0 \u00a0 \u00a0 \u00a0 \u00a0 \u00a0 \u00a0 \u00a0 \u00a0 \u00a0 \u00a0 \u00a0 \u00a0 \u00a0 \u00a0 \u00a0 \u00a0 \u00a0 \u00a0 \u00a0 \u00a0Dr. Farkas D\u00e9nes<\/p>\n<p>\u00a0\u00a0\u00a0\u00a0\u00a0\u00a0\u00a0\u00a0\u00a0\u00a0\u00a0\u00a0\u00a0\u00a0\u00a0\u00a0\u00a0\u00a0\u00a0\u00a0\u00a0\u00a0\u00a0\u00a0\u00a0\u00a0\u00a0\u00a0\u00a0\u00a0\u00a0\u00a0\u00a0\u00a0\u00a0\u00a0\u00a0\u00a0\u00a0\u00a0\u00a0\u00a0\u00a0\u00a0\u00a0\u00a0\u00a0\u00a0\u00a0\u00a0\u00a0\u00a0\u00a0\u00a0\u00a0\u00a0\u00a0\u00a0\u00a0\u00a0\u00a0\u00a0\u00a0\u00a0\u00a0\u00a0\u00a0\u00a0\u00a0\u00a0\u00a0\u00a0\u00a0\u00a0\u00a0\u00a0\u00a0\u00a0\u00a0\u00a0 \u00a0\u00a0\u00a0\u00a0\u00a0\u00a0\u00a0 igazgat\u00f3<\/p>\n<p><a href=\"https:\/\/semmelweis.hu\/gfi\/files\/2025\/11\/Fertotlenitok-es-eszkoztisztitok-beszerzese.pdf\">Fert\u0151tlen\u00edt\u0151k \u00e9s eszk\u00f6ztiszt\u00edt\u00f3k beszerz\u00e9se<\/a><\/p>\n<p><a href=\"https:\/\/semmelweis.hu\/gfi\/files\/2025\/11\/Fertotlenitok-es-eszkoztisztitok-beszerzese.doc\">Fert\u0151tlen\u00edt\u0151k \u00e9s eszk\u00f6ztiszt\u00edt\u00f3k beszerz\u00e9se<\/a><\/p>\n<p><a href=\"https:\/\/semmelweis.hu\/gfi\/files\/2025\/11\/1.-szamu-melleklet-KMASZ05FERT21.xlsx\">1. sz\u00e1m\u00fa mell\u00e9klet KMASZ05FERT21<\/a><\/p>\n","protected":false},"excerpt":{"rendered":"<p>T\u00c1J\u00c9KOZTAT\u00d3 k\u00e9zi felhaszn\u00e1l\u00e1s\u00fa fert\u0151tlen\u00edt\u0151szerek \u00e9s eszk\u00f6ztiszt\u00edt\u00f3k beszerz\u00e9s\u00e9r\u0151l T\u00e1j\u00e9koztatom \u00d6n\u00f6ket, hogy a K\u00f6zbeszerz\u00e9si \u00e9s Ell\u00e1t\u00e1si F\u0151igazgat\u00f3s\u00e1g (tov\u00e1bbiakban: KEF) \u201eK\u00e9zi felhaszn\u00e1l\u00e1s\u00fa fert\u0151tlen\u00edt\u0151szerek \u00e9s eszk\u00f6ztiszt\u00edt\u00f3\u201d t\u00e1rgy\u00fa k\u00f6zbeszerz\u00e9si elj\u00e1r\u00e1s eredm\u00e9nyek\u00e9nt 2025. november\u00e9ben az al\u00e1bbi keretmeg\u00e1llapod\u00e1sokat k\u00f6t\u00f6tte: \u00a0 KM01_ASZ05_DBR_FERT_21 \u2013 K\u00e9sz munkaoldat\u00fa gyors fert\u0151tlen\u00edt\u0151szerek orvostechnikai eszk\u00f6z\u00f6kre KM03_ASZ05_DBR_FERT_21 \u2013 Aldehid tartalm\u00fa k\u00e9zi, m\u0171szer-eszk\u00f6zfert\u0151tlen\u00edt\u0151 szerek (nem g\u00e9pi felhaszn\u00e1l\u00e1sra) KM04_ASZ05_DBR_FERT_21 \u2013 K\u00e9zi, m\u0171szer-eszk\u00f6ztiszt\u00edt\u00f3 &hellip;<\/p>\n","protected":false},"author":102559,"featured_media":0,"comment_status":"closed","ping_status":"closed","sticky":false,"template":"","format":"standard","meta":{"_acf_changed":false,"footnotes":""},"categories":[7],"tags":[],"class_list":["post-95096","post","type-post","status-publish","format-standard","hentry","category-hirek"],"acf":[],"_links":{"self":[{"href":"https:\/\/semmelweis.hu\/gfi\/wp-json\/wp\/v2\/posts\/95096","targetHints":{"allow":["GET"]}}],"collection":[{"href":"https:\/\/semmelweis.hu\/gfi\/wp-json\/wp\/v2\/posts"}],"about":[{"href":"https:\/\/semmelweis.hu\/gfi\/wp-json\/wp\/v2\/types\/post"}],"author":[{"embeddable":true,"href":"https:\/\/semmelweis.hu\/gfi\/wp-json\/wp\/v2\/users\/102559"}],"replies":[{"embeddable":true,"href":"https:\/\/semmelweis.hu\/gfi\/wp-json\/wp\/v2\/comments?post=95096"}],"version-history":[{"count":2,"href":"https:\/\/semmelweis.hu\/gfi\/wp-json\/wp\/v2\/posts\/95096\/revisions"}],"predecessor-version":[{"id":95101,"href":"https:\/\/semmelweis.hu\/gfi\/wp-json\/wp\/v2\/posts\/95096\/revisions\/95101"}],"wp:attachment":[{"href":"https:\/\/semmelweis.hu\/gfi\/wp-json\/wp\/v2\/media?parent=95096"}],"wp:term":[{"taxonomy":"category","embeddable":true,"href":"https:\/\/semmelweis.hu\/gfi\/wp-json\/wp\/v2\/categories?post=95096"},{"taxonomy":"post_tag","embeddable":true,"href":"https:\/\/semmelweis.hu\/gfi\/wp-json\/wp\/v2\/tags?post=95096"}],"curies":[{"name":"wp","href":"https:\/\/api.w.org\/{rel}","templated":true}]}}