{"id":95080,"date":"2025-11-19T11:47:33","date_gmt":"2025-11-19T10:47:33","guid":{"rendered":"https:\/\/semmelweis.hu\/gfi\/?p=95080"},"modified":"2025-11-19T11:48:18","modified_gmt":"2025-11-19T10:48:18","slug":"tajekoztatas-selejtezesi-kerelmek-befogadasi-hatarideje","status":"publish","type":"post","link":"https:\/\/semmelweis.hu\/gfi\/2025\/11\/19\/tajekoztatas-selejtezesi-kerelmek-befogadasi-hatarideje\/","title":{"rendered":"T\u00e1j\u00e9koztat\u00e1s &#8211; selejtez\u00e9si k\u00e9relmek befogad\u00e1si hat\u00e1rideje"},"content":{"rendered":"<p style=\"text-align: center\"><strong>T\u00e1j\u00e9koztat\u00e1s &#8211; az Egyetem valamennyi szervezeti egys\u00e9g vezet\u0151j\u00e9nek \u00e9s <\/strong><strong>gazdas\u00e1gi koordin\u00e1tornak<\/strong><\/p>\n<p>T\u00e1j\u00e9koztatom, hogy az \u00e9v v\u00e9gi z\u00e1r\u00e1st el\u0151k\u00e9sz\u00edt\u0151 feladatokkal \u00f6sszef\u00fcgg\u00e9sben a selejtez\u00e9si k\u00e9relmek befogad\u00e1si hat\u00e1rideje:\u00a0<\/p>\n<p style=\"text-align: center\"><strong>2025. november 28.<\/strong>\u00a0<\/p>\n<p>A Vagyongazd\u00e1lkod\u00e1si Igazgat\u00f3s\u00e1gra a fenti d\u00e1tumig be\u00e9rkezett selejtez\u00e9si k\u00e9relmeket tudjuk ebben az \u00e9vben lebonyol\u00edtani.<\/p>\n<p>Meg\u00e9rt\u00e9s\u00fcket \u00e9s t\u00fcrelm\u00fcket k\u00f6sz\u00f6nj\u00fck.<\/p>\n<p><strong>Budapest, 2025. november 19.<\/strong><\/p>\n<p>\u00a0 \u00a0 \u00a0 \u00a0 \u00a0 \u00a0 \u00a0 \u00a0 \u00a0 \u00a0 \u00a0 \u00a0 \u00a0 \u00a0 \u00a0 \u00a0 \u00a0 \u00a0 \u00a0 \u00a0 \u00a0 \u00a0Tisztelettel:<\/p>\n<p>\u00a0 \u00a0 \u00a0 \u00a0 \u00a0 \u00a0 \u00a0 \u00a0 \u00a0 \u00a0 \u00a0 \u00a0 \u00a0 \u00a0 \u00a0 \u00a0 \u00a0 \u00a0 \u00a0 \u00a0 \u00a0 \u00a0 \u00a0 \u00a0 \u00a0 \u00a0 \u00a0 \u00a0 Rosengart B\u00e9la<\/p>\n<p><a href=\"https:\/\/semmelweis.hu\/gfi\/files\/2025\/11\/Selejtezesi-kerelmek-befogadasi-hatarideje.pdf\">Selejtez\u00e9si k\u00e9relmek befogad\u00e1si hat\u00e1rideje<\/a><\/p>\n<p>&nbsp;<\/p>\n","protected":false},"excerpt":{"rendered":"<p>T\u00e1j\u00e9koztat\u00e1s &#8211; az Egyetem valamennyi szervezeti egys\u00e9g vezet\u0151j\u00e9nek \u00e9s gazdas\u00e1gi koordin\u00e1tornak T\u00e1j\u00e9koztatom, hogy az \u00e9v v\u00e9gi z\u00e1r\u00e1st el\u0151k\u00e9sz\u00edt\u0151 feladatokkal \u00f6sszef\u00fcgg\u00e9sben a selejtez\u00e9si k\u00e9relmek befogad\u00e1si hat\u00e1rideje:\u00a0 2025. november 28.\u00a0 A Vagyongazd\u00e1lkod\u00e1si Igazgat\u00f3s\u00e1gra a fenti d\u00e1tumig be\u00e9rkezett selejtez\u00e9si k\u00e9relmeket tudjuk ebben az \u00e9vben lebonyol\u00edtani. Meg\u00e9rt\u00e9s\u00fcket \u00e9s t\u00fcrelm\u00fcket k\u00f6sz\u00f6nj\u00fck. Budapest, 2025. november 19. \u00a0 \u00a0 \u00a0 \u00a0 \u00a0 &hellip;<\/p>\n","protected":false},"author":102559,"featured_media":0,"comment_status":"closed","ping_status":"closed","sticky":false,"template":"","format":"standard","meta":{"_acf_changed":false,"footnotes":""},"categories":[7],"tags":[],"class_list":["post-95080","post","type-post","status-publish","format-standard","hentry","category-hirek"],"acf":[],"_links":{"self":[{"href":"https:\/\/semmelweis.hu\/gfi\/wp-json\/wp\/v2\/posts\/95080","targetHints":{"allow":["GET"]}}],"collection":[{"href":"https:\/\/semmelweis.hu\/gfi\/wp-json\/wp\/v2\/posts"}],"about":[{"href":"https:\/\/semmelweis.hu\/gfi\/wp-json\/wp\/v2\/types\/post"}],"author":[{"embeddable":true,"href":"https:\/\/semmelweis.hu\/gfi\/wp-json\/wp\/v2\/users\/102559"}],"replies":[{"embeddable":true,"href":"https:\/\/semmelweis.hu\/gfi\/wp-json\/wp\/v2\/comments?post=95080"}],"version-history":[{"count":2,"href":"https:\/\/semmelweis.hu\/gfi\/wp-json\/wp\/v2\/posts\/95080\/revisions"}],"predecessor-version":[{"id":95082,"href":"https:\/\/semmelweis.hu\/gfi\/wp-json\/wp\/v2\/posts\/95080\/revisions\/95082"}],"wp:attachment":[{"href":"https:\/\/semmelweis.hu\/gfi\/wp-json\/wp\/v2\/media?parent=95080"}],"wp:term":[{"taxonomy":"category","embeddable":true,"href":"https:\/\/semmelweis.hu\/gfi\/wp-json\/wp\/v2\/categories?post=95080"},{"taxonomy":"post_tag","embeddable":true,"href":"https:\/\/semmelweis.hu\/gfi\/wp-json\/wp\/v2\/tags?post=95080"}],"curies":[{"name":"wp","href":"https:\/\/api.w.org\/{rel}","templated":true}]}}