{"id":95067,"date":"2025-11-14T12:22:05","date_gmt":"2025-11-14T11:22:05","guid":{"rendered":"https:\/\/semmelweis.hu\/gfi\/?p=95067"},"modified":"2025-11-14T12:22:05","modified_gmt":"2025-11-14T11:22:05","slug":"tajekoztato-rrf-eszkozok-gsi-reszere-2025-2","status":"publish","type":"post","link":"https:\/\/semmelweis.hu\/gfi\/2025\/11\/14\/tajekoztato-rrf-eszkozok-gsi-reszere-2025-2\/","title":{"rendered":"T\u00e1j\u00e9koztat\u00f3 &#8211; RRF-Eszk\u00f6z\u00f6k GSI r\u00e9sz\u00e9re 2025."},"content":{"rendered":"<p style=\"text-align: center\"><strong>T \u00c1 J \u00c9 K O Z T A T \u00d3<\/strong><\/p>\n<p style=\"text-align: center\"><strong>klinik\u00e1k, int\u00e9zetek, szervezeti egys\u00e9gek gazdas\u00e1gi vezet\u0151i r\u00e9sz\u00e9re<\/strong><\/p>\n<p><strong>\u00a0<\/strong><\/p>\n<p><strong>Tisztelt Gazdas\u00e1gi Vezet\u0151 Asszony\/\u00dar!<\/strong><\/p>\n<p>T\u00e1j\u00e9koztatjuk \u00d6n\u00f6ket arr\u00f3l, hogy a Semmelweis Egyetem \u00e9s az I.T.A Life Science Kft. sz\u00e1ll\u00edt\u00f3 k\u00f6z\u00f6tt 2025.11.14-\u00e9n, k\u00f6zbeszerz\u00e9si elj\u00e1r\u00e1s eredm\u00e9nyek\u00e9ppen megk\u00f6t\u00f6tt <strong><em>\u201eRRF-Eszk\u00f6z\u00f6k GSI r\u00e9sz\u00e9re 2025.\u201d<\/em> <\/strong>t\u00e1rgy\u00fa szerz\u0151d\u00e9s adatait az SAP rendszerben az al\u00e1bbiak szerint r\u00f6gz\u00edtett\u00fck.<\/p>\n<p>&nbsp;<\/p>\n<p>A szerz\u0151d\u00e9s SAP sz\u00e1ma:<strong> \u00a0\u00a0\u00a0\u00a0\u00a0\u00a0\u00a0\u00a0\u00a0\u00a04625004113<\/strong><\/p>\n<p>A beszerz\u00e9st ig\u00e9nyl\u0151 szervezet: <strong>Genetikai Int\u00e9zet<\/strong><\/p>\n<p>A szerz\u0151d\u00e9s nett\u00f3 \u00f6sszege<strong>: \u00a0\u00a0\u00a0\u00a0\u00a0\u00a0\u00a010.500.000, -Ft<\/strong><\/p>\n<p>A szerz\u0151d\u00e9s futamideje: \u00a0\u00a0\u00a0\u00a0\u00a0\u00a0\u00a0\u00a0\u00a0\u00a0\u00a0\u00a0<strong>2025.11.11-2025.12.23 <\/strong>(1,5 h\u00f3nap)<\/p>\n<p>Budapest, 2025. november<\/p>\n<p>\u00a0 \u00a0 \u00a0 \u00a0 \u00a0 \u00a0 \u00a0 \u00a0 \u00a0 \u00a0 \u00a0 \u00a0 \u00a0 \u00a0 \u00a0 \u00a0 \u00a0 \u00a0 \u00a0 \u00a0 \u00a0 \u00dcdv\u00f6zlettel:<\/p>\n<p>\u00a0 \u00a0 \u00a0 \u00a0 \u00a0 \u00a0 \u00a0 \u00a0 \u00a0 \u00a0 \u00a0 \u00a0 \u00a0 \u00a0 \u00a0 \u00a0 \u00a0 \u00a0 \u00a0 \u00a0 \u00a0 \u00a0 \u00a0 \u00a0 \u00a0 \u00a0 \u00a0 \u00a0 Beszerz\u00e9si Igazgat\u00f3s\u00e1g<\/p>\n<p><a href=\"https:\/\/semmelweis.hu\/gfi\/files\/2025\/11\/RRF-Eszkozok-GSI-reszere-2025._.doc\">RRF-Eszk\u00f6z\u00f6k GSI r\u00e9sz\u00e9re 2025._<\/a><\/p>\n","protected":false},"excerpt":{"rendered":"<p>T \u00c1 J \u00c9 K O Z T A T \u00d3 klinik\u00e1k, int\u00e9zetek, szervezeti egys\u00e9gek gazdas\u00e1gi vezet\u0151i r\u00e9sz\u00e9re \u00a0 Tisztelt Gazdas\u00e1gi Vezet\u0151 Asszony\/\u00dar! T\u00e1j\u00e9koztatjuk \u00d6n\u00f6ket arr\u00f3l, hogy a Semmelweis Egyetem \u00e9s az I.T.A Life Science Kft. sz\u00e1ll\u00edt\u00f3 k\u00f6z\u00f6tt 2025.11.14-\u00e9n, k\u00f6zbeszerz\u00e9si elj\u00e1r\u00e1s eredm\u00e9nyek\u00e9ppen megk\u00f6t\u00f6tt \u201eRRF-Eszk\u00f6z\u00f6k GSI r\u00e9sz\u00e9re 2025.\u201d t\u00e1rgy\u00fa szerz\u0151d\u00e9s adatait az SAP rendszerben az al\u00e1bbiak &hellip;<\/p>\n","protected":false},"author":102559,"featured_media":0,"comment_status":"closed","ping_status":"closed","sticky":false,"template":"","format":"standard","meta":{"_acf_changed":false,"footnotes":""},"categories":[7],"tags":[],"class_list":["post-95067","post","type-post","status-publish","format-standard","hentry","category-hirek"],"acf":[],"_links":{"self":[{"href":"https:\/\/semmelweis.hu\/gfi\/wp-json\/wp\/v2\/posts\/95067","targetHints":{"allow":["GET"]}}],"collection":[{"href":"https:\/\/semmelweis.hu\/gfi\/wp-json\/wp\/v2\/posts"}],"about":[{"href":"https:\/\/semmelweis.hu\/gfi\/wp-json\/wp\/v2\/types\/post"}],"author":[{"embeddable":true,"href":"https:\/\/semmelweis.hu\/gfi\/wp-json\/wp\/v2\/users\/102559"}],"replies":[{"embeddable":true,"href":"https:\/\/semmelweis.hu\/gfi\/wp-json\/wp\/v2\/comments?post=95067"}],"version-history":[{"count":1,"href":"https:\/\/semmelweis.hu\/gfi\/wp-json\/wp\/v2\/posts\/95067\/revisions"}],"predecessor-version":[{"id":95068,"href":"https:\/\/semmelweis.hu\/gfi\/wp-json\/wp\/v2\/posts\/95067\/revisions\/95068"}],"wp:attachment":[{"href":"https:\/\/semmelweis.hu\/gfi\/wp-json\/wp\/v2\/media?parent=95067"}],"wp:term":[{"taxonomy":"category","embeddable":true,"href":"https:\/\/semmelweis.hu\/gfi\/wp-json\/wp\/v2\/categories?post=95067"},{"taxonomy":"post_tag","embeddable":true,"href":"https:\/\/semmelweis.hu\/gfi\/wp-json\/wp\/v2\/tags?post=95067"}],"curies":[{"name":"wp","href":"https:\/\/api.w.org\/{rel}","templated":true}]}}