{"id":95056,"date":"2025-11-13T14:28:32","date_gmt":"2025-11-13T13:28:32","guid":{"rendered":"https:\/\/semmelweis.hu\/gfi\/?p=95056"},"modified":"2025-11-13T14:28:32","modified_gmt":"2025-11-13T13:28:32","slug":"tajekoztato-kulfoldi-szakirodalmi-folyoiratok-beszerzese","status":"publish","type":"post","link":"https:\/\/semmelweis.hu\/gfi\/2025\/11\/13\/tajekoztato-kulfoldi-szakirodalmi-folyoiratok-beszerzese\/","title":{"rendered":"T\u00e1j\u00e9koztat\u00f3 &#8211; K\u00fclf\u00f6ldi szakirodalmi foly\u00f3iratok beszerz\u00e9se"},"content":{"rendered":"<p style=\"text-align: center\"><strong>T \u00c1 J \u00c9 K O Z T A T \u00d3<\/strong><\/p>\n<p style=\"text-align: center\"><strong>klinik\u00e1k, int\u00e9zetek, szervezeti egys\u00e9gek gazdas\u00e1gi vezet\u0151i r\u00e9sz\u00e9re<\/strong><\/p>\n<p><em>Tisztelt Gazdas\u00e1gi Vezet\u0151 Asszony\/\u00dar!<\/em><\/p>\n<p>T\u00e1j\u00e9koztatjuk \u00d6n\u00f6ket arr\u00f3l, hogy a Semmelweis Egyetem \u00e9s az EBSCO GmBH k\u00f6z\u00f6tt 2025.11.12-\u00e9n, k\u00f6zbeszerz\u00e9si elj\u00e1r\u00e1s eredm\u00e9nyek\u00e9ppen megk\u00f6t\u00f6tt <strong><em>\u201eK\u00fclf\u00f6ldi szakirodalmi foly\u00f3iratok beszerz\u00e9se\u201d<\/em> <\/strong>t\u00e1rgy\u00fa szerz\u0151d\u00e9s adatait az SAP rendszerben az al\u00e1bbiak szerint r\u00f6gz\u00edtett\u00fck.<\/p>\n<p>A szerz\u0151d\u00e9s SAP sz\u00e1ma:<strong> \u00a0\u00a0\u00a0\u00a0\u00a0\u00a0\u00a0\u00a0\u00a0\u00a0\u00a04625004095 <\/strong><\/p>\n<p>A beszerz\u00e9st ig\u00e9nyl\u0151 szervezet: <strong>K\u00f6zponti K\u00f6nyvt\u00e1r<\/strong><\/p>\n<p>A szerz\u0151d\u00e9s nett\u00f3 \u00f6sszege: \u00a0\u00a0\u00a0\u00a0\u00a0\u00a0\u00a0\u00a0<strong>2.814.941 Ft<\/strong><\/p>\n<p>A szerz\u0151d\u00e9s futamideje: \u00a0\u00a0\u00a0\u00a0\u00a0\u00a0\u00a0\u00a0\u00a0\u00a0\u00a0\u00a0<strong>2026.01.01-2026.12.31 <\/strong>(12 h\u00f3nap)<\/p>\n<p>&nbsp;<\/p>\n<p>A szerz\u0151d\u00e9s SAP sz\u00e1ma:<strong>\u00a0\u00a0\u00a0\u00a0\u00a0\u00a0\u00a0\u00a0\u00a0\u00a0\u00a0 4625004097 <\/strong><\/p>\n<p>A beszerz\u00e9st ig\u00e9nyl\u0151 szervezet: <strong>K\u00f6zponti K\u00f6nyvt\u00e1r<\/strong><\/p>\n<p>A szerz\u0151d\u00e9s nett\u00f3 \u00f6sszege: \u00a0\u00a0\u00a0\u00a0\u00a0\u00a0\u00a0\u00a0<strong>48.730 Ft<\/strong><\/p>\n<p>A szerz\u0151d\u00e9s futamideje: \u00a0\u00a0\u00a0\u00a0\u00a0\u00a0\u00a0\u00a0\u00a0\u00a0\u00a0\u00a0<strong>2026.01.01-2026.12.31 <\/strong>(12 h\u00f3nap)<\/p>\n<p>&nbsp;<\/p>\n<p>A szerz\u0151d\u00e9s SAP sz\u00e1ma:<strong>\u00a0\u00a0\u00a0\u00a0\u00a0\u00a0\u00a0\u00a0\u00a0\u00a0\u00a0 4625004098 <\/strong><\/p>\n<p>A beszerz\u00e9st ig\u00e9nyl\u0151 szervezet: <strong>K\u00f6zponti K\u00f6nyvt\u00e1r<\/strong><\/p>\n<p>A szerz\u0151d\u00e9s nett\u00f3 \u00f6sszege: \u00a0\u00a0\u00a0\u00a0\u00a0\u00a0\u00a0\u00a0<strong>74.940.537 Ft<\/strong><\/p>\n<p>A szerz\u0151d\u00e9s futamideje: \u00a0\u00a0\u00a0\u00a0\u00a0\u00a0\u00a0\u00a0\u00a0\u00a0\u00a0\u00a0<strong>2026.01.01-2026.12.31 <\/strong>(12 h\u00f3nap)<\/p>\n<p>Budapest, 2025. november<\/p>\n<p>\u00a0 \u00a0 \u00a0 \u00a0 \u00a0 \u00a0 \u00a0 \u00a0 \u00a0 \u00a0 \u00a0 \u00a0 \u00a0 \u00a0 \u00a0 \u00a0 \u00a0 \u00a0 \u00a0 \u00a0 \u00a0 \u00a0 \u00a0 \u00a0 \u00a0 \u00a0 \u00a0 \u00a0 \u00a0 \u00a0 \u00a0 \u00a0 \u00a0 \u00a0 \u00a0 \u00a0 \u00a0 \u00a0 \u00a0 \u00a0 \u00a0 \u00a0 \u00a0 \u00a0 \u00a0 \u00a0 \u00dcdv\u00f6zlettel:<\/p>\n<p>\u00a0 \u00a0 \u00a0 \u00a0 \u00a0 \u00a0 \u00a0 \u00a0 \u00a0 \u00a0 \u00a0 \u00a0 \u00a0 \u00a0 \u00a0 \u00a0 \u00a0 \u00a0 \u00a0 \u00a0 \u00a0 \u00a0 \u00a0 \u00a0 \u00a0 \u00a0 \u00a0 \u00a0 \u00a0 \u00a0 \u00a0 \u00a0 \u00a0 \u00a0 \u00a0 \u00a0 \u00a0 \u00a0 \u00a0 \u00a0 \u00a0 \u00a0 \u00a0 \u00a0 \u00a0 \u00a0 \u00a0 \u00a0 \u00a0 \u00a0Beszerz\u00e9si Igazgat\u00f3s\u00e1g<\/p>\n<p><a href=\"https:\/\/semmelweis.hu\/gfi\/files\/2025\/11\/Kulfoldi-szakirodalmi-folyoiratok-beszerzese_.doc\">K\u00fclf\u00f6ldi szakirodalmi foly\u00f3iratok beszerz\u00e9se_<\/a><\/p>\n<p>&nbsp;<\/p>\n","protected":false},"excerpt":{"rendered":"<p>T \u00c1 J \u00c9 K O Z T A T \u00d3 klinik\u00e1k, int\u00e9zetek, szervezeti egys\u00e9gek gazdas\u00e1gi vezet\u0151i r\u00e9sz\u00e9re Tisztelt Gazdas\u00e1gi Vezet\u0151 Asszony\/\u00dar! T\u00e1j\u00e9koztatjuk \u00d6n\u00f6ket arr\u00f3l, hogy a Semmelweis Egyetem \u00e9s az EBSCO GmBH k\u00f6z\u00f6tt 2025.11.12-\u00e9n, k\u00f6zbeszerz\u00e9si elj\u00e1r\u00e1s eredm\u00e9nyek\u00e9ppen megk\u00f6t\u00f6tt \u201eK\u00fclf\u00f6ldi szakirodalmi foly\u00f3iratok beszerz\u00e9se\u201d t\u00e1rgy\u00fa szerz\u0151d\u00e9s adatait az SAP rendszerben az al\u00e1bbiak szerint r\u00f6gz\u00edtett\u00fck. A szerz\u0151d\u00e9s &hellip;<\/p>\n","protected":false},"author":102559,"featured_media":0,"comment_status":"closed","ping_status":"closed","sticky":false,"template":"","format":"standard","meta":{"_acf_changed":false,"footnotes":""},"categories":[7],"tags":[],"class_list":["post-95056","post","type-post","status-publish","format-standard","hentry","category-hirek"],"acf":[],"_links":{"self":[{"href":"https:\/\/semmelweis.hu\/gfi\/wp-json\/wp\/v2\/posts\/95056","targetHints":{"allow":["GET"]}}],"collection":[{"href":"https:\/\/semmelweis.hu\/gfi\/wp-json\/wp\/v2\/posts"}],"about":[{"href":"https:\/\/semmelweis.hu\/gfi\/wp-json\/wp\/v2\/types\/post"}],"author":[{"embeddable":true,"href":"https:\/\/semmelweis.hu\/gfi\/wp-json\/wp\/v2\/users\/102559"}],"replies":[{"embeddable":true,"href":"https:\/\/semmelweis.hu\/gfi\/wp-json\/wp\/v2\/comments?post=95056"}],"version-history":[{"count":2,"href":"https:\/\/semmelweis.hu\/gfi\/wp-json\/wp\/v2\/posts\/95056\/revisions"}],"predecessor-version":[{"id":95061,"href":"https:\/\/semmelweis.hu\/gfi\/wp-json\/wp\/v2\/posts\/95056\/revisions\/95061"}],"wp:attachment":[{"href":"https:\/\/semmelweis.hu\/gfi\/wp-json\/wp\/v2\/media?parent=95056"}],"wp:term":[{"taxonomy":"category","embeddable":true,"href":"https:\/\/semmelweis.hu\/gfi\/wp-json\/wp\/v2\/categories?post=95056"},{"taxonomy":"post_tag","embeddable":true,"href":"https:\/\/semmelweis.hu\/gfi\/wp-json\/wp\/v2\/tags?post=95056"}],"curies":[{"name":"wp","href":"https:\/\/api.w.org\/{rel}","templated":true}]}}