{"id":95040,"date":"2025-11-07T09:30:47","date_gmt":"2025-11-07T08:30:47","guid":{"rendered":"https:\/\/semmelweis.hu\/gfi\/?p=95040"},"modified":"2025-11-07T09:30:47","modified_gmt":"2025-11-07T08:30:47","slug":"tajekoztatas-aramszunet-a-kozponti-raktar-teruleten","status":"publish","type":"post","link":"https:\/\/semmelweis.hu\/gfi\/2025\/11\/07\/tajekoztatas-aramszunet-a-kozponti-raktar-teruleten\/","title":{"rendered":"T\u00e1j\u00e9koztat\u00e1s &#8211; \u00e1ramsz\u00fcnet a K\u00f6zponti Rakt\u00e1r ter\u00fclet\u00e9n"},"content":{"rendered":"<p style=\"text-align: center\"><strong>T\u00c1J\u00c9KOZTAT\u00c1S<\/strong><\/p>\n<p style=\"text-align: center\"><strong>\u00a0 az Egyetem valamennyi szervezeti egys\u00e9ge sz\u00e1m\u00e1ra<\/strong><\/p>\n<p>T\u00e1j\u00e9koztatom az Egyetem szervezeti egys\u00e9geit, hogy a K\u00f6zponti Rakt\u00e1r ter\u00fclet\u00e9n <br \/>\n(1103 Budapest Gy\u00f6mr\u0151i \u00fat 105.) a transzform\u00e1tor \u00e1llom\u00e1s karbantart\u00e1sa miatt \u00e1ramsz\u00fcnet lesz.<\/p>\n<p style=\"text-align: center\"><strong>\u00c1ramsz\u00fcnet ideje: 2025.11.13. 11:00 &#8211; 15:00<\/strong><\/p>\n<p>Ezen id\u0151szak alatt a rakt\u00e1r m\u0171k\u00f6d\u00e9se sz\u00fcnetel!<\/p>\n<p>Budapest, 2025. 11. 07.<\/p>\n<p>\u00a0 \u00a0 \u00a0 \u00a0 \u00a0 \u00a0 \u00a0 \u00a0 \u00a0 \u00a0 \u00a0 \u00a0 \u00a0 \u00a0 \u00a0 \u00a0 \u00a0 \u00a0 \u00a0 \u00a0 \u00a0 \u00a0 \u00a0 \u00a0 \u00a0 \u00a0 \u00a0 \u00a0 \u00a0 \u00a0 \u00a0 \u00a0 \u00a0 \u00a0 \u00a0 Tisztelettel:<\/p>\n<p>\u00a0 \u00a0 \u00a0 \u00a0 \u00a0 \u00a0 \u00a0 \u00a0 \u00a0 \u00a0 \u00a0 \u00a0 \u00a0 \u00a0 \u00a0 \u00a0 \u00a0 \u00a0 \u00a0 \u00a0 \u00a0 \u00a0 \u00a0 \u00a0 \u00a0 \u00a0 \u00a0 \u00a0 \u00a0 \u00a0 \u00a0 \u00a0 \u00a0 \u00a0 \u00a0 \u00a0 \u00a0 \u00a0 \u00a0 \u00a0 \u00a0 \u00a0 \u00a0 \u00a0 \u00a0 \u00a0 \u00a0 \u00a0 \u00a0 \u00a0 \u00a0 \u00a0 Rosengart B\u00e9la<br \/>\n\u00a0 \u00a0 \u00a0 \u00a0 \u00a0 \u00a0 \u00a0 \u00a0 \u00a0 \u00a0 \u00a0 \u00a0 \u00a0 \u00a0 \u00a0 \u00a0 \u00a0 \u00a0 \u00a0 \u00a0 \u00a0 \u00a0 \u00a0 \u00a0 \u00a0 \u00a0 \u00a0 \u00a0 \u00a0 \u00a0 \u00a0 \u00a0 \u00a0 \u00a0 \u00a0 \u00a0 \u00a0 \u00a0 \u00a0 \u00a0 \u00a0 \u00a0 \u00a0 \u00a0 \u00a0 \u00a0 \u00a0 \u00a0 \u00a0 \u00a0 \u00a0 \u00a0 \u00a0 \u00a0 \u00a0 igazgat\u00f3<\/p>\n<p><a href=\"https:\/\/semmelweis.hu\/gfi\/files\/2025\/11\/136963-GFIVGI_2025-Tajekoztato-aramszunetrol.pdf\">136963-GFIVGI_2025 T\u00e1j\u00e9koztat\u00f3 \u00e1ramsz\u00fcnetr\u0151l<\/a><\/p>\n","protected":false},"excerpt":{"rendered":"<p>T\u00c1J\u00c9KOZTAT\u00c1S \u00a0 az Egyetem valamennyi szervezeti egys\u00e9ge sz\u00e1m\u00e1ra T\u00e1j\u00e9koztatom az Egyetem szervezeti egys\u00e9geit, hogy a K\u00f6zponti Rakt\u00e1r ter\u00fclet\u00e9n (1103 Budapest Gy\u00f6mr\u0151i \u00fat 105.) a transzform\u00e1tor \u00e1llom\u00e1s karbantart\u00e1sa miatt \u00e1ramsz\u00fcnet lesz. \u00c1ramsz\u00fcnet ideje: 2025.11.13. 11:00 &#8211; 15:00 Ezen id\u0151szak alatt a rakt\u00e1r m\u0171k\u00f6d\u00e9se sz\u00fcnetel! Budapest, 2025. 11. 07. \u00a0 \u00a0 \u00a0 \u00a0 \u00a0 \u00a0 \u00a0 \u00a0 &hellip;<\/p>\n","protected":false},"author":102559,"featured_media":0,"comment_status":"closed","ping_status":"closed","sticky":false,"template":"","format":"standard","meta":{"_acf_changed":false,"footnotes":""},"categories":[7],"tags":[],"class_list":["post-95040","post","type-post","status-publish","format-standard","hentry","category-hirek"],"acf":[],"_links":{"self":[{"href":"https:\/\/semmelweis.hu\/gfi\/wp-json\/wp\/v2\/posts\/95040","targetHints":{"allow":["GET"]}}],"collection":[{"href":"https:\/\/semmelweis.hu\/gfi\/wp-json\/wp\/v2\/posts"}],"about":[{"href":"https:\/\/semmelweis.hu\/gfi\/wp-json\/wp\/v2\/types\/post"}],"author":[{"embeddable":true,"href":"https:\/\/semmelweis.hu\/gfi\/wp-json\/wp\/v2\/users\/102559"}],"replies":[{"embeddable":true,"href":"https:\/\/semmelweis.hu\/gfi\/wp-json\/wp\/v2\/comments?post=95040"}],"version-history":[{"count":4,"href":"https:\/\/semmelweis.hu\/gfi\/wp-json\/wp\/v2\/posts\/95040\/revisions"}],"predecessor-version":[{"id":95044,"href":"https:\/\/semmelweis.hu\/gfi\/wp-json\/wp\/v2\/posts\/95040\/revisions\/95044"}],"wp:attachment":[{"href":"https:\/\/semmelweis.hu\/gfi\/wp-json\/wp\/v2\/media?parent=95040"}],"wp:term":[{"taxonomy":"category","embeddable":true,"href":"https:\/\/semmelweis.hu\/gfi\/wp-json\/wp\/v2\/categories?post=95040"},{"taxonomy":"post_tag","embeddable":true,"href":"https:\/\/semmelweis.hu\/gfi\/wp-json\/wp\/v2\/tags?post=95040"}],"curies":[{"name":"wp","href":"https:\/\/api.w.org\/{rel}","templated":true}]}}