{"id":95018,"date":"2025-11-05T13:44:00","date_gmt":"2025-11-05T12:44:00","guid":{"rendered":"https:\/\/semmelweis.hu\/gfi\/?p=95018"},"modified":"2025-11-07T08:47:42","modified_gmt":"2025-11-07T07:47:42","slug":"tajekoztatas-rrf-eszkozok-gsi-reszere-2025","status":"publish","type":"post","link":"https:\/\/semmelweis.hu\/gfi\/2025\/11\/05\/tajekoztatas-rrf-eszkozok-gsi-reszere-2025\/","title":{"rendered":"T\u00e1j\u00e9koztat\u00f3 &#8211; RRF-Eszk\u00f6z\u00f6k GSI r\u00e9sz\u00e9re 2025."},"content":{"rendered":"<p style=\"text-align: center\"><strong>T \u00c1 J \u00c9 K O Z T A T \u00d3<\/strong><\/p>\n<p style=\"text-align: center\"><strong>klinik\u00e1k, int\u00e9zetek, szervezeti egys\u00e9gek gazdas\u00e1gi vezet\u0151i r\u00e9sz\u00e9re<\/strong><\/p>\n<p><strong>\u00a0<\/strong><\/p>\n<p><strong>Tisztelt Gazdas\u00e1gi Vezet\u0151 Asszony\/\u00dar!<\/strong><\/p>\n<p>T\u00e1j\u00e9koztatjuk \u00d6n\u00f6ket arr\u00f3l, hogy a Semmelweis Egyetem \u00e9s h\u00e1rom sz\u00e1ll\u00edt\u00f3 k\u00f6z\u00f6tt 2025.10.27-\u00e9n, k\u00f6zbeszerz\u00e9si elj\u00e1r\u00e1s eredm\u00e9nyek\u00e9ppen megk\u00f6t\u00f6tt <strong><em>\u201eRRF-Eszk\u00f6z\u00f6k GSI r\u00e9sz\u00e9re 2025.\u201d<\/em> <\/strong>t\u00e1rgy\u00fa szerz\u0151d\u00e9s adatait az SAP rendszerben az al\u00e1bbiak szerint r\u00f6gz\u00edtett\u00fck.<\/p>\n<p>&nbsp;<\/p>\n<p>A szerz\u0151d\u00e9s SAP sz\u00e1ma:<strong> \u00a0\u00a0\u00a0\u00a0\u00a0\u00a0\u00a0\u00a0\u00a0\u00a04625004003 (Amplicon Kft.)<\/strong><\/p>\n<p>A beszerz\u00e9st ig\u00e9nyl\u0151 szervezet: <strong>Genetikai Int\u00e9zet<\/strong><\/p>\n<p>A szerz\u0151d\u00e9s nett\u00f3 \u00f6sszege<strong>: \u00a0\u00a0\u00a0\u00a0\u00a0\u00a0\u00a0568.000, -Ft<\/strong><\/p>\n<p>A szerz\u0151d\u00e9s futamideje: \u00a0\u00a0\u00a0\u00a0\u00a0\u00a0\u00a0\u00a0\u00a0\u00a0\u00a0\u00a0<strong>2025.10.27-2025.12.08 <\/strong>(1,5 h\u00f3nap)<\/p>\n<p>&nbsp;<\/p>\n<p>A szerz\u0151d\u00e9s SAP sz\u00e1ma:<strong>\u00a0\u00a0\u00a0\u00a0\u00a0\u00a0\u00a0\u00a0\u00a0\u00a0 4625004005 (Biocenter Kft.)<\/strong><\/p>\n<p>A beszerz\u00e9st ig\u00e9nyl\u0151 szervezet: <strong>Genetikai Int\u00e9zet<\/strong><\/p>\n<p>A szerz\u0151d\u00e9s nett\u00f3 \u00f6sszege<strong>:\u00a0\u00a0\u00a0\u00a0\u00a0\u00a0\u00a0 2.019.395, -Ft<\/strong><\/p>\n<p>A szerz\u0151d\u00e9s futamideje:\u00a0\u00a0\u00a0\u00a0\u00a0\u00a0\u00a0\u00a0\u00a0\u00a0\u00a0\u00a0 <strong>2025.10.27-2025.12.08 <\/strong>(1,5 h\u00f3nap)<\/p>\n<p>&nbsp;<\/p>\n<p>A szerz\u0151d\u00e9s SAP sz\u00e1ma:<strong>\u00a0\u00a0\u00a0\u00a0\u00a0\u00a0\u00a0\u00a0\u00a0\u00a0 4625004006 (Biotech Kft.)<\/strong><\/p>\n<p>A beszerz\u00e9st ig\u00e9nyl\u0151 szervezet: <strong>Genetikai Int\u00e9zet<\/strong><\/p>\n<p>A szerz\u0151d\u00e9s nett\u00f3 \u00f6sszege<strong>:\u00a0\u00a0\u00a0\u00a0\u00a0\u00a0\u00a0 4.025.520, -Ft<\/strong><\/p>\n<p>A szerz\u0151d\u00e9s futamideje:\u00a0\u00a0\u00a0\u00a0\u00a0\u00a0\u00a0\u00a0\u00a0\u00a0\u00a0\u00a0 <strong>2025.10.27-2025.12.08 <\/strong>(1,5 h\u00f3nap)<\/p>\n<p><strong>Budapest, 2025. november<\/strong><\/p>\n<p>\u00a0 \u00a0 \u00a0 \u00a0 \u00a0 \u00a0 \u00a0 \u00a0 \u00a0 \u00a0 \u00a0 \u00a0 \u00a0 \u00a0 \u00a0 \u00a0 \u00a0 \u00a0 \u00a0 \u00a0 \u00a0 \u00a0 \u00a0 \u00a0 \u00a0 \u00a0 \u00a0 \u00a0 \u00a0 \u00a0 \u00a0 \u00a0\u00dcdv\u00f6zlettel:<\/p>\n<p>\u00a0 \u00a0 \u00a0 \u00a0 \u00a0 \u00a0 \u00a0 \u00a0 \u00a0 \u00a0 \u00a0 \u00a0 \u00a0 \u00a0 \u00a0 \u00a0 \u00a0 \u00a0 \u00a0 \u00a0 \u00a0 \u00a0 \u00a0 \u00a0 \u00a0 \u00a0 \u00a0 \u00a0 \u00a0 \u00a0 \u00a0 \u00a0 \u00a0 \u00a0 \u00a0 \u00a0 Beszerz\u00e9si Igazgat\u00f3s\u00e1g<\/p>\n<p><a href=\"https:\/\/semmelweis.hu\/gfi\/files\/2025\/11\/RRF-Eszkozok-GSI-reszere-2025.doc\">RRF-Eszk\u00f6z\u00f6k GSI r\u00e9sz\u00e9re 2025<\/a><\/p>\n","protected":false},"excerpt":{"rendered":"<p>T \u00c1 J \u00c9 K O Z T A T \u00d3 klinik\u00e1k, int\u00e9zetek, szervezeti egys\u00e9gek gazdas\u00e1gi vezet\u0151i r\u00e9sz\u00e9re \u00a0 Tisztelt Gazdas\u00e1gi Vezet\u0151 Asszony\/\u00dar! T\u00e1j\u00e9koztatjuk \u00d6n\u00f6ket arr\u00f3l, hogy a Semmelweis Egyetem \u00e9s h\u00e1rom sz\u00e1ll\u00edt\u00f3 k\u00f6z\u00f6tt 2025.10.27-\u00e9n, k\u00f6zbeszerz\u00e9si elj\u00e1r\u00e1s eredm\u00e9nyek\u00e9ppen megk\u00f6t\u00f6tt \u201eRRF-Eszk\u00f6z\u00f6k GSI r\u00e9sz\u00e9re 2025.\u201d t\u00e1rgy\u00fa szerz\u0151d\u00e9s adatait az SAP rendszerben az al\u00e1bbiak szerint r\u00f6gz\u00edtett\u00fck. &nbsp; A &hellip;<\/p>\n","protected":false},"author":102559,"featured_media":0,"comment_status":"closed","ping_status":"closed","sticky":false,"template":"","format":"standard","meta":{"_acf_changed":false,"footnotes":""},"categories":[7],"tags":[],"class_list":["post-95018","post","type-post","status-publish","format-standard","hentry","category-hirek"],"acf":[],"_links":{"self":[{"href":"https:\/\/semmelweis.hu\/gfi\/wp-json\/wp\/v2\/posts\/95018","targetHints":{"allow":["GET"]}}],"collection":[{"href":"https:\/\/semmelweis.hu\/gfi\/wp-json\/wp\/v2\/posts"}],"about":[{"href":"https:\/\/semmelweis.hu\/gfi\/wp-json\/wp\/v2\/types\/post"}],"author":[{"embeddable":true,"href":"https:\/\/semmelweis.hu\/gfi\/wp-json\/wp\/v2\/users\/102559"}],"replies":[{"embeddable":true,"href":"https:\/\/semmelweis.hu\/gfi\/wp-json\/wp\/v2\/comments?post=95018"}],"version-history":[{"count":3,"href":"https:\/\/semmelweis.hu\/gfi\/wp-json\/wp\/v2\/posts\/95018\/revisions"}],"predecessor-version":[{"id":95038,"href":"https:\/\/semmelweis.hu\/gfi\/wp-json\/wp\/v2\/posts\/95018\/revisions\/95038"}],"wp:attachment":[{"href":"https:\/\/semmelweis.hu\/gfi\/wp-json\/wp\/v2\/media?parent=95018"}],"wp:term":[{"taxonomy":"category","embeddable":true,"href":"https:\/\/semmelweis.hu\/gfi\/wp-json\/wp\/v2\/categories?post=95018"},{"taxonomy":"post_tag","embeddable":true,"href":"https:\/\/semmelweis.hu\/gfi\/wp-json\/wp\/v2\/tags?post=95018"}],"curies":[{"name":"wp","href":"https:\/\/api.w.org\/{rel}","templated":true}]}}