{"id":94802,"date":"2025-08-19T08:41:32","date_gmt":"2025-08-19T06:41:32","guid":{"rendered":"https:\/\/semmelweis.hu\/gfi\/?p=94802"},"modified":"2025-09-02T15:10:16","modified_gmt":"2025-09-02T13:10:16","slug":"minimum-berleti-dijak-es-kozuzemi-koltsegekre-vonatkozo-atalanydijak-meghatarozasa-2","status":"publish","type":"post","link":"https:\/\/semmelweis.hu\/gfi\/2025\/08\/19\/minimum-berleti-dijak-es-kozuzemi-koltsegekre-vonatkozo-atalanydijak-meghatarozasa-2\/","title":{"rendered":"Minimum b\u00e9rleti d\u00edjak \u00e9s k\u00f6z\u00fczemi k\u00f6lts\u00e9gekre vonatkoz\u00f3 \u00e1tal\u00e1nyd\u00edjak meghat\u00e1roz\u00e1sa"},"content":{"rendered":"<p style=\"text-align: center\"><strong>P\u00c9NZ\u00dcGYI \u00c9S VAGYONGAZD\u00c1LKOD\u00c1SI F\u0150IGAZGAT\u00d3I T\u00c1J\u00c9KOZTAT\u00d3<\/strong><\/p>\n<p style=\"text-align: center\"><strong>az egyetemi szervezeti egys\u00e9gek vezet\u0151inek \u00e9s gazdas\u00e1gi \u00fcgyek\u00e9rt felel\u0151s vezet\u0151inek<\/strong><\/p>\n<p>&nbsp;<\/p>\n<p><strong>T\u00e1rgy: minimum b\u00e9rleti d\u00edjak \u00e9s k\u00f6z\u00fczemi k\u00f6lts\u00e9gekre vonatkoz\u00f3 \u00e1tal\u00e1nyd\u00edjak meghat\u00e1roz\u00e1sa<\/strong><\/p>\n<p>&nbsp;<\/p>\n<p><strong>Tisztelt Vezet\u0151 Asszony\/\u00dar<\/strong><\/p>\n<p>&nbsp;<\/p>\n<p>A Semmelweis Egyetem szab\u00e1lyzata a helyis\u00e9ggazd\u00e1lkod\u00e1sr\u00f3l \u00e9s \u00e9rt\u00e9kes\u00edt\u00e9sr\u0151l 10.\u00a7 2) bek. szerinti b\u00e9rleti d\u00edj \u00e9s k\u00f6z\u00fczemi \u00e1tal\u00e1ny m\u00e9rt\u00e9k\u00e9nek meghat\u00e1roz\u00e1s\u00e1hoz az ir\u00e1nyad\u00f3 minimum \u00f6sszegeket jelen t\u00e1j\u00e9koztat\u00f3 mell\u00e9kletei tartalmazz\u00e1k.<\/p>\n<p>A b\u00e9rbead\u00e1sok sor\u00e1n fizetend\u0151 d\u00edjak meghat\u00e1roz\u00e1sakor figyelemmel sz\u00fcks\u00e9ges lenni az al\u00e1bbiakra:<\/p>\n<ol>\n<li>A b\u00e9rleti d\u00edjat a piaci \u00e1r \u00e9s a helyi adotts\u00e1gok alapj\u00e1n sz\u00fcks\u00e9ges meghat\u00e1rozni, melyet a b\u00e9rbe adand\u00f3 helyis\u00e9gre\/ingatlanr\u00e9szre vonatkoz\u00f3 \u00f6nk\u00f6lts\u00e9ggel minden esetben \u00f6ssze kell vetni.<\/li>\n<li>Az 1.-3. sz\u00e1m\u00fa mell\u00e9kletben szerepl\u0151 funkci\u00f3k eset\u00e9ben a tipiz\u00e1lt \u00e9s egyedi minimum b\u00e9rleti d\u00edjakat, valamint a k\u00f6z\u00fczemi \u00e1tal\u00e1ny \u00f6sszeg\u00e9t minden egyetemi ter\u00fclet b\u00e9rbead\u00e1sakor ir\u00e1nyad\u00f3nak kell tekinteni.<\/li>\n<li>A b\u00e9rleti d\u00edjnak f\u0151szab\u00e1lyk\u00e9nt el kell \u00e9rnie a minimum b\u00e9rletid\u00edjat \u00e9s meg kell haladnia a b\u00e9rlem\u00e9ny \u00f6nk\u00f6lts\u00e9g\u00e9t. Ett\u0151l elt\u00e9rni csak hat\u00e1lyos szab\u00e1lyoz\u00f3 dokumentumban r\u00f6gz\u00edtett kedvezm\u00e9ny alkalmaz\u00e1s\u00e1val, vagy k\u00fcl\u00f6n\u00f6sen indokolt esetben a tart\u00f3s b\u00e9rbead\u00e1s el\u0151zetes enged\u00e9lyez\u00e9se keret\u00e9ben lehets\u00e9ges.<\/li>\n<li>A mell\u00e9kletekben nem szerepl\u0151 funkci\u00f3k, b\u00e9rlem\u00e9nyek eset\u00e9ben a d\u00edjak meg\u00e1llap\u00edt\u00e1sa egyedileg t\u00f6rt\u00e9nik, ahol az \u00f6nk\u00f6lts\u00e9get, mint minimum \u00f6sszeget sz\u00fcks\u00e9ges figyelembe venni.<\/li>\n<li>Az 1 \u00f3r\u00e1ra megadott minimum d\u00edjak eset\u00e9ben, amennyiben t\u00f6bb \u00f3r\u00e1s b\u00e9rbead\u00e1s t\u00f6rt\u00e9nik, mennyis\u00e9gi kedvezm\u00e9ny alkalmazhat\u00f3, mely m\u00e9rt\u00e9ke 1 napra vet\u00edtve a 40%-ot nem haladhatja meg.<\/li>\n<li>Versenyeztet\u00e9s (p\u00e1ly\u00e1ztat\u00e1s) eset\u00e9ben a minimum b\u00e9rletid\u00edjak alkalmaz\u00e1sa nem relev\u00e1ns.<\/li>\n<li>A k\u00f6z\u00fczemi k\u00f6lts\u00e9gek eset\u00e9ben, amennyiben nincs egyedi m\u00e9r\u00e9sre lehet\u0151s\u00e9g, a 3. sz\u00e1m\u00fa mell\u00e9klet szerinti \u00e1tal\u00e1nyd\u00edj meg\u00e1llap\u00edt\u00e1st kell alkalmazni. A megadott tipiz\u00e1lt \u00e1tal\u00e1nyd\u00edjakt\u00f3l elt\u00e9r\u0151 esetekben a k\u00f6z\u00fczemi k\u00f6lts\u00e9gek \u00e1tal\u00e1ny d\u00edj meghat\u00e1roz\u00e1s\u00e1hoz a L\u00e9tes\u00edtm\u00e9nyfejleszt\u00e9si \u00e9s \u00dczemeltet\u00e9si Igazgat\u00f3s\u00e1g bevon\u00e1sa sz\u00fcks\u00e9ges.<br \/>\nA 3. sz. mell\u00e9klet rendszeres friss\u00edt\u00e9s\u00e9r\u0151l az LF\u00dcI a PVGFI \u00fatj\u00e1n gondoskodik.<\/li>\n<\/ol>\n<p>A Testnevel\u00e9si \u00e9s Sportk\u00f6zpont, Sporttelep sport c\u00e9l\u00fa eseti hasznos\u00edt\u00e1saira, valamint a Koll\u00e9giumi sz\u00e1ll\u00e1shelyek aktu\u00e1lis t\u00e9r\u00edt\u00e9si d\u00edjaira, tov\u00e1bb\u00e1 az \u00e1llatlabor \u00e9s a filmforgat\u00e1sok\u00e9rt k\u00e9rhet\u0151 b\u00e9rleti d\u00edjakra vonatkoz\u00f3an k\u00fcl\u00f6n szab\u00e1lyoz\u00f3 dokumentumok rendelkeznek.<\/p>\n<p>&nbsp;<\/p>\n<p><strong>Jelen t\u00e1j\u00e9koztat\u00f3 \u00e9s mell\u00e9kleteinek alkalmaz\u00e1sa a PVGFI honlapj\u00e1n t\u00f6rt\u00e9n\u0151 a k\u00f6zz\u00e9t\u00e9tel napj\u00e1t\u00f3l k\u00f6telez\u0151.<\/strong><\/p>\n<p>&nbsp;<\/p>\n<p>Budapest, 2025.<\/p>\n<p style=\"text-align: center\">Tisztelettel:<\/p>\n<p style=\"text-align: right\">\u00c1d\u00e1m \u00c9va<\/p>\n<p style=\"text-align: right\">f\u0151igazgat\u00f3<\/p>\n<p>&nbsp;<\/p>\n<p>mell\u00e9kletek:<\/p>\n<p><a href=\"https:\/\/semmelweis.hu\/gfi\/files\/2025\/08\/98692_GFIVGI_2025.pdf\">98692_GFIVGI_2025<\/a><\/p>\n<p>1. Tipiz\u00e1lhat\u00f3 minimum b\u00e9rleti d\u00edjak<\/p>\n<p>2. Egyedi minimum b\u00e9rleti d\u00edjak &#8211;\u00a0<a href=\"https:\/\/semmelweis.hu\/gfi\/files\/2025\/08\/Minimum-berleti-dijak_PVGFI-2025.08.xlsx\">Minimum b\u00e9rleti d\u00edjak_PVGFI-2025.08<\/a><\/p>\n<p>3. Minim\u00e1lis k\u00f6z\u00fczemi \u00e1tal\u00e1ny d\u00edjak meg\u00e1llap\u00edt\u00e1sa &#8211; <a href=\"https:\/\/semmelweis.hu\/gfi\/files\/2025\/09\/2025.-07-havi-minimalis-kozuzemi-atalany-dijak-megallapitasa-hatteradatokkal.xlsx\">2025. 07 havi minim\u00e1lis k\u00f6z\u00fczemi \u00e1tal\u00e1ny d\u00edjak meg\u00e1llap\u00edt\u00e1sa (h\u00e1tt\u00e9radatokkal)<\/a><\/p>\n<p><a href=\"https:\/\/semmelweis.hu\/gfi\/files\/2025\/09\/2025.-07-havi-minimalis-kozuzemi-atalany-dijak-megallapitasa-1-oldalas.xlsx\">2025. 07 havi minim\u00e1lis k\u00f6z\u00fczemi \u00e1tal\u00e1ny d\u00edjak meg\u00e1llap\u00edt\u00e1sa (1 oldalas)<\/a><\/p>\n","protected":false},"excerpt":{"rendered":"<p>P\u00c9NZ\u00dcGYI \u00c9S VAGYONGAZD\u00c1LKOD\u00c1SI F\u0150IGAZGAT\u00d3I T\u00c1J\u00c9KOZTAT\u00d3 az egyetemi szervezeti egys\u00e9gek vezet\u0151inek \u00e9s gazdas\u00e1gi \u00fcgyek\u00e9rt felel\u0151s vezet\u0151inek &nbsp; T\u00e1rgy: minimum b\u00e9rleti d\u00edjak \u00e9s k\u00f6z\u00fczemi k\u00f6lts\u00e9gekre vonatkoz\u00f3 \u00e1tal\u00e1nyd\u00edjak meghat\u00e1roz\u00e1sa &nbsp; Tisztelt Vezet\u0151 Asszony\/\u00dar &nbsp; A Semmelweis Egyetem szab\u00e1lyzata a helyis\u00e9ggazd\u00e1lkod\u00e1sr\u00f3l \u00e9s \u00e9rt\u00e9kes\u00edt\u00e9sr\u0151l 10.\u00a7 2) bek. szerinti b\u00e9rleti d\u00edj \u00e9s k\u00f6z\u00fczemi \u00e1tal\u00e1ny m\u00e9rt\u00e9k\u00e9nek meghat\u00e1roz\u00e1s\u00e1hoz az ir\u00e1nyad\u00f3 minimum \u00f6sszegeket jelen &hellip;<\/p>\n","protected":false},"author":102355,"featured_media":0,"comment_status":"closed","ping_status":"closed","sticky":false,"template":"","format":"standard","meta":{"_acf_changed":false,"footnotes":""},"categories":[7],"tags":[],"class_list":["post-94802","post","type-post","status-publish","format-standard","hentry","category-hirek"],"acf":[],"_links":{"self":[{"href":"https:\/\/semmelweis.hu\/gfi\/wp-json\/wp\/v2\/posts\/94802","targetHints":{"allow":["GET"]}}],"collection":[{"href":"https:\/\/semmelweis.hu\/gfi\/wp-json\/wp\/v2\/posts"}],"about":[{"href":"https:\/\/semmelweis.hu\/gfi\/wp-json\/wp\/v2\/types\/post"}],"author":[{"embeddable":true,"href":"https:\/\/semmelweis.hu\/gfi\/wp-json\/wp\/v2\/users\/102355"}],"replies":[{"embeddable":true,"href":"https:\/\/semmelweis.hu\/gfi\/wp-json\/wp\/v2\/comments?post=94802"}],"version-history":[{"count":3,"href":"https:\/\/semmelweis.hu\/gfi\/wp-json\/wp\/v2\/posts\/94802\/revisions"}],"predecessor-version":[{"id":94819,"href":"https:\/\/semmelweis.hu\/gfi\/wp-json\/wp\/v2\/posts\/94802\/revisions\/94819"}],"wp:attachment":[{"href":"https:\/\/semmelweis.hu\/gfi\/wp-json\/wp\/v2\/media?parent=94802"}],"wp:term":[{"taxonomy":"category","embeddable":true,"href":"https:\/\/semmelweis.hu\/gfi\/wp-json\/wp\/v2\/categories?post=94802"},{"taxonomy":"post_tag","embeddable":true,"href":"https:\/\/semmelweis.hu\/gfi\/wp-json\/wp\/v2\/tags?post=94802"}],"curies":[{"name":"wp","href":"https:\/\/api.w.org\/{rel}","templated":true}]}}