{"id":94797,"date":"2025-08-18T08:11:05","date_gmt":"2025-08-18T06:11:05","guid":{"rendered":"https:\/\/semmelweis.hu\/gfi\/?p=94797"},"modified":"2025-08-18T08:11:05","modified_gmt":"2025-08-18T06:11:05","slug":"tajekoztato-kozbeszerzesi-szerzodeskotes-semmelweis-egyetem-es-az-fmc-mo-kft-vatner-kft-hoszplant-kft-vicare-kft-johnsonjohnson-kft-medtronic-kft-planmed-kft-kozott","status":"publish","type":"post","link":"https:\/\/semmelweis.hu\/gfi\/2025\/08\/18\/tajekoztato-kozbeszerzesi-szerzodeskotes-semmelweis-egyetem-es-az-fmc-mo-kft-vatner-kft-hoszplant-kft-vicare-kft-johnsonjohnson-kft-medtronic-kft-planmed-kft-kozott\/","title":{"rendered":"T\u00e1j\u00e9koztat\u00f3 &#8211; K\u00f6zbeszerz\u00e9si szerz\u0151d\u00e9sk\u00f6t\u00e9s &#8211; Semmelweis Egyetem \u00e9s az FMC Mo Kft, Vatner Kft, Hoszplant Kft., Vicare Kft, Johnson&amp;Johnson Kft, Medtronic Kft, Planmed Kft. k\u00f6z\u00f6tt"},"content":{"rendered":"<p style=\"text-align: center\"><strong>T \u00c1 J \u00c9 K O Z T A T \u00d3<\/strong><\/p>\n<p style=\"text-align: center\"><strong>klinik\u00e1k, int\u00e9zetek, szervezeti egys\u00e9gek gazdas\u00e1gi vezet\u0151i r\u00e9sz\u00e9re<\/strong><\/p>\n<p style=\"text-align: center\">\u00a0<\/p>\n<p><em>Tisztelt Gazdas\u00e1gi Vezet\u0151 Asszony\/\u00dar!<\/em><\/p>\n<p>T\u00e1j\u00e9koztatjuk \u00d6n\u00f6ket arr\u00f3l, hogy a Semmelweis Egyetem \u00e9s az FMC Mo Kft, Vatner Kft, Hoszplant Kft., Vicare Kft, Johnson@Johnson Kft, Medtronic Kft, Planmed Kft. k\u00f6z\u00f6tt 2025.07.16-\u00e1n, k\u00f6zbeszerz\u00e9si elj\u00e1r\u00e1s eredm\u00e9nyek\u00e9ppen megk\u00f6t\u00f6tt <strong><em>\u201eSz\u00edveseb\u00e9szti eszk\u00f6z\u00f6k beszerz\u00e9se\u201d<\/em><\/strong> t\u00e1rgy\u00fa szerz\u0151d\u00e9sek adatait az SAP rendszerben az al\u00e1bbiak szerint r\u00f6gz\u00edtett\u00fck.<\/p>\n<p>&nbsp;<\/p>\n<p>A szerz\u0151d\u00e9s SAP sz\u00e1ma: <strong>4625002673<\/strong><\/p>\n<p>A beszerz\u00e9st ig\u00e9nyl\u0151 szervezet: <strong>V\u00e1rosmajori Sz\u00edv \u00e9s \u00c9rgy\u00f3gy\u00e1szati Klinika<\/strong><\/p>\n<p>A szerz\u0151d\u00e9s nett\u00f3 \u00f6sszege: <strong>76.000.000 HUF<\/strong><\/p>\n<p>A szerz\u0151d\u00e9s futamideje:<strong> 2025.07.16 \u2013 2026.07.16 (12 h\u00f3nap)<\/strong><\/p>\n<p>&nbsp;<\/p>\n<p>A szerz\u0151d\u00e9s SAP sz\u00e1ma: <strong>4625002675<\/strong><\/p>\n<p>A beszerz\u00e9st ig\u00e9nyl\u0151 szervezet: <strong>V\u00e1rosmajori Sz\u00edv \u00e9s \u00c9rgy\u00f3gy\u00e1szati Klinika<\/strong><\/p>\n<p>A szerz\u0151d\u00e9s nett\u00f3 \u00f6sszege: <strong>32.359.600 HUF<\/strong><\/p>\n<p>A szerz\u0151d\u00e9s futamideje: <strong>2025.07.16 \u2013 2026.07.16 (12 h\u00f3nap)<\/strong><\/p>\n<p>&nbsp;<\/p>\n<p>A szerz\u0151d\u00e9s SAP sz\u00e1ma: <strong>4625002676<\/strong><\/p>\n<p>A beszerz\u00e9st ig\u00e9nyl\u0151 szervezet: <strong>V\u00e1rosmajori Sz\u00edv \u00e9s \u00c9rgy\u00f3gy\u00e1szati Klinika<\/strong><\/p>\n<p>A szerz\u0151d\u00e9s nett\u00f3 \u00f6sszege: <strong>10.005.000 HUF<\/strong><\/p>\n<p>A szerz\u0151d\u00e9s futamideje: <strong>2025.07.16 \u2013 2026.07.16 (12 h\u00f3nap)<\/strong><\/p>\n<p>&nbsp;<\/p>\n<p>A szerz\u0151d\u00e9s SAP sz\u00e1ma: <strong>4625002677<\/strong><\/p>\n<p>A beszerz\u00e9st ig\u00e9nyl\u0151 szervezet: <strong>V\u00e1rosmajori Sz\u00edv \u00e9s \u00c9rgy\u00f3gy\u00e1szati Klinika<\/strong><\/p>\n<p>A szerz\u0151d\u00e9s nett\u00f3 \u00f6sszege:<strong> 93.150.000 HUF<\/strong><\/p>\n<p>A szerz\u0151d\u00e9s futamideje: <strong>2025.07.16 \u2013 2026.07.16 (12 h\u00f3nap)<\/strong><\/p>\n<p>&nbsp;<\/p>\n<p>A szerz\u0151d\u00e9s SAP sz\u00e1ma: <strong>4625002681<\/strong><\/p>\n<p>A beszerz\u00e9st ig\u00e9nyl\u0151 szervezet: <strong>V\u00e1rosmajori Sz\u00edv \u00e9s \u00c9rgy\u00f3gy\u00e1szati Klinika<\/strong><\/p>\n<p>A szerz\u0151d\u00e9s nett\u00f3 \u00f6sszege: <strong>25.409.468 HUF<\/strong><\/p>\n<p>A szerz\u0151d\u00e9s futamideje: <strong>2025.07.16 \u2013 2026.07.16 (12 h\u00f3nap)<\/strong><\/p>\n<p>&nbsp;<\/p>\n<p>A szerz\u0151d\u00e9s SAP sz\u00e1ma: <strong>4625002685<\/strong><\/p>\n<p>A beszerz\u00e9st ig\u00e9nyl\u0151 szervezet: <strong>V\u00e1rosmajori Sz\u00edv \u00e9s \u00c9rgy\u00f3gy\u00e1szati Klinika<\/strong><\/p>\n<p>A szerz\u0151d\u00e9s nett\u00f3 \u00f6sszege: <strong>39.600.000 HUF<\/strong><\/p>\n<p>A szerz\u0151d\u00e9s futamideje: <strong>2025.07.16 \u2013 2026.07.16 (12 h\u00f3nap)<\/strong><\/p>\n<p>&nbsp;<\/p>\n<p>A szerz\u0151d\u00e9s SAP sz\u00e1ma: <strong>4625002686<\/strong><\/p>\n<p>A beszerz\u00e9st ig\u00e9nyl\u0151 szervezet: <strong>V\u00e1rosmajori Sz\u00edv \u00e9s \u00c9rgy\u00f3gy\u00e1szati Klinika<\/strong><\/p>\n<p>A szerz\u0151d\u00e9s nett\u00f3 \u00f6sszege: <strong>57.000.000 HUF<\/strong><\/p>\n<p>A szerz\u0151d\u00e9s futamideje: <strong>2025.07.16 \u2013 2026.07.16 (12 h\u00f3nap)<\/strong><\/p>\n<p>&nbsp;<\/p>\n<p>A szerz\u0151d\u00e9s SAP sz\u00e1ma: <strong>4625002688<\/strong><\/p>\n<p>A beszerz\u00e9st ig\u00e9nyl\u0151 szervezet: <strong>V\u00e1rosmajori Sz\u00edv \u00e9s \u00c9rgy\u00f3gy\u00e1szati Klinika<\/strong><\/p>\n<p>A szerz\u0151d\u00e9s nett\u00f3 \u00f6sszege: <strong>20.002.400 HUF<\/strong><\/p>\n<p>A szerz\u0151d\u00e9s futamideje: <strong>2025.07.16 \u2013 2026.07.16 (12 h\u00f3nap)<\/strong><\/p>\n<p>&nbsp;<\/p>\n<p>A szerz\u0151d\u00e9s SAP sz\u00e1ma: <strong>4625002791<\/strong><\/p>\n<p>A beszerz\u00e9st ig\u00e9nyl\u0151 szervezet: <strong>V\u00e1rosmajori Sz\u00edv \u00e9s \u00c9rgy\u00f3gy\u00e1szati Klinika<\/strong><\/p>\n<p>A szerz\u0151d\u00e9s nett\u00f3 \u00f6sszege: <strong>16.448.000 HUF<\/strong><\/p>\n<p>A szerz\u0151d\u00e9s futamideje: <strong>2025.08.12 \u2013 2026.08.12 (12 h\u00f3nap)<\/strong><\/p>\n<p>&nbsp;<\/p>\n<p><a href=\"https:\/\/semmelweis.hu\/gfi\/files\/2025\/08\/SAP-Hirek-53.doc\">SAP H\u00edrek (53)<\/a><\/p>\n<p>Budapest, 2025. augusztus<\/p>\n<p style=\"text-align: center\">\u00dcdv\u00f6zlettel:<\/p>\n<p style=\"text-align: right\">Beszerz\u00e9si Igazgat\u00f3s\u00e1g<\/p>\n","protected":false},"excerpt":{"rendered":"<p>T \u00c1 J \u00c9 K O Z T A T \u00d3 klinik\u00e1k, int\u00e9zetek, szervezeti egys\u00e9gek gazdas\u00e1gi vezet\u0151i r\u00e9sz\u00e9re \u00a0 Tisztelt Gazdas\u00e1gi Vezet\u0151 Asszony\/\u00dar! T\u00e1j\u00e9koztatjuk \u00d6n\u00f6ket arr\u00f3l, hogy a Semmelweis Egyetem \u00e9s az FMC Mo Kft, Vatner Kft, Hoszplant Kft., Vicare Kft, Johnson@Johnson Kft, Medtronic Kft, Planmed Kft. k\u00f6z\u00f6tt 2025.07.16-\u00e1n, k\u00f6zbeszerz\u00e9si elj\u00e1r\u00e1s eredm\u00e9nyek\u00e9ppen megk\u00f6t\u00f6tt \u201eSz\u00edveseb\u00e9szti eszk\u00f6z\u00f6k &hellip;<\/p>\n","protected":false},"author":102355,"featured_media":0,"comment_status":"closed","ping_status":"closed","sticky":false,"template":"","format":"standard","meta":{"_acf_changed":false,"footnotes":""},"categories":[7],"tags":[],"class_list":["post-94797","post","type-post","status-publish","format-standard","hentry","category-hirek"],"acf":[],"_links":{"self":[{"href":"https:\/\/semmelweis.hu\/gfi\/wp-json\/wp\/v2\/posts\/94797","targetHints":{"allow":["GET"]}}],"collection":[{"href":"https:\/\/semmelweis.hu\/gfi\/wp-json\/wp\/v2\/posts"}],"about":[{"href":"https:\/\/semmelweis.hu\/gfi\/wp-json\/wp\/v2\/types\/post"}],"author":[{"embeddable":true,"href":"https:\/\/semmelweis.hu\/gfi\/wp-json\/wp\/v2\/users\/102355"}],"replies":[{"embeddable":true,"href":"https:\/\/semmelweis.hu\/gfi\/wp-json\/wp\/v2\/comments?post=94797"}],"version-history":[{"count":1,"href":"https:\/\/semmelweis.hu\/gfi\/wp-json\/wp\/v2\/posts\/94797\/revisions"}],"predecessor-version":[{"id":94798,"href":"https:\/\/semmelweis.hu\/gfi\/wp-json\/wp\/v2\/posts\/94797\/revisions\/94798"}],"wp:attachment":[{"href":"https:\/\/semmelweis.hu\/gfi\/wp-json\/wp\/v2\/media?parent=94797"}],"wp:term":[{"taxonomy":"category","embeddable":true,"href":"https:\/\/semmelweis.hu\/gfi\/wp-json\/wp\/v2\/categories?post=94797"},{"taxonomy":"post_tag","embeddable":true,"href":"https:\/\/semmelweis.hu\/gfi\/wp-json\/wp\/v2\/tags?post=94797"}],"curies":[{"name":"wp","href":"https:\/\/api.w.org\/{rel}","templated":true}]}}