{"id":94764,"date":"2025-08-05T15:27:18","date_gmt":"2025-08-05T13:27:18","guid":{"rendered":"https:\/\/semmelweis.hu\/gfi\/?p=94764"},"modified":"2025-08-05T15:27:18","modified_gmt":"2025-08-05T13:27:18","slug":"tajekoztato-butorok-beszerzese-targyban","status":"publish","type":"post","link":"https:\/\/semmelweis.hu\/gfi\/2025\/08\/05\/tajekoztato-butorok-beszerzese-targyban\/","title":{"rendered":"T\u00e1j\u00e9koztat\u00f3 b\u00fatorok beszerz\u00e9se t\u00e1rgyban"},"content":{"rendered":"<p style=\"text-align: center\"><strong>T\u00c1J\u00c9KOZTAT\u00d3<\/strong><\/p>\n<p style=\"text-align: center\"><strong>irodab\u00fatorok beszerz\u00e9se \u00e9s kapcsol\u00f3d\u00f3 szolg\u00e1ltat\u00e1sok beszerz\u00e9s\u00e9r\u0151l<\/strong><\/p>\n<p>&nbsp;<\/p>\n<p>T\u00e1j\u00e9koztatom \u00d6n\u00f6ket, hogy a <em>K\u00f6zbeszerz\u00e9si \u00e9s Ell\u00e1t\u00e1si F\u0151igazgat\u00f3s\u00e1g (tov\u00e1bbiakban: KEF)<\/em> \u201eIrodab\u00fatorok beszerz\u00e9se \u00e9s kapcsol\u00f3d\u00f3 szolg\u00e1ltat\u00e1sok teljes\u00edt\u00e9se\u201d t\u00e1rgy\u00fa k\u00f6zbeszerz\u00e9si elj\u00e1r\u00e1s eredm\u00e9nyek\u00e9nt 2025. j\u00falius 29. napj\u00e1n az al\u00e1bbi keretmeg\u00e1llapod\u00e1st k\u00f6t\u00f6tte:<\/p>\n<p>KM01BUTR24 \u2013 Irodab\u00fatorok beszerz\u00e9se \u00e9s kapcsol\u00f3d\u00f3 szolg\u00e1ltat\u00e1sok teljes\u00edt\u00e9se<\/p>\n<p>Az 1. sz. mell\u00e9klet tartalmazza azon term\u00e9keket, amelyek a KEF \u00e1ltal k\u00f6t\u00f6tt keretmeg\u00e1llapod\u00e1sb\u00f3l megrendelhet\u0151ek.<\/p>\n<p>A fenti term\u00e9kk\u00f6r\u00f6kre vonatkoz\u00f3 ig\u00e9nyeket \u2013 \u00f6sszeghat\u00e1rt\u00f3l f\u00fcggetlen\u00fcl, az eddig gyakorlat szerint \u2013 a beszerz\u00e9si szab\u00e1lyzatnak megfelel\u0151en Beszerz\u00e9s Min\u0151s\u00edt\u0151 Lap kit\u00f6lt\u00e9s\u00e9vel, a Beszerz\u00e9si Igazgat\u00f3s\u00e1gra val\u00f3 eljuttat\u00e1s\u00e1val kell bejelenteni. K\u00e9rj\u00fck, hogy a Beszerz\u00e9s Min\u0151s\u00edt\u0151 Lap m\u00f6g\u00e9 a KEF-es adatlapot, vagy a KEF-es cikksz\u00e1mokat tartalmaz\u00f3 dokumentumot csatolni sz\u00edveskedjenek. A keretmeg\u00e1llapod\u00e1sb\u00f3l leh\u00edvhat\u00f3 term\u00e9keket az ig\u00e9nyek alapj\u00e1n a Beszerz\u00e9si Igazgat\u00f3s\u00e1g rendeli meg.<\/p>\n<p>&nbsp;<\/p>\n<p>Budapest, 2025. augusztus 05.<\/p>\n<p style=\"text-align: center\">Tisztelettel:<\/p>\n<p style=\"text-align: right\">Dr. Farkas D\u00e9nes<\/p>\n<p style=\"text-align: right\">igazgat\u00f3<\/p>\n<p>Mell\u00e9klet:<\/p>\n<p><a href=\"https:\/\/semmelweis.hu\/gfi\/files\/2025\/08\/1.-szamu-melleklet-KM01BUTR24.xlsx\">1. sz\u00e1m\u00fa mell\u00e9klet KM01BUTR24<\/a><\/p>\n<p><a href=\"https:\/\/semmelweis.hu\/gfi\/files\/2025\/08\/Butorok-beszerzese-2025.pdf\">B\u00fatorok beszerz\u00e9se 2025<\/a><\/p>\n","protected":false},"excerpt":{"rendered":"<p>T\u00c1J\u00c9KOZTAT\u00d3 irodab\u00fatorok beszerz\u00e9se \u00e9s kapcsol\u00f3d\u00f3 szolg\u00e1ltat\u00e1sok beszerz\u00e9s\u00e9r\u0151l &nbsp; T\u00e1j\u00e9koztatom \u00d6n\u00f6ket, hogy a K\u00f6zbeszerz\u00e9si \u00e9s Ell\u00e1t\u00e1si F\u0151igazgat\u00f3s\u00e1g (tov\u00e1bbiakban: KEF) \u201eIrodab\u00fatorok beszerz\u00e9se \u00e9s kapcsol\u00f3d\u00f3 szolg\u00e1ltat\u00e1sok teljes\u00edt\u00e9se\u201d t\u00e1rgy\u00fa k\u00f6zbeszerz\u00e9si elj\u00e1r\u00e1s eredm\u00e9nyek\u00e9nt 2025. j\u00falius 29. napj\u00e1n az al\u00e1bbi keretmeg\u00e1llapod\u00e1st k\u00f6t\u00f6tte: KM01BUTR24 \u2013 Irodab\u00fatorok beszerz\u00e9se \u00e9s kapcsol\u00f3d\u00f3 szolg\u00e1ltat\u00e1sok teljes\u00edt\u00e9se Az 1. sz. mell\u00e9klet tartalmazza azon term\u00e9keket, amelyek a KEF \u00e1ltal &hellip;<\/p>\n","protected":false},"author":102355,"featured_media":0,"comment_status":"closed","ping_status":"closed","sticky":false,"template":"","format":"standard","meta":{"_acf_changed":false,"footnotes":""},"categories":[7],"tags":[],"class_list":["post-94764","post","type-post","status-publish","format-standard","hentry","category-hirek"],"acf":[],"_links":{"self":[{"href":"https:\/\/semmelweis.hu\/gfi\/wp-json\/wp\/v2\/posts\/94764","targetHints":{"allow":["GET"]}}],"collection":[{"href":"https:\/\/semmelweis.hu\/gfi\/wp-json\/wp\/v2\/posts"}],"about":[{"href":"https:\/\/semmelweis.hu\/gfi\/wp-json\/wp\/v2\/types\/post"}],"author":[{"embeddable":true,"href":"https:\/\/semmelweis.hu\/gfi\/wp-json\/wp\/v2\/users\/102355"}],"replies":[{"embeddable":true,"href":"https:\/\/semmelweis.hu\/gfi\/wp-json\/wp\/v2\/comments?post=94764"}],"version-history":[{"count":1,"href":"https:\/\/semmelweis.hu\/gfi\/wp-json\/wp\/v2\/posts\/94764\/revisions"}],"predecessor-version":[{"id":94765,"href":"https:\/\/semmelweis.hu\/gfi\/wp-json\/wp\/v2\/posts\/94764\/revisions\/94765"}],"wp:attachment":[{"href":"https:\/\/semmelweis.hu\/gfi\/wp-json\/wp\/v2\/media?parent=94764"}],"wp:term":[{"taxonomy":"category","embeddable":true,"href":"https:\/\/semmelweis.hu\/gfi\/wp-json\/wp\/v2\/categories?post=94764"},{"taxonomy":"post_tag","embeddable":true,"href":"https:\/\/semmelweis.hu\/gfi\/wp-json\/wp\/v2\/tags?post=94764"}],"curies":[{"name":"wp","href":"https:\/\/api.w.org\/{rel}","templated":true}]}}