{"id":94731,"date":"2025-07-09T08:26:58","date_gmt":"2025-07-09T06:26:58","guid":{"rendered":"https:\/\/semmelweis.hu\/gfi\/?p=94731"},"modified":"2025-07-09T08:37:28","modified_gmt":"2025-07-09T06:37:28","slug":"tajekoztato-egyes-korhazi-eszkozok-karbantartasa-javitasa-idoszakos-felulvizsgalata-targyban","status":"publish","type":"post","link":"https:\/\/semmelweis.hu\/gfi\/2025\/07\/09\/tajekoztato-egyes-korhazi-eszkozok-karbantartasa-javitasa-idoszakos-felulvizsgalata-targyban\/","title":{"rendered":"T\u00e1j\u00e9koztat\u00f3 egyes k\u00f3rh\u00e1zi eszk\u00f6z\u00f6k karbantart\u00e1sa, jav\u00edt\u00e1sa, id\u0151szakos fel\u00fclvizsg\u00e1lata t\u00e1rgyban"},"content":{"rendered":"<p style=\"text-align: center\"><strong>T\u00c1J\u00c9KOZTAT\u00d3<\/strong><\/p>\n<p>&nbsp;<\/p>\n<p>T\u00e1j\u00e9koztatom \u00d6n\u00f6ket, hogy a K<em>\u00f6zbeszerz\u00e9si \u00e9s Ell\u00e1t\u00e1si F\u0151igazgat\u00f3s\u00e1g (tov\u00e1bbiakban: KEF) <strong>\u201eEgyes k\u00f3rh\u00e1zi eszk\u00f6z\u00f6k karbantart\u00e1sa, jav\u00edt\u00e1sa, id\u0151szakos fel\u00fclvizsg\u00e1lata\u201d<\/strong><\/em> t\u00e1rgy\u00fa k\u00f6zbeszerz\u00e9si elj\u00e1r\u00e1s eredm\u00e9nyek\u00e9nt 2025. j\u00fanius 18. napj\u00e1n az al\u00e1bbi keretmeg\u00e1llapod\u00e1sokat k\u00f6t\u00f6tte:<\/p>\n<p><span style=\"font-size: 14pt\">KM01EKJIF25 \u2013 Seb\u00e9szeti v\u00e1g\u00f3k\u00e9sz\u00fcl\u00e9kek jav\u00edt\u00e1sa, karbantart\u00e1sa \u00e9s id\u0151szakos fel\u00fclvizsg\u00e1lata <br \/>\nKM02EKJIF25 \u2013 Inkub\u00e1tor jav\u00edt\u00e1sa, karbantart\u00e1sa \u00e9s id\u0151szakos fel\u00fclvizsg\u00e1lata <br \/>\nKM03EKJIF25 \u2013 M\u0171t\u0151l\u00e1mpa \u2013 mennyezeti karbantart\u00e1sa, jav\u00edt\u00e1sa \u00e9s id\u0151szakos fel\u00fclvizsg\u00e1lata<br \/>\n<\/span><span style=\"font-size: 14pt\">KM04EKJIF25 &#8211; M\u0171t\u0151l\u00e1mpa \u2013 vizsg\u00e1l\u00f3l\u00e1mpa karbantart\u00e1sa jav\u00edt\u00e1sa \u00e9s id\u0151szakos fel\u00fclvizsg\u00e1lata<br \/>\n<\/span><span style=\"font-size: 14pt\">KM05EKJIF25 &#8211; M\u0171t\u0151asztal karbantart\u00e1sa, jav\u00edt\u00e1sa \u00e9s id\u0151szakos fel\u00fclvizsg\u00e1lata <br \/>\nKM06EKJIF25 &#8211; Flexibilis endoszk\u00f3pok, valamint endoszk\u00f3pok \u00e9s ezek k\u00e9pmegjelen\u00edt\u0151- \u00e9s t\u00e1rol\u00f3 rendszereinek jav\u00edt\u00e1sa, karbantart\u00e1sa <br \/>\nKM07EKJIF25 &#8211; L\u00e9legeztet\u0151- \u00e9s altat\u00f3g\u00e9pek jav\u00edt\u00e1sa, karbantart\u00e1sa \u00e9s id\u0151szakos fel\u00fclvizsg\u00e1lata<\/span><\/p>\n<p>&nbsp;<\/p>\n<p>Az 1. sz. mell\u00e9klet tartalmazza azon szolg\u00e1ltat\u00e1sokat, amelyek a KEF \u00e1ltal k\u00f6t\u00f6tt keretmeg\u00e1llapod\u00e1sokb\u00f3l megrendelhet\u0151ek.<\/p>\n<p>&nbsp;<\/p>\n<p>A fenti term\u00e9kk\u00f6r\u00f6kre vonatkoz\u00f3 ig\u00e9nyeket \u2013 \u00f6sszeghat\u00e1rt\u00f3l f\u00fcggetlen\u00fcl, az eddig gyakorlat szerint \u2013 a beszerz\u00e9si szab\u00e1lyzatnak megfelel\u0151en Beszerz\u00e9s Min\u0151s\u00edt\u0151 Lap kit\u00f6lt\u00e9s\u00e9vel, a Beszerz\u00e9si Igazgat\u00f3s\u00e1gra val\u00f3 eljuttat\u00e1s\u00e1val kell bejelenteni. K\u00e9rj\u00fck, hogy a Beszerz\u00e9s Min\u0151s\u00edt\u0151 Lap m\u00f6g\u00e9 a KEF-es adatlapot, vagy a KEF-es cikksz\u00e1mokat tartalmaz\u00f3 dokumentumot csatolni sz\u00edveskedjenek. A keretmeg\u00e1llapod\u00e1sokb\u00f3l leh\u00edvhat\u00f3 term\u00e9keket az ig\u00e9nyek alapj\u00e1n a Beszerz\u00e9si Igazgat\u00f3s\u00e1g rendeli meg.<\/p>\n<p>&nbsp;<\/p>\n<p>Budapest, 2025. j\u00falius 08.<\/p>\n<p style=\"text-align: center\">Tisztelettel:<\/p>\n<p style=\"text-align: right\">Dr. Farkas D\u00e9nes<\/p>\n<p style=\"text-align: right\">igazgat\u00f3<\/p>\n<p>Mell\u00e9klet:<\/p>\n<p><a href=\"https:\/\/semmelweis.hu\/gfi\/files\/2025\/07\/1.-szamu-melleklet-KM01EKJIF25.xlsx\">1. sz\u00e1m\u00fa mell\u00e9klet KM01EKJIF25<\/a><\/p>\n<p><a href=\"https:\/\/semmelweis.hu\/gfi\/files\/2025\/07\/Egyes-korhazi-eszkozok-karbantartasa-javitasa-idoszakos-felulvizsgalata.pdf\">Egyes k\u00f3rh\u00e1zi eszk\u00f6z\u00f6k karbantart\u00e1sa, jav\u00edt\u00e1sa, id\u0151szakos fel\u00fclvizsg\u00e1lata<\/a><\/p>\n","protected":false},"excerpt":{"rendered":"<p>T\u00c1J\u00c9KOZTAT\u00d3 &nbsp; T\u00e1j\u00e9koztatom \u00d6n\u00f6ket, hogy a K\u00f6zbeszerz\u00e9si \u00e9s Ell\u00e1t\u00e1si F\u0151igazgat\u00f3s\u00e1g (tov\u00e1bbiakban: KEF) \u201eEgyes k\u00f3rh\u00e1zi eszk\u00f6z\u00f6k karbantart\u00e1sa, jav\u00edt\u00e1sa, id\u0151szakos fel\u00fclvizsg\u00e1lata\u201d t\u00e1rgy\u00fa k\u00f6zbeszerz\u00e9si elj\u00e1r\u00e1s eredm\u00e9nyek\u00e9nt 2025. j\u00fanius 18. napj\u00e1n az al\u00e1bbi keretmeg\u00e1llapod\u00e1sokat k\u00f6t\u00f6tte: KM01EKJIF25 \u2013 Seb\u00e9szeti v\u00e1g\u00f3k\u00e9sz\u00fcl\u00e9kek jav\u00edt\u00e1sa, karbantart\u00e1sa \u00e9s id\u0151szakos fel\u00fclvizsg\u00e1lata KM02EKJIF25 \u2013 Inkub\u00e1tor jav\u00edt\u00e1sa, karbantart\u00e1sa \u00e9s id\u0151szakos fel\u00fclvizsg\u00e1lata KM03EKJIF25 \u2013 M\u0171t\u0151l\u00e1mpa \u2013 mennyezeti karbantart\u00e1sa, jav\u00edt\u00e1sa &hellip;<\/p>\n","protected":false},"author":102355,"featured_media":0,"comment_status":"closed","ping_status":"closed","sticky":false,"template":"","format":"standard","meta":{"_acf_changed":false,"footnotes":""},"categories":[7],"tags":[],"class_list":["post-94731","post","type-post","status-publish","format-standard","hentry","category-hirek"],"acf":[],"_links":{"self":[{"href":"https:\/\/semmelweis.hu\/gfi\/wp-json\/wp\/v2\/posts\/94731","targetHints":{"allow":["GET"]}}],"collection":[{"href":"https:\/\/semmelweis.hu\/gfi\/wp-json\/wp\/v2\/posts"}],"about":[{"href":"https:\/\/semmelweis.hu\/gfi\/wp-json\/wp\/v2\/types\/post"}],"author":[{"embeddable":true,"href":"https:\/\/semmelweis.hu\/gfi\/wp-json\/wp\/v2\/users\/102355"}],"replies":[{"embeddable":true,"href":"https:\/\/semmelweis.hu\/gfi\/wp-json\/wp\/v2\/comments?post=94731"}],"version-history":[{"count":2,"href":"https:\/\/semmelweis.hu\/gfi\/wp-json\/wp\/v2\/posts\/94731\/revisions"}],"predecessor-version":[{"id":94733,"href":"https:\/\/semmelweis.hu\/gfi\/wp-json\/wp\/v2\/posts\/94731\/revisions\/94733"}],"wp:attachment":[{"href":"https:\/\/semmelweis.hu\/gfi\/wp-json\/wp\/v2\/media?parent=94731"}],"wp:term":[{"taxonomy":"category","embeddable":true,"href":"https:\/\/semmelweis.hu\/gfi\/wp-json\/wp\/v2\/categories?post=94731"},{"taxonomy":"post_tag","embeddable":true,"href":"https:\/\/semmelweis.hu\/gfi\/wp-json\/wp\/v2\/tags?post=94731"}],"curies":[{"name":"wp","href":"https:\/\/api.w.org\/{rel}","templated":true}]}}