{"id":94670,"date":"2025-05-22T13:06:32","date_gmt":"2025-05-22T11:06:32","guid":{"rendered":"https:\/\/semmelweis.hu\/gfi\/?p=94670"},"modified":"2025-05-22T13:06:32","modified_gmt":"2025-05-22T11:06:32","slug":"tajekoztatas-a-2025-punkosdi-unnepi-munkarendrol-a-textilraktarban","status":"publish","type":"post","link":"https:\/\/semmelweis.hu\/gfi\/2025\/05\/22\/tajekoztatas-a-2025-punkosdi-unnepi-munkarendrol-a-textilraktarban\/","title":{"rendered":"T\u00e1j\u00e9koztat\u00e1s a 2025. p\u00fcnk\u00f6sdi \u00fcnnepi munkarendr\u0151l a Textilrakt\u00e1rban"},"content":{"rendered":"<p style=\"text-align: center\"><strong>T\u00c1J\u00c9KOZTAT\u00c1S<\/strong><\/p>\n<p style=\"text-align: center\"><strong>a 2025. p\u00fcnk\u00f6sdi \u00fcnnepi munkarendr\u0151l a Textilrakt\u00e1rban<\/strong><\/p>\n<p style=\"text-align: center\"><strong>A Textilrakt\u00e1r szolg\u00e1ltat\u00e1sait ig\u00e9nybe vev\u0151 valamennyi szervezeti egys\u00e9g vezet\u0151je \u00e9s gazdas\u00e1gi vezet\u0151je r\u00e9sz\u00e9re<\/strong><\/p>\n<p>&nbsp;<\/p>\n<p>&nbsp;<\/p>\n<p>T\u00e1j\u00e9koztatom \u00d6n\u00f6ket, hogy a Textilrakt\u00e1r 2025. \u00e9vi p\u00fcnk\u00f6sdi \u00fcnnepi munkarendje a k\u00f6vetkez\u0151k\u00e9ppen alakul:<\/p>\n<p>&nbsp;<\/p>\n<p style=\"text-align: center\"><em>&#8211; 2025.06.09-\u00e9n (h\u00e9tf\u0151n) z\u00e1rva tart<\/em><\/p>\n<p>&nbsp;<\/p>\n<p><strong>2025.06.07-\u00e9n (szombaton) a Textilrakt\u00e1r egy m\u0171szakos munkarendben dolgozik \u00e9s a tisztaruha sz\u00e1ll\u00edt\u00e1s\u00e1t, valamint a szennyes text\u00edlia begy\u0171jt\u00e9s\u00e9t \u00e9s elsz\u00e1ll\u00edt\u00e1s\u00e1t v\u00e9gzi.<\/strong><\/p>\n<p>Az \u00fcnnepi id\u0151szakra text\u00edlia el\u0151leget nem \u00e1ll m\u00f3dunkban biztos\u00edtani.<\/p>\n<p>Amennyiben az \u00d6n\u00f6k szervezeti egys\u00e9ge \u00e9lni k\u00edv\u00e1n a szolg\u00e1ltat\u00e1s ig\u00e9nybev\u00e9tel\u00e9nek lehet\u0151s\u00e9g\u00e9vel, k\u00e9rem, hogy azt 2025. m\u00e1jus 30-ig jelezz\u00e9k <strong>D\u00f6m\u00e9ny Katalin<\/strong> csereruha-rakt\u00e1rvezet\u0151nek a <a href=\"mailto:domeny.katalin@semmelweis.hu\">domeny.katalin@semmelweis.hu<\/a> email c\u00edmen.<\/p>\n<p>&nbsp;<\/p>\n<p><a href=\"https:\/\/semmelweis.hu\/gfi\/files\/2025\/05\/2025.-punkosdi-munkarend-alairt-scannelt.pdf\">2025. p\u00fcnk\u00f6sdi munkarend<\/a><\/p>\n<p>Budapest, 2025. m\u00e1jus 22.<\/p>\n<p style=\"text-align: center\">Tisztelettel:<\/p>\n<p style=\"text-align: right\">Kremlicska Attila<\/p>\n<p style=\"text-align: right\">oszt\u00e1lyvezet\u0151<\/p>\n","protected":false},"excerpt":{"rendered":"<p>T\u00c1J\u00c9KOZTAT\u00c1S a 2025. p\u00fcnk\u00f6sdi \u00fcnnepi munkarendr\u0151l a Textilrakt\u00e1rban A Textilrakt\u00e1r szolg\u00e1ltat\u00e1sait ig\u00e9nybe vev\u0151 valamennyi szervezeti egys\u00e9g vezet\u0151je \u00e9s gazdas\u00e1gi vezet\u0151je r\u00e9sz\u00e9re &nbsp; &nbsp; T\u00e1j\u00e9koztatom \u00d6n\u00f6ket, hogy a Textilrakt\u00e1r 2025. \u00e9vi p\u00fcnk\u00f6sdi \u00fcnnepi munkarendje a k\u00f6vetkez\u0151k\u00e9ppen alakul: &nbsp; &#8211; 2025.06.09-\u00e9n (h\u00e9tf\u0151n) z\u00e1rva tart &nbsp; 2025.06.07-\u00e9n (szombaton) a Textilrakt\u00e1r egy m\u0171szakos munkarendben dolgozik \u00e9s a tisztaruha sz\u00e1ll\u00edt\u00e1s\u00e1t, &hellip;<\/p>\n","protected":false},"author":102355,"featured_media":0,"comment_status":"closed","ping_status":"closed","sticky":false,"template":"","format":"standard","meta":{"_acf_changed":false,"footnotes":""},"categories":[7],"tags":[31],"class_list":["post-94670","post","type-post","status-publish","format-standard","hentry","category-hirek","tag-szolgaltatasi-igazgatosag"],"acf":[],"_links":{"self":[{"href":"https:\/\/semmelweis.hu\/gfi\/wp-json\/wp\/v2\/posts\/94670","targetHints":{"allow":["GET"]}}],"collection":[{"href":"https:\/\/semmelweis.hu\/gfi\/wp-json\/wp\/v2\/posts"}],"about":[{"href":"https:\/\/semmelweis.hu\/gfi\/wp-json\/wp\/v2\/types\/post"}],"author":[{"embeddable":true,"href":"https:\/\/semmelweis.hu\/gfi\/wp-json\/wp\/v2\/users\/102355"}],"replies":[{"embeddable":true,"href":"https:\/\/semmelweis.hu\/gfi\/wp-json\/wp\/v2\/comments?post=94670"}],"version-history":[{"count":2,"href":"https:\/\/semmelweis.hu\/gfi\/wp-json\/wp\/v2\/posts\/94670\/revisions"}],"predecessor-version":[{"id":94672,"href":"https:\/\/semmelweis.hu\/gfi\/wp-json\/wp\/v2\/posts\/94670\/revisions\/94672"}],"wp:attachment":[{"href":"https:\/\/semmelweis.hu\/gfi\/wp-json\/wp\/v2\/media?parent=94670"}],"wp:term":[{"taxonomy":"category","embeddable":true,"href":"https:\/\/semmelweis.hu\/gfi\/wp-json\/wp\/v2\/categories?post=94670"},{"taxonomy":"post_tag","embeddable":true,"href":"https:\/\/semmelweis.hu\/gfi\/wp-json\/wp\/v2\/tags?post=94670"}],"curies":[{"name":"wp","href":"https:\/\/api.w.org\/{rel}","templated":true}]}}