{"id":94645,"date":"2025-05-19T08:01:27","date_gmt":"2025-05-19T06:01:27","guid":{"rendered":"https:\/\/semmelweis.hu\/gfi\/?p=94645"},"modified":"2025-05-19T08:01:27","modified_gmt":"2025-05-19T06:01:27","slug":"2025-1-2-1-hu-rizont-palyazat-rektori-kancellari-utasitas","status":"publish","type":"post","link":"https:\/\/semmelweis.hu\/gfi\/2025\/05\/19\/2025-1-2-1-hu-rizont-palyazat-rektori-kancellari-utasitas\/","title":{"rendered":"2025-1.2.1-HU-RIZONT p\u00e1ly\u00e1zat rektori-kancell\u00e1ri utas\u00edt\u00e1s"},"content":{"rendered":"<p>A\u00a0<a href=\"https:\/\/nkfih.gov.hu\/palyazoknak\/nkfi-alap\/hu-rizont-nemzetkozi-kivalosagi-kutatasi-egyuttmukodes-2025-121-hu-rizont\/palyazati-felhivas\" target=\"_blank\" rel=\"noopener\">2025-1.2.1-HU-RIZONT nemzetk\u00f6zi kiv\u00e1l\u00f3s\u00e1gi kutat\u00e1si egy\u00fcttm\u0171k\u00f6d\u00e9si program<\/a>\u00a0Felh\u00edv\u00e1s\u00e1ban meghat\u00e1rozott felt\u00e9telekhez kapcsol\u00f3d\u00f3an a beny\u00fajt\u00e1sra ker\u00fcl\u0151 p\u00e1ly\u00e1zatok el\u0151k\u00e9sz\u00edt\u00e9s\u00e9nek vonatkoz\u00e1s\u00e1ban.\u00a0<\/p>\n<h5>P\u00e1ly\u00e1z\u00e1st seg\u00edt\u0151 dokumentumok<\/h5>\n<p><a href=\"https:\/\/semmelweis.hu\/jogigfoig\/2025\/05\/14\/e-2-2025-v-13-szamu-rektori-kancellari-utasitas-a-2025-1-2-3-hu-rizont-nemzetkozi-kivalosagi-kutatasi-egyuttmukodesi-program-koltsegeinek-elszamolasi-szabalyairol\/\" target=\"_blank\" rel=\"noopener\">E\/2\/2025. (V. 13.) sz\u00e1m\u00fa rektori-kancell\u00e1ri utas\u00edt\u00e1s a 2025-1.2.3-HU-RIZONT nemzetk\u00f6zi kiv\u00e1l\u00f3s\u00e1gi kutat\u00e1si egy\u00fcttm\u0171k\u00f6d\u00e9si program k\u00f6lts\u00e9geinek elsz\u00e1mol\u00e1si szab\u00e1lyair\u00f3l<\/a><em><br \/>\n<\/em><\/p>\n<p><a href=\"https:\/\/semmelweis.hu\/gazdalkodas-kfi\/files\/2025\/05\/HU-RIZONT2025_koltsegvetes_minta_0513-1.xlsx\" target=\"_blank\" rel=\"noopener\">K\u00f6lts\u00e9gvet\u00e9s_Tervez\u0151_minta2025<\/a><\/p>\n<p><a href=\"https:\/\/semmelweis.hu\/gazdalkodas-kfi\/files\/2025\/05\/E_2025__uta_HU-RIZONT_mell_szolgaltatas_ajanlatkeres_minta2025_HU.docx\" target=\"_blank\" rel=\"noopener\">Szolg\u00e1ltat\u00e1s_aj\u00e1nlatk\u00e9r\u00e9s_minta2025_HU<\/a><\/p>\n<p><a href=\"https:\/\/semmelweis.hu\/gazdalkodas-kfi\/files\/2025\/05\/E_2025__uta_HU-RIZONT_mell_szolgaltatas_ajanlatkeres_minta2025_ENG.docx\" target=\"_blank\" rel=\"noopener\">Szolg\u00e1ltat\u00e1s_aj\u00e1nlatk\u00e9r\u00e9s_minta2025_ENG<\/a><\/p>\n<p>Gyakran Ism\u00e9telt P\u00e9nz\u00fcgyi K\u00e9rd\u00e9sek\u00a0<em>felt\u00f6lt\u00e9s alatt<\/em><\/p>\n<h5>P\u00e1ly\u00e1zat beny\u00fajt\u00e1si hat\u00e1rideje: 2025. m\u00e1jus 23. 12:00<\/h5>\n","protected":false},"excerpt":{"rendered":"<p>A\u00a0<a href=\"https:\/\/nkfih.gov.hu\/palyazoknak\/nkfi-alap\/hu-rizont-nemzetkozi-kivalosagi-kutatasi-egyuttmukodes-2025-121-hu-rizont\/palyazati-felhivas\" target=\"_blank\" rel=\"noopener\">2025-1.2.1-HU-RIZONT nemzetk\u00f6zi kiv\u00e1l\u00f3s\u00e1gi kutat\u00e1si egy\u00fcttm\u0171k\u00f6d\u00e9si program<\/a>\u00a0Felh\u00edv\u00e1s\u00e1ban meghat\u00e1rozott felt\u00e9telekhez kapcsol\u00f3d\u00f3an a beny\u00fajt\u00e1sra ker\u00fcl\u0151 p\u00e1ly\u00e1zatok el\u0151k\u00e9sz\u00edt\u00e9s\u00e9nek vonatkoz\u00e1s\u00e1ban.\u00a0<br \/>\nP\u00e1ly\u00e1z\u00e1st seg\u00edt\u0151 dokumentumok<br \/>\n<a href=\"https:\/\/semmelweis.hu\/jogigfoig\/2025\/05\/14\/e-2-2025-v-13-szamu-rektori-kancellari-utasitas-a-2025-1-2-3-hu-rizont-nemzetkozi-kivalosagi-kutatasi-egyuttmukodesi-program-koltsegeinek-elszamolasi-szabalyairol\/\" target=\"_blank\" rel=\"noopener\">E\/2\/2025. (V. 13.) sz\u00e1m\u00fa rektori-kancell\u00e1ri utas\u00edt\u00e1s a 2025-1.2.3-HU-RIZONT nemzetk\u00f6zi kiv\u00e1l\u00f3s\u00e1gi kutat\u00e1si egy\u00fcttm\u0171k\u00f6d\u00e9si program k\u00f6lts\u00e9geinek elsz\u00e1mol\u00e1si szab\u00e1lyair\u00f3l<\/a><\/p>\n<p><a href=\"https:\/\/semmelweis.hu\/gazdalkodas-kfi\/files\/2025\/05\/HU-RIZONT2025_koltsegvetes_minta_0513-1.xlsx\" target=\"_blank\" rel=\"noopener\">K\u00f6lts\u00e9gvet\u00e9s_Tervez\u0151_minta2025<\/a><br \/>\n<a href=\"https:\/\/semmelweis.hu\/gazdalkodas-kfi\/files\/2025\/05\/E_2025__uta_HU-RIZONT_mell_szolgaltatas_ajanlatkeres_minta2025_HU.docx\" target=\"_blank\" rel=\"noopener\">Szolg\u00e1ltat\u00e1s_aj\u00e1nlatk\u00e9r\u00e9s_minta2025_HU<\/a><br \/>\n<a href=\"https:\/\/semmelweis.hu\/gazdalkodas-kfi\/files\/2025\/05\/E_2025__uta_HU-RIZONT_mell_szolgaltatas_ajanlatkeres_minta2025_ENG.docx\" target=\"_blank\" rel=\"noopener\">Szolg\u00e1ltat\u00e1s_aj\u00e1nlatk\u00e9r\u00e9s_minta2025_ENG<\/a><br \/>\nGyakran Ism\u00e9telt P\u00e9nz\u00fcgyi K\u00e9rd\u00e9sek\u00a0felt\u00f6lt\u00e9s alatt<br \/>\nP\u00e1ly\u00e1zat beny\u00fajt\u00e1si hat\u00e1rideje: 2025. m\u00e1jus 23. 12:00<\/p>\n","protected":false},"author":102355,"featured_media":0,"comment_status":"closed","ping_status":"closed","sticky":false,"template":"","format":"standard","meta":{"_acf_changed":false,"footnotes":""},"categories":[7],"tags":[38],"class_list":["post-94645","post","type-post","status-publish","format-standard","hentry","category-hirek","tag-palyazat"],"acf":[],"_links":{"self":[{"href":"https:\/\/semmelweis.hu\/gfi\/wp-json\/wp\/v2\/posts\/94645","targetHints":{"allow":["GET"]}}],"collection":[{"href":"https:\/\/semmelweis.hu\/gfi\/wp-json\/wp\/v2\/posts"}],"about":[{"href":"https:\/\/semmelweis.hu\/gfi\/wp-json\/wp\/v2\/types\/post"}],"author":[{"embeddable":true,"href":"https:\/\/semmelweis.hu\/gfi\/wp-json\/wp\/v2\/users\/102355"}],"replies":[{"embeddable":true,"href":"https:\/\/semmelweis.hu\/gfi\/wp-json\/wp\/v2\/comments?post=94645"}],"version-history":[{"count":2,"href":"https:\/\/semmelweis.hu\/gfi\/wp-json\/wp\/v2\/posts\/94645\/revisions"}],"predecessor-version":[{"id":94647,"href":"https:\/\/semmelweis.hu\/gfi\/wp-json\/wp\/v2\/posts\/94645\/revisions\/94647"}],"wp:attachment":[{"href":"https:\/\/semmelweis.hu\/gfi\/wp-json\/wp\/v2\/media?parent=94645"}],"wp:term":[{"taxonomy":"category","embeddable":true,"href":"https:\/\/semmelweis.hu\/gfi\/wp-json\/wp\/v2\/categories?post=94645"},{"taxonomy":"post_tag","embeddable":true,"href":"https:\/\/semmelweis.hu\/gfi\/wp-json\/wp\/v2\/tags?post=94645"}],"curies":[{"name":"wp","href":"https:\/\/api.w.org\/{rel}","templated":true}]}}