{"id":9458,"date":"2012-01-06T09:12:27","date_gmt":"2012-01-06T09:12:27","guid":{"rendered":"http:\/\/semmelweis-egyetem.hu\/hirek\/?p=9458"},"modified":"2012-01-06T09:12:27","modified_gmt":"2012-01-06T09:12:27","slug":"palyazati-felhivas-bufe-uzemeltetesere","status":"publish","type":"post","link":"https:\/\/semmelweis.hu\/gfi\/2012\/01\/06\/palyazati-felhivas-bufe-uzemeltetesere\/","title":{"rendered":"P\u00c1LY\u00c1ZATI FELH\u00cdV\u00c1S B\u00fcf\u00e9 \u00fczemeltet\u00e9s\u00e9re"},"content":{"rendered":"<p>A Semmelweis Egyetem (1085 Budapest, \u00dcll\u0151i 26.), a tov\u00e1bbiakban Ki\u00edr\u00f3, az \u00e1llami vagyonnal val\u00f3 gazd\u00e1lkod\u00e1sr\u00f3l sz\u00f3l\u00f3 2007. \u00e9vi CVl. T\u00f6rv\u00e9ny, illetve az \u00e1llami vagyonnal val\u00f3 gazd\u00e1lkod\u00e1sr\u00f3l sz\u00f3l\u00f3 254\/2007. Korm. rendelet alapj\u00e1n \u00fczemeltet\u00e9sre (b\u00e9rbead\u00e1sra) egyfordul\u00f3s nyilv\u00e1nos p\u00e1ly\u00e1zat keret\u00e9ben meghirdeti a II. Sz\u00e1m\u00fa Gyermekklinika, 1094. Budapest, T\u0171zolt\u00f3 utca 7.-9. sz\u00e1m alatti, \u00f6sszesen<strong> 6 m2 ter\u00fclet\u0171 munkahelyi b\u00fcf\u00e9 c\u00e9lj\u00e1ra szolg\u00e1l\u00f3 helyis\u00e9get, valamint 9 m2 alagsori rakt\u00e1rhelyis\u00e9get<\/strong>.<\/p>\n<p><strong>Aj\u00e1nlatok beny\u00fajt\u00e1s\u00e1nak helye:<\/strong> Semmelweis Egyetem \u00dczemeltet\u00e9si \u00e9s Szolg\u00e1ltat\u00f3 Igazgat\u00f3s\u00e1g Titk\u00e1rs\u00e1g (1082 Budapest, R\u00f6kk Sz. u. 13, l. Emelet 102. szoba)<br \/>\n<strong>Aj\u00e1nlatok beny\u00fajt\u00e1s\u00e1nak hat\u00e1rideje: <\/strong>2012. febru\u00e1r 1. 9.00 \u00f3ra<\/p>\n<p>A P\u00e1ly\u00e1zati dokument\u00e1ci\u00f3 \u00e1tv\u00e9teli igazol\u00e1s mellett v\u00e1s\u00e1rolhat\u00f3 meg a Semmelweis Egyetem \u00dczemeltet\u00e9si \u00e9s Szolg\u00e1ltat\u00e1si Igazgat\u00f3s\u00e1g Titk\u00e1rs\u00e1g\u00e1n, (1082 Budapest, R\u00f6kk Sz. u. 13, I. emelet 102. szoba, p\u00e9ntek kiv\u00e9tel\u00e9vel munkanapokon 8:00-t\u00f3l 15:00 \u00f3r\u00e1ig. A <strong>P\u00e1ly\u00e1zati dokument\u00e1ci\u00f3 \u00e1ra 15. 000,- Ft + \u00c1FA<\/strong> (fizethet\u0151 \u00e1tutal\u00e1ssal vagy postai csekken t\u00f6rt\u00e9n\u0151 befizet\u00e9ssel a Ki\u00edr\u00f3 p\u00e9nzt\u00e1r\u00e1ba).<\/p>\n<p>Ki\u00edr\u00f3 jogfenntart\u00e1ssal \u00e9lt a p\u00e1ly\u00e1zati felh\u00edv\u00e1sban k\u00f6z\u00f6lt elj\u00e1r\u00e1s tekintet\u00e9ben az \u00e9rv\u00e9nyess\u00e9g, eredm\u00e9nyess\u00e9g \u00e9s a szerz\u0151d\u00e9sk\u00f6t\u00e9st\u0151l t\u00f6rt\u00e9n\u0151 el\u00e1ll\u00e1s eseteinek t\u00e1rgy\u00e1ban. A ki\u00edr\u00f3 a r\u00e9szletes p\u00e1ly\u00e1zati dokument\u00e1ci\u00f3ba betekint\u00e9st enged, de \u00e9rv\u00e9nyes p\u00e1ly\u00e1zatot csak az ny\u00fajthat be, aki a dokument\u00e1ci\u00f3t megv\u00e1s\u00e1rolta \u00e9s ennek t\u00e9ny\u00e9t igazolja. A dokument\u00e1ci\u00f3 m\u00e1sra nem ruh\u00e1zhat\u00f3 \u00e1t.<\/p>\n","protected":false},"excerpt":{"rendered":"<p>A Semmelweis Egyetem (1085 Budapest, \u00dcll\u0151i 26.), a tov\u00e1bbiakban Ki\u00edr\u00f3, az \u00e1llami vagyonnal val\u00f3 gazd\u00e1lkod\u00e1sr\u00f3l sz\u00f3l\u00f3 2007. \u00e9vi CVl. T\u00f6rv\u00e9ny, illetve az \u00e1llami vagyonnal val\u00f3 gazd\u00e1lkod\u00e1sr\u00f3l sz\u00f3l\u00f3 254\/2007. Korm. rendelet alapj\u00e1n \u00fczemeltet\u00e9sre (b\u00e9rbead\u00e1sra) egyfordul\u00f3s nyilv\u00e1nos p\u00e1ly\u00e1zat keret\u00e9ben meghirdeti a II. Sz\u00e1m\u00fa Gyermekklinika, 1094. Budapest, T\u0171zolt\u00f3 utca 7.-9. sz\u00e1m alatti, \u00f6sszesen 6 m2 ter\u00fclet\u0171 munkahelyi b\u00fcf\u00e9 &hellip;<\/p>\n","protected":false},"author":101488,"featured_media":74521,"comment_status":"closed","ping_status":"open","sticky":false,"template":"","format":"standard","meta":{"_acf_changed":false,"footnotes":""},"categories":[7],"tags":[28],"class_list":["post-9458","post","type-post","status-publish","format-standard","has-post-thumbnail","hentry","category-hirek","tag-vagyongazdalkodas"],"acf":[],"_links":{"self":[{"href":"https:\/\/semmelweis.hu\/gfi\/wp-json\/wp\/v2\/posts\/9458","targetHints":{"allow":["GET"]}}],"collection":[{"href":"https:\/\/semmelweis.hu\/gfi\/wp-json\/wp\/v2\/posts"}],"about":[{"href":"https:\/\/semmelweis.hu\/gfi\/wp-json\/wp\/v2\/types\/post"}],"author":[{"embeddable":true,"href":"https:\/\/semmelweis.hu\/gfi\/wp-json\/wp\/v2\/users\/101488"}],"replies":[{"embeddable":true,"href":"https:\/\/semmelweis.hu\/gfi\/wp-json\/wp\/v2\/comments?post=9458"}],"version-history":[{"count":0,"href":"https:\/\/semmelweis.hu\/gfi\/wp-json\/wp\/v2\/posts\/9458\/revisions"}],"wp:featuredmedia":[{"embeddable":true,"href":"https:\/\/semmelweis.hu\/gfi\/wp-json\/"}],"wp:attachment":[{"href":"https:\/\/semmelweis.hu\/gfi\/wp-json\/wp\/v2\/media?parent=9458"}],"wp:term":[{"taxonomy":"category","embeddable":true,"href":"https:\/\/semmelweis.hu\/gfi\/wp-json\/wp\/v2\/categories?post=9458"},{"taxonomy":"post_tag","embeddable":true,"href":"https:\/\/semmelweis.hu\/gfi\/wp-json\/wp\/v2\/tags?post=9458"}],"curies":[{"name":"wp","href":"https:\/\/api.w.org\/{rel}","templated":true}]}}