{"id":94261,"date":"2024-12-16T08:36:43","date_gmt":"2024-12-16T07:36:43","guid":{"rendered":"https:\/\/semmelweis.hu\/gfi\/?p=94261"},"modified":"2024-12-17T15:59:35","modified_gmt":"2024-12-17T14:59:35","slug":"pvgfi-unnepi-idoszak-elerhetoseg-2024-2025","status":"publish","type":"post","link":"https:\/\/semmelweis.hu\/gfi\/2024\/12\/16\/pvgfi-unnepi-idoszak-elerhetoseg-2024-2025\/","title":{"rendered":"P\u00e9nz\u00fcgyi \u00e9s Vagyongazd\u00e1lkod\u00e1si F\u0151igazgat\u00f3s\u00e1g \u00fcgyeleti rend 2024.12.23-2025.01.05"},"content":{"rendered":"<p><strong>Kedves Koll\u00e9g\u00e1k!<\/strong><\/p>\n<p>A P\u00e9nz\u00fcgyi \u00e9s Vagyongazd\u00e1lkod\u00e1si F\u0151igazgat\u00f3s\u00e1g szervezeti egys\u00e9gei a RKE\/12\/2024. (XII.02.) sz. rektori-kancell\u00e1ri-Klinikai K\u00f6zpont eln\u00f6ki utas\u00edt\u00e1sban -2024. december 23. \u00e9s 2025. janu\u00e1r 5. k\u00f6z\u00f6tt- elrendelt m\u0171k\u00f6d\u00e9si sz\u00fcnet alatti \u00fcgyeleti rendje az al\u00e1bbiak szerint alakul:<\/p>\n<p><a href=\"https:\/\/semmelweis.hu\/gfi\/files\/2024\/12\/Penzugyi-es-Vagyongazdalkodasi-Foigazgatosag12.pdf\">P\u00e9nz\u00fcgyi \u00e9s Vagyongazd\u00e1lkod\u00e1si F\u0151igazgat\u00f3s\u00e1g<\/a><\/p>\n<p style=\"padding-left: 80px\"><a href=\"https:\/\/semmelweis.hu\/gfi\/files\/2024\/12\/Penzugyi-Igazgatosag12.pdf\">P\u00e9nz\u00fcgyi Igazgat\u00f3s\u00e1g<\/a><\/p>\n<p style=\"padding-left: 80px\"><a href=\"https:\/\/semmelweis.hu\/gfi\/files\/2024\/12\/Palyazati-es-KFI-Halozat-iranyitasi-Igazgatosag.pdf\">P\u00e1ly\u00e1zati \u00e9s KFI H\u00e1l\u00f3zat-ir\u00e1ny\u00edt\u00e1si Igazgat\u00f3s\u00e1g<\/a><\/p>\n<p style=\"padding-left: 80px\">Vagyongazd\u00e1lkod\u00e1si Igazgat\u00f3s\u00e1g &#8211; teljes tev\u00e9kenys\u00e9get sz\u00fcneteltet<\/p>\n<p>&nbsp;<\/p>\n<p style=\"text-align: center\">Kellemes \u00fcnnepeket k\u00edv\u00e1nunk!<\/p>\n<p style=\"text-align: center\">P\u00e9nz\u00fcgyi \u00e9s Vagyongazd\u00e1lkod\u00e1si F\u0151igazgat\u00f3s\u00e1g<\/p>\n","protected":false},"excerpt":{"rendered":"<p>Kedves Koll\u00e9g\u00e1k!<br \/>\nA P\u00e9nz\u00fcgyi \u00e9s Vagyongazd\u00e1lkod\u00e1si F\u0151igazgat\u00f3s\u00e1g szervezeti egys\u00e9gei a RKE\/12\/2024. (XII.02.) sz. rektori-kancell\u00e1ri-Klinikai K\u00f6zpont eln\u00f6ki utas\u00edt\u00e1sban -2024. december 23. \u00e9s 2025. janu\u00e1r 5. k\u00f6z\u00f6tt- elrendelt m\u0171k\u00f6d\u00e9si sz\u00fcnet alatti \u00fcgyeleti rendje az al\u00e1bbiak szerint alakul:<br \/>\n<a href=\"https:\/\/semmelweis.hu\/gfi\/files\/2024\/12\/Penzugyi-es-Vagyongazdalkodasi-Foigazgatosag12.pdf\">P\u00e9nz\u00fcgyi \u00e9s Vagyongazd\u00e1lkod\u00e1si F\u0151igazgat\u00f3s\u00e1g<\/a><br \/>\n<a href=\"https:\/\/semmelweis.hu\/gfi\/files\/2024\/12\/Penzugyi-Igazgatosag12.pdf\">P\u00e9nz\u00fcgyi Igazgat\u00f3s\u00e1g<\/a><br \/>\n<a href=\"https:\/\/semmelweis.hu\/gfi\/files\/2024\/12\/Palyazati-es-KFI-Halozat-iranyitasi-Igazgatosag.pdf\">P\u00e1ly\u00e1zati \u00e9s KFI H\u00e1l\u00f3zat-ir\u00e1ny\u00edt\u00e1si Igazgat\u00f3s\u00e1g<\/a><br \/>\nVagyongazd\u00e1lkod\u00e1si Igazgat\u00f3s\u00e1g &#8211; teljes tev\u00e9kenys\u00e9get sz\u00fcneteltet<br \/>\n&nbsp;<br \/>\nKellemes \u00fcnnepeket k\u00edv\u00e1nunk!<br \/>\nP\u00e9nz\u00fcgyi \u00e9s Vagyongazd\u00e1lkod\u00e1si F\u0151igazgat\u00f3s\u00e1g<\/p>\n","protected":false},"author":102355,"featured_media":0,"comment_status":"closed","ping_status":"closed","sticky":false,"template":"","format":"standard","meta":{"_acf_changed":false,"footnotes":""},"categories":[7],"tags":[36],"class_list":["post-94261","post","type-post","status-publish","format-standard","hentry","category-hirek","tag-ugyeleti-rend"],"acf":[],"_links":{"self":[{"href":"https:\/\/semmelweis.hu\/gfi\/wp-json\/wp\/v2\/posts\/94261","targetHints":{"allow":["GET"]}}],"collection":[{"href":"https:\/\/semmelweis.hu\/gfi\/wp-json\/wp\/v2\/posts"}],"about":[{"href":"https:\/\/semmelweis.hu\/gfi\/wp-json\/wp\/v2\/types\/post"}],"author":[{"embeddable":true,"href":"https:\/\/semmelweis.hu\/gfi\/wp-json\/wp\/v2\/users\/102355"}],"replies":[{"embeddable":true,"href":"https:\/\/semmelweis.hu\/gfi\/wp-json\/wp\/v2\/comments?post=94261"}],"version-history":[{"count":10,"href":"https:\/\/semmelweis.hu\/gfi\/wp-json\/wp\/v2\/posts\/94261\/revisions"}],"predecessor-version":[{"id":94280,"href":"https:\/\/semmelweis.hu\/gfi\/wp-json\/wp\/v2\/posts\/94261\/revisions\/94280"}],"wp:attachment":[{"href":"https:\/\/semmelweis.hu\/gfi\/wp-json\/wp\/v2\/media?parent=94261"}],"wp:term":[{"taxonomy":"category","embeddable":true,"href":"https:\/\/semmelweis.hu\/gfi\/wp-json\/wp\/v2\/categories?post=94261"},{"taxonomy":"post_tag","embeddable":true,"href":"https:\/\/semmelweis.hu\/gfi\/wp-json\/wp\/v2\/tags?post=94261"}],"curies":[{"name":"wp","href":"https:\/\/api.w.org\/{rel}","templated":true}]}}