{"id":94258,"date":"2024-12-16T08:10:02","date_gmt":"2024-12-16T07:10:02","guid":{"rendered":"https:\/\/semmelweis.hu\/gfi\/?p=94258"},"modified":"2024-12-16T08:10:02","modified_gmt":"2024-12-16T07:10:02","slug":"2024-25-evvaltas-od-kifizetes-eljaras","status":"publish","type":"post","link":"https:\/\/semmelweis.hu\/gfi\/2024\/12\/16\/2024-25-evvaltas-od-kifizetes-eljaras\/","title":{"rendered":"2024-25 \u00e9vv\u00e1lt\u00e1s OD kifizet\u00e9s elj\u00e1r\u00e1s"},"content":{"rendered":"<p>Tisztelt Koll\u00e9g\u00e1k!<\/p>\n<p><strong>K\u00e9rem, hogy a 2024. \u00e9v v\u00e9gi \u00e9s a 2025. \u00e9v eleji \u00f6szt\u00f6nd\u00edjak kifizet\u00e9se \u2013 az \u00e9vv\u00e1lt\u00e1s z\u00f6kken\u0151mentes kezel\u00e9se \u00e9rdek\u00e9ben &#8211; az al\u00e1bbi elj\u00e1r\u00e1srend szerint t\u00f6rt\u00e9njen meg:<\/strong><\/p>\n<ul>\n<li>2024-ben a kifizet\u00e9shez sz\u00fcks\u00e9ges, Neptunban gener\u00e1lt \u00f6szt\u00f6nd\u00edj GIRO \u00e1llom\u00e1nyok a dokument\u00e1ci\u00f3val egy\u00fctt, <strong>legk\u00e9s\u0151bb 2024. december 20. 11:00 \u00f3r\u00e1ig<\/strong> ker\u00fcljenek megk\u00fcld\u00e9sre a P\u00e9nz\u00fcgyi Igazgat\u00f3s\u00e1g, Bankforgalmi csoportj\u00e1nak <a href=\"mailto:neptun.osztondij@semmelweis.hu\">neptun.osztondij@semmelweis.hu<\/a> c\u00edm\u00e9re.<\/li>\n<li>2025. janu\u00e1r 2-3. k\u00f6z\u00f6tt a Kontrolling Igazgat\u00f3s\u00e1g, Keretgazd\u00e1lkod\u00e1si Oszt\u00e1lya biztos\u00edtja az \u00f6szt\u00f6nd\u00edjak kifizet\u00e9s\u00e9hez sz\u00fcks\u00e9ges keretet a 2025 \u00e9vre vonatkoz\u00f3an.<\/li>\n<li><strong>2025. janu\u00e1r 6-t\u00f3l kezd\u0151d\u0151en<\/strong> t\u00f6rt\u00e9njen meg az \u00f6szt\u00f6nd\u00edjak Neptunban t\u00f6rt\u00e9n\u0151 kifizet\u00e9se. (addig a sz\u00fcks\u00e9ges \u00e9vnyit\u00e1si feladatok is meg fognak t\u00f6rt\u00e9nni)<\/li>\n<\/ul>\n<p><strong>A hat\u00e1rid\u0151k betart\u00e1sa fontos:<\/strong><br \/>\n<strong>Amennyiben 2024-ben, december 20-\u00e1t k\u00f6vet\u0151en ker\u00fcl felad\u00e1sra az \u00f6szt\u00f6nd\u00edj, az \u00fcnnepek alatt megritkult banki napok miatt, a P\u00e9nz\u00fcgyi Igazgat\u00f3s\u00e1g nem fogja tudni azt feldolgozni \u00e9s a janu\u00e1r eleji keretbiztos\u00edt\u00e1s nem tud megval\u00f3sulni, ez\u00e1ltal a 2025. \u00e9v eleji \u00f6szt\u00f6nd\u00edjak kifizet\u00e9se hib\u00e1ra fut.<\/strong><\/p>\n<table style=\"width: 100%;border-collapse: collapse;border-color: #000000\">\n<tbody>\n<tr style=\"border-color: #000000;background-color: #baf5f4\">\n<td style=\"width: 458px\">Hat\u00e1rid\u0151k<\/td>\n<td style=\"width: 458px\">Le\u00edr\u00e1s<\/td>\n<td style=\"width: 458px\">Felel\u0151s<\/td>\n<\/tr>\n<tr>\n<td style=\"width: 458px\">2024. december 20. 11:00<\/td>\n<td style=\"width: 458px\">Neptunban gener\u00e1lt \u00f6szt\u00f6nd\u00edj GIRO \u00e1llom\u00e1nyok \u00e1tad\u00e1sa a Bankforgalmi csoport r\u00e9sz\u00e9re.<\/td>\n<td style=\"width: 458px\">\u00d6szt\u00f6nd\u00edjat kifizet\u00e9sre ind\u00edt\u00f3 szervezeti egys\u00e9g<\/td>\n<\/tr>\n<tr>\n<td style=\"width: 458px\">2024. december 20.<\/td>\n<td style=\"width: 458px\">Neptunban gener\u00e1lt \u00f6szt\u00f6nd\u00edj GIRO \u00e1llom\u00e1nyok legv\u00e9gs\u0151 felad\u00e1si napja<\/td>\n<td style=\"width: 458px\">P\u00e9nz\u00fcgyi Igazgat\u00f3s\u00e1g, Bankforgalmi csoport<\/td>\n<\/tr>\n<tr>\n<td style=\"width: 458px\">2025. janu\u00e1r 2-3.<\/td>\n<td style=\"width: 458px\">Keret biztos\u00edt\u00e1sa<\/td>\n<td style=\"width: 458px\">Kontrolling Igazgat\u00f3s\u00e1g, Keretgazd\u00e1lkod\u00e1si Oszt\u00e1ly<\/td>\n<\/tr>\n<tr>\n<td style=\"width: 458px\">2025. janu\u00e1r 6.<\/td>\n<td style=\"width: 458px\">\u00d6szt\u00f6nd\u00edj r\u00f6gz\u00edt\u00e9s, kifizet\u00e9s kezdete.<\/td>\n<td style=\"width: 458px\">\u00d6szt\u00f6nd\u00edjat kifizet\u00e9sre ind\u00edt\u00f3 szervezeti egys\u00e9g<\/td>\n<\/tr>\n<\/tbody>\n<\/table>\n<p>&nbsp;<\/p>\n<p>K\u00e9rd\u00e9s, k\u00e9r\u00e9s, illetve egyedi elj\u00e1r\u00e1st ig\u00e9nyl\u0151 esetekben k\u00e9rem, hogy keressetek!<\/p>\n<p><a href=\"https:\/\/semmelweis.hu\/gfi\/files\/2024\/12\/2024-25-evvaltas-OD-kifizetes-eljaras.pdf\">2024-25 \u00e9vv\u00e1lt\u00e1s OD kifizet\u00e9s elj\u00e1r\u00e1s<\/a><br \/>\nK\u00f6sz\u00f6nettel:<\/p>\n<p style=\"text-align: center\">\u00c1d\u00e1m \u00c9va<br \/>\np\u00e9nz\u00fcgyi \u00e9s vagyongazd\u00e1lkod\u00e1si f\u0151igazgat\u00f3 sk.<\/p>\n","protected":false},"excerpt":{"rendered":"<p>Tisztelt Koll\u00e9g\u00e1k! K\u00e9rem, hogy a 2024. \u00e9v v\u00e9gi \u00e9s a 2025. \u00e9v eleji \u00f6szt\u00f6nd\u00edjak kifizet\u00e9se \u2013 az \u00e9vv\u00e1lt\u00e1s z\u00f6kken\u0151mentes kezel\u00e9se \u00e9rdek\u00e9ben &#8211; az al\u00e1bbi elj\u00e1r\u00e1srend szerint t\u00f6rt\u00e9njen meg: 2024-ben a kifizet\u00e9shez sz\u00fcks\u00e9ges, Neptunban gener\u00e1lt \u00f6szt\u00f6nd\u00edj GIRO \u00e1llom\u00e1nyok a dokument\u00e1ci\u00f3val egy\u00fctt, legk\u00e9s\u0151bb 2024. december 20. 11:00 \u00f3r\u00e1ig ker\u00fcljenek megk\u00fcld\u00e9sre a P\u00e9nz\u00fcgyi Igazgat\u00f3s\u00e1g, Bankforgalmi csoportj\u00e1nak <a href=\"mailto:neptun.osztondij@semmelweis.hu\">neptun.osztondij@semmelweis.hu<\/a> c\u00edm\u00e9re. 2025. &hellip;<\/p>\n","protected":false},"author":102355,"featured_media":0,"comment_status":"closed","ping_status":"closed","sticky":false,"template":"","format":"standard","meta":{"_acf_changed":false,"footnotes":""},"categories":[7],"tags":[],"class_list":["post-94258","post","type-post","status-publish","format-standard","hentry","category-hirek"],"acf":[],"_links":{"self":[{"href":"https:\/\/semmelweis.hu\/gfi\/wp-json\/wp\/v2\/posts\/94258","targetHints":{"allow":["GET"]}}],"collection":[{"href":"https:\/\/semmelweis.hu\/gfi\/wp-json\/wp\/v2\/posts"}],"about":[{"href":"https:\/\/semmelweis.hu\/gfi\/wp-json\/wp\/v2\/types\/post"}],"author":[{"embeddable":true,"href":"https:\/\/semmelweis.hu\/gfi\/wp-json\/wp\/v2\/users\/102355"}],"replies":[{"embeddable":true,"href":"https:\/\/semmelweis.hu\/gfi\/wp-json\/wp\/v2\/comments?post=94258"}],"version-history":[{"count":1,"href":"https:\/\/semmelweis.hu\/gfi\/wp-json\/wp\/v2\/posts\/94258\/revisions"}],"predecessor-version":[{"id":94259,"href":"https:\/\/semmelweis.hu\/gfi\/wp-json\/wp\/v2\/posts\/94258\/revisions\/94259"}],"wp:attachment":[{"href":"https:\/\/semmelweis.hu\/gfi\/wp-json\/wp\/v2\/media?parent=94258"}],"wp:term":[{"taxonomy":"category","embeddable":true,"href":"https:\/\/semmelweis.hu\/gfi\/wp-json\/wp\/v2\/categories?post=94258"},{"taxonomy":"post_tag","embeddable":true,"href":"https:\/\/semmelweis.hu\/gfi\/wp-json\/wp\/v2\/tags?post=94258"}],"curies":[{"name":"wp","href":"https:\/\/api.w.org\/{rel}","templated":true}]}}