{"id":94244,"date":"2024-12-09T12:02:27","date_gmt":"2024-12-09T11:02:27","guid":{"rendered":"https:\/\/semmelweis.hu\/gfi\/?p=94244"},"modified":"2024-12-09T12:02:27","modified_gmt":"2024-12-09T11:02:27","slug":"figyelemfelhivas","status":"publish","type":"post","link":"https:\/\/semmelweis.hu\/gfi\/2024\/12\/09\/figyelemfelhivas\/","title":{"rendered":"Figyelemfelh\u00edv\u00e1s"},"content":{"rendered":"<p style=\"text-align: center\"><strong>Figyelemfelh\u00edv\u00e1s<\/strong><\/p>\n<p>Tisztelt Koll\u00e9g\u00e1k!<\/p>\n<p>Hivatkozva a 2024. \u00e9vben megval\u00f3sult bels\u0151 ellen\u0151ri vizsg\u00e1latok \u00e1ltal felt\u00e1rt hi\u00e1nyoss\u00e1gokra, figyelemfelh\u00edv\u00e1ssal \u00e9lek:<\/p>\n<p style=\"padding-left: 40px\">1. A szervezeti egys\u00e9gek, a t\u00f6mbigazgat\u00f3k, hivatalvezet\u0151k, gazdas\u00e1gi \u00fcgyint\u00e9z\u0151k fel\u00e9 a deleg\u00e1lt al\u00e1\u00edr\u00e1si jogosults\u00e1ggal rendelkez\u0151 munkav\u00e1llal\u00f3k szem\u00e9ly\u00e9ben t\u00f6rt\u00e9n\u0151 v\u00e1ltoz\u00e1s bejelent\u00e9si k\u00f6telezetts\u00e9g betart\u00e1sa \u00e9rdek\u00e9ben. Felh\u00edvom a figyelmet, hogy a PST-k tekintet\u00e9ben, illetve a m\u00e1sodlagos al\u00e1\u00edr\u00f3i jogk\u00f6rgyakorl\u00f3k eset\u00e9ben sz\u00fcks\u00e9ges az al\u00e1\u00edr\u00f3k szem\u00e9ly\u00e9ben t\u00f6rt\u00e9n\u0151 v\u00e1ltoz\u00e1s bejelent\u00e9se a Gazd\u00e1lkod\u00e1s-fel\u00fcgyeleti oszt\u00e1ly r\u00e9sz\u00e9re.<\/p>\n<p style=\"padding-left: 40px\">2. Ezent\u00fal felh\u00edvom a figyelmet az Adom\u00e1nyok, aj\u00e1nd\u00e9kok elfogad\u00e1s\u00e1nak rendje elnevez\u00e9s\u0171 szab\u00e1lyzatban, illetve a hozz\u00e1 kapcsol\u00f3d\u00f3 M\u00f3dszertani \u00fatmutat\u00f3ban el\u0151\u00edrtak marad\u00e9ktalan betart\u00e1s\u00e1ra. K\u00fcl\u00f6n\u00f6s tekintettel a hat\u00e1rid\u0151k betart\u00e1s\u00e1ra, valamint a szakigazgat\u00f3s\u00e1gok r\u00e9sz\u00e9re v\u00e9lem\u00e9nyez\u00e9s c\u00e9lj\u00e1b\u00f3l a dokumentumok megk\u00fcld\u00e9s\u00e9re, illetve a t\u00e9r\u00edt\u00e9smentesen \u00e1tvett aj\u00e1nd\u00e9kok, \u00e1tadott eszk\u00f6z\u00f6k az egyetemi szab\u00e1lyoknak, valamint a sz\u00e1mviteli el\u0151\u00edr\u00e1soknak megfelel\u0151 nyilv\u00e1ntart\u00e1sba v\u00e9tel\u00e9re. Ehhez kapcsol\u00f3d\u00f3an kiemelt figyelemmel sz\u00fcks\u00e9ges lenni az Iratkezel\u00e9si \u00e9s elektronikus \u00fcgyint\u00e9z\u00e9si szab\u00e1lyzatban foglalt dokument\u00e1l\u00e1si rend betart\u00e1s\u00e1ra. A t\u00e9r\u00edt\u00e9smentesen \u00e1tvett aj\u00e1nd\u00e9kok, \u00e1tadott eszk\u00f6z\u00f6k nyilv\u00e1ntart\u00e1sba v\u00e9tele kapcs\u00e1n felh\u00edvom a figyelmet, hogy az, az egyetemi szab\u00e1lyoknak, valamint a sz\u00e1mviteli el\u0151\u00edr\u00e1soknak megfelel\u0151en t\u00f6rt\u00e9njen.<\/p>\n<p style=\"padding-left: 40px\">3. A Lelt\u00e1roz\u00e1si Szab\u00e1lyzat m\u00f3dos\u00edt\u00e1sa k\u00f6zz\u00e9t\u00e9telre ker\u00fclt az egyetemi honlapon. Fokozattan felh\u00edvom a szervezeti egys\u00e9gek figyelm\u00e9t a szab\u00e1lyzatban foglaltakra, az egys\u00e9ges elj\u00e1r\u00e1s alkalmaz\u00e1s\u00e1nak betart\u00e1sa \u00e9rdek\u00e9ben, illetve az idegen \u00e9s mag\u00e1ntulajdonban l\u00e9v\u0151 vagyont\u00e1rgyak nyilv\u00e1ntart\u00e1s\u00e1ra vonatkoz\u00f3 el\u0151\u00edr\u00e1sok betart\u00e1s\u00e1ra!<\/p>\n<p><a href=\"https:\/\/semmelweis.hu\/gfi\/files\/2024\/12\/40536_figyelemfelhivas.pdf\">40536_figyelemfelh\u00edv\u00e1s<\/a><\/p>\n<p>Budapest, 2024. december 05.<\/p>\n<p style=\"text-align: right\">\u00c1d\u00e1m \u00c9va<\/p>\n<p style=\"text-align: right\">f\u0151igazgat\u00f3<\/p>\n<p style=\"text-align: right\">P\u00e9nz\u00fcgyi \u00e9s Vagyongazd\u00e1lkod\u00e1si F\u0151igazgat\u00f3s\u00e1g<\/p>\n","protected":false},"excerpt":{"rendered":"<p>Figyelemfelh\u00edv\u00e1s Tisztelt Koll\u00e9g\u00e1k! Hivatkozva a 2024. \u00e9vben megval\u00f3sult bels\u0151 ellen\u0151ri vizsg\u00e1latok \u00e1ltal felt\u00e1rt hi\u00e1nyoss\u00e1gokra, figyelemfelh\u00edv\u00e1ssal \u00e9lek: 1. A szervezeti egys\u00e9gek, a t\u00f6mbigazgat\u00f3k, hivatalvezet\u0151k, gazdas\u00e1gi \u00fcgyint\u00e9z\u0151k fel\u00e9 a deleg\u00e1lt al\u00e1\u00edr\u00e1si jogosults\u00e1ggal rendelkez\u0151 munkav\u00e1llal\u00f3k szem\u00e9ly\u00e9ben t\u00f6rt\u00e9n\u0151 v\u00e1ltoz\u00e1s bejelent\u00e9si k\u00f6telezetts\u00e9g betart\u00e1sa \u00e9rdek\u00e9ben. Felh\u00edvom a figyelmet, hogy a PST-k tekintet\u00e9ben, illetve a m\u00e1sodlagos al\u00e1\u00edr\u00f3i jogk\u00f6rgyakorl\u00f3k eset\u00e9ben sz\u00fcks\u00e9ges az al\u00e1\u00edr\u00f3k &hellip;<\/p>\n","protected":false},"author":102355,"featured_media":0,"comment_status":"closed","ping_status":"closed","sticky":false,"template":"","format":"standard","meta":{"_acf_changed":false,"footnotes":""},"categories":[7],"tags":[],"class_list":["post-94244","post","type-post","status-publish","format-standard","hentry","category-hirek"],"acf":[],"_links":{"self":[{"href":"https:\/\/semmelweis.hu\/gfi\/wp-json\/wp\/v2\/posts\/94244","targetHints":{"allow":["GET"]}}],"collection":[{"href":"https:\/\/semmelweis.hu\/gfi\/wp-json\/wp\/v2\/posts"}],"about":[{"href":"https:\/\/semmelweis.hu\/gfi\/wp-json\/wp\/v2\/types\/post"}],"author":[{"embeddable":true,"href":"https:\/\/semmelweis.hu\/gfi\/wp-json\/wp\/v2\/users\/102355"}],"replies":[{"embeddable":true,"href":"https:\/\/semmelweis.hu\/gfi\/wp-json\/wp\/v2\/comments?post=94244"}],"version-history":[{"count":4,"href":"https:\/\/semmelweis.hu\/gfi\/wp-json\/wp\/v2\/posts\/94244\/revisions"}],"predecessor-version":[{"id":94248,"href":"https:\/\/semmelweis.hu\/gfi\/wp-json\/wp\/v2\/posts\/94244\/revisions\/94248"}],"wp:attachment":[{"href":"https:\/\/semmelweis.hu\/gfi\/wp-json\/wp\/v2\/media?parent=94244"}],"wp:term":[{"taxonomy":"category","embeddable":true,"href":"https:\/\/semmelweis.hu\/gfi\/wp-json\/wp\/v2\/categories?post=94244"},{"taxonomy":"post_tag","embeddable":true,"href":"https:\/\/semmelweis.hu\/gfi\/wp-json\/wp\/v2\/tags?post=94244"}],"curies":[{"name":"wp","href":"https:\/\/api.w.org\/{rel}","templated":true}]}}