{"id":94182,"date":"2024-11-27T15:38:52","date_gmt":"2024-11-27T14:38:52","guid":{"rendered":"https:\/\/semmelweis.hu\/gfi\/?p=94182"},"modified":"2024-11-27T15:38:52","modified_gmt":"2024-11-27T14:38:52","slug":"tajekoztato-muteti-ruhazat-beszerzeserol-2","status":"publish","type":"post","link":"https:\/\/semmelweis.hu\/gfi\/2024\/11\/27\/tajekoztato-muteti-ruhazat-beszerzeserol-2\/","title":{"rendered":"T\u00e1j\u00e9koztat\u00f3 m\u0171t\u00e9ti ruh\u00e1zat beszerz\u00e9s\u00e9r\u0151l"},"content":{"rendered":"<p style=\"text-align: center\"><strong>T\u00c1J\u00c9KOZTAT\u00d3<\/strong><\/p>\n<p style=\"text-align: center\"><strong>m\u0171t\u00e9ti ruh\u00e1zat beszerz\u00e9s\u00e9r\u0151l<\/strong><\/p>\n<p>&nbsp;<\/p>\n<p>T\u00e1j\u00e9koztatom \u00d6n\u00f6ket, hogy a <em>K\u00f6zbeszerz\u00e9si \u00e9s Ell\u00e1t\u00e1si F\u0151igazgat\u00f3s\u00e1g (tov\u00e1bbiakban: KEF) \u201eM\u0171t\u00e9ti ruh\u00e1zat beszerz\u00e9se\u201d<\/em> t\u00e1rgy\u00fa k\u00f6zbeszerz\u00e9si elj\u00e1r\u00e1s eredm\u00e9nyek\u00e9nt 2024. november 26. napj\u00e1n keretmeg\u00e1llapod\u00e1st k\u00f6t\u00f6tt.<\/p>\n<p>Az 1. sz. mell\u00e9klet tartalmazza azon term\u00e9keket, amelyek a KEF \u00e1ltal k\u00f6t\u00f6tt keretmeg\u00e1llapod\u00e1sb\u00f3l megrendelhet\u0151ek.<\/p>\n<p>A fenti term\u00e9kk\u00f6rre vonatkoz\u00f3 ig\u00e9nyeket \u2013 \u00f6sszeghat\u00e1rt\u00f3l f\u00fcggetlen\u00fcl, az eddig gyakorlat szerint \u2013 a beszerz\u00e9si szab\u00e1lyzatnak megfelel\u0151en Beszerz\u00e9s Min\u0151s\u00edt\u0151 Lap kit\u00f6lt\u00e9s\u00e9vel, a Beszerz\u00e9si Igazgat\u00f3s\u00e1gra val\u00f3 eljuttat\u00e1s\u00e1val kell bejelenteni. K\u00e9rj\u00fck, hogy a Beszerz\u00e9s Min\u0151s\u00edt\u0151 Lap m\u00f6g\u00e9 a KEF-es adatlapot, vagy a KEF-es cikksz\u00e1mokat tartalmaz\u00f3 dokumentumot csatolni sz\u00edveskedjenek. <strong>Minim\u00e1lisan rendelhet\u0151 mennyis\u00e9g ker\u00fclt meghat\u00e1roz\u00e1sra minden term\u00e9k eset\u00e9ben, amire legyenek sz\u00edvesek figyelemmel lenni az ig\u00e9nyek \u00f6ssze\u00e1ll\u00edt\u00e1sakor.<\/strong> A keretmeg\u00e1llapod\u00e1sb\u00f3l leh\u00edvhat\u00f3 term\u00e9keket az ig\u00e9nyek alapj\u00e1n a Beszerz\u00e9si Igazgat\u00f3s\u00e1g rendeli meg.<\/p>\n<p><a href=\"https:\/\/semmelweis.hu\/gfi\/files\/2024\/11\/Muteti-ruhazat-beszerzese-2024.pdf\">M\u0171t\u00e9ti ruh\u00e1zat beszerz\u00e9se 2024<\/a><\/p>\n<p>Budapest, 2024. november 27.<\/p>\n<p style=\"text-align: center\">Tisztelettel:<\/p>\n<p style=\"text-align: right\">Dr. Farkas D\u00e9nes<\/p>\n<p style=\"text-align: right\">igazgat\u00f3<\/p>\n<p>Mell\u00e9klet:<\/p>\n<p><a href=\"https:\/\/semmelweis.hu\/gfi\/files\/2024\/11\/1.-szamu-melleklet-KMMRUHA24.xlsx\">1. sz\u00e1m\u00fa mell\u00e9klet KMMRUHA24<\/a><\/p>\n","protected":false},"excerpt":{"rendered":"<p>T\u00c1J\u00c9KOZTAT\u00d3 m\u0171t\u00e9ti ruh\u00e1zat beszerz\u00e9s\u00e9r\u0151l &nbsp; T\u00e1j\u00e9koztatom \u00d6n\u00f6ket, hogy a K\u00f6zbeszerz\u00e9si \u00e9s Ell\u00e1t\u00e1si F\u0151igazgat\u00f3s\u00e1g (tov\u00e1bbiakban: KEF) \u201eM\u0171t\u00e9ti ruh\u00e1zat beszerz\u00e9se\u201d t\u00e1rgy\u00fa k\u00f6zbeszerz\u00e9si elj\u00e1r\u00e1s eredm\u00e9nyek\u00e9nt 2024. november 26. napj\u00e1n keretmeg\u00e1llapod\u00e1st k\u00f6t\u00f6tt. Az 1. sz. mell\u00e9klet tartalmazza azon term\u00e9keket, amelyek a KEF \u00e1ltal k\u00f6t\u00f6tt keretmeg\u00e1llapod\u00e1sb\u00f3l megrendelhet\u0151ek. A fenti term\u00e9kk\u00f6rre vonatkoz\u00f3 ig\u00e9nyeket \u2013 \u00f6sszeghat\u00e1rt\u00f3l f\u00fcggetlen\u00fcl, az eddig gyakorlat szerint \u2013 &hellip;<\/p>\n","protected":false},"author":102355,"featured_media":0,"comment_status":"closed","ping_status":"closed","sticky":false,"template":"","format":"standard","meta":{"_acf_changed":false,"footnotes":""},"categories":[7],"tags":[],"class_list":["post-94182","post","type-post","status-publish","format-standard","hentry","category-hirek"],"acf":[],"_links":{"self":[{"href":"https:\/\/semmelweis.hu\/gfi\/wp-json\/wp\/v2\/posts\/94182","targetHints":{"allow":["GET"]}}],"collection":[{"href":"https:\/\/semmelweis.hu\/gfi\/wp-json\/wp\/v2\/posts"}],"about":[{"href":"https:\/\/semmelweis.hu\/gfi\/wp-json\/wp\/v2\/types\/post"}],"author":[{"embeddable":true,"href":"https:\/\/semmelweis.hu\/gfi\/wp-json\/wp\/v2\/users\/102355"}],"replies":[{"embeddable":true,"href":"https:\/\/semmelweis.hu\/gfi\/wp-json\/wp\/v2\/comments?post=94182"}],"version-history":[{"count":1,"href":"https:\/\/semmelweis.hu\/gfi\/wp-json\/wp\/v2\/posts\/94182\/revisions"}],"predecessor-version":[{"id":94183,"href":"https:\/\/semmelweis.hu\/gfi\/wp-json\/wp\/v2\/posts\/94182\/revisions\/94183"}],"wp:attachment":[{"href":"https:\/\/semmelweis.hu\/gfi\/wp-json\/wp\/v2\/media?parent=94182"}],"wp:term":[{"taxonomy":"category","embeddable":true,"href":"https:\/\/semmelweis.hu\/gfi\/wp-json\/wp\/v2\/categories?post=94182"},{"taxonomy":"post_tag","embeddable":true,"href":"https:\/\/semmelweis.hu\/gfi\/wp-json\/wp\/v2\/tags?post=94182"}],"curies":[{"name":"wp","href":"https:\/\/api.w.org\/{rel}","templated":true}]}}