{"id":94150,"date":"2024-11-12T15:50:56","date_gmt":"2024-11-12T14:50:56","guid":{"rendered":"https:\/\/semmelweis.hu\/gfi\/?p=94150"},"modified":"2024-11-13T11:11:48","modified_gmt":"2024-11-13T10:11:48","slug":"tajekoztato-selejtezesi-keresek-befogadasa","status":"publish","type":"post","link":"https:\/\/semmelweis.hu\/gfi\/2024\/11\/12\/tajekoztato-selejtezesi-keresek-befogadasa\/","title":{"rendered":"T\u00e1j\u00e9koztat\u00f3 &#8211; Selejtez\u00e9si k\u00e9r\u00e9sek befogad\u00e1sa"},"content":{"rendered":"<p style=\"text-align: center\"><strong>T \u00c1 J \u00c9 K O Z T A T \u00c1 S<\/strong><\/p>\n<p style=\"text-align: center\"><strong>az Egyetem valamennyi szervezeti egys\u00e9g vezet\u0151j\u00e9nek \u00e9s<\/strong><\/p>\n<p style=\"text-align: center\"><strong>gazdas\u00e1gi koordin\u00e1tor\u00e1nak<\/strong><\/p>\n<p>&nbsp;<\/p>\n<p>T\u00e1j\u00e9koztatom, hogy az \u00e9v v\u00e9gi z\u00e1r\u00e1st el\u0151k\u00e9sz\u00edt\u0151 feladatokkal \u00f6sszef\u00fcgg\u00e9sben a selejtez\u00e9si k\u00e9relmek befogad\u00e1si hat\u00e1rideje:<\/p>\n<p style=\"text-align: center\"><strong>2024. november 29.<\/strong><\/p>\n<p>A Vagyongazd\u00e1lkod\u00e1si Igazgat\u00f3s\u00e1gra a fenti d\u00e1tumig be\u00e9rkezett selejtez\u00e9si k\u00e9relmeket tudjuk ebben az \u00e9vben lebonyol\u00edtani.<\/p>\n<p>&nbsp;<\/p>\n<p>Meg\u00e9rt\u00e9s\u00fcket \u00e9s t\u00fcrelm\u00fcket k\u00f6sz\u00f6nj\u00fck.<\/p>\n<p><a href=\"https:\/\/semmelweis.hu\/gfi\/files\/2024\/11\/Selejtezesek-befogadasa-2024-1.docx\">Selejtezesek-befogadasa-2024<\/a><\/p>\n<p>&nbsp;<\/p>\n<p>Budapest, 2024. november.<\/p>\n<p style=\"text-align: center\">Tisztelettel:<\/p>\n<p style=\"text-align: right\">Rosengart B\u00e9la<\/p>\n<p style=\"text-align: right\">igazgat\u00f3<\/p>\n","protected":false},"excerpt":{"rendered":"<p>T \u00c1 J \u00c9 K O Z T A T \u00c1 S az Egyetem valamennyi szervezeti egys\u00e9g vezet\u0151j\u00e9nek \u00e9s gazdas\u00e1gi koordin\u00e1tor\u00e1nak &nbsp; T\u00e1j\u00e9koztatom, hogy az \u00e9v v\u00e9gi z\u00e1r\u00e1st el\u0151k\u00e9sz\u00edt\u0151 feladatokkal \u00f6sszef\u00fcgg\u00e9sben a selejtez\u00e9si k\u00e9relmek befogad\u00e1si hat\u00e1rideje: 2024. november 29. A Vagyongazd\u00e1lkod\u00e1si Igazgat\u00f3s\u00e1gra a fenti d\u00e1tumig be\u00e9rkezett selejtez\u00e9si k\u00e9relmeket tudjuk ebben az \u00e9vben lebonyol\u00edtani. &nbsp; Meg\u00e9rt\u00e9s\u00fcket &hellip;<\/p>\n","protected":false},"author":102355,"featured_media":0,"comment_status":"closed","ping_status":"closed","sticky":false,"template":"","format":"standard","meta":{"_acf_changed":false,"footnotes":""},"categories":[7],"tags":[],"class_list":["post-94150","post","type-post","status-publish","format-standard","hentry","category-hirek"],"acf":[],"_links":{"self":[{"href":"https:\/\/semmelweis.hu\/gfi\/wp-json\/wp\/v2\/posts\/94150","targetHints":{"allow":["GET"]}}],"collection":[{"href":"https:\/\/semmelweis.hu\/gfi\/wp-json\/wp\/v2\/posts"}],"about":[{"href":"https:\/\/semmelweis.hu\/gfi\/wp-json\/wp\/v2\/types\/post"}],"author":[{"embeddable":true,"href":"https:\/\/semmelweis.hu\/gfi\/wp-json\/wp\/v2\/users\/102355"}],"replies":[{"embeddable":true,"href":"https:\/\/semmelweis.hu\/gfi\/wp-json\/wp\/v2\/comments?post=94150"}],"version-history":[{"count":4,"href":"https:\/\/semmelweis.hu\/gfi\/wp-json\/wp\/v2\/posts\/94150\/revisions"}],"predecessor-version":[{"id":94156,"href":"https:\/\/semmelweis.hu\/gfi\/wp-json\/wp\/v2\/posts\/94150\/revisions\/94156"}],"wp:attachment":[{"href":"https:\/\/semmelweis.hu\/gfi\/wp-json\/wp\/v2\/media?parent=94150"}],"wp:term":[{"taxonomy":"category","embeddable":true,"href":"https:\/\/semmelweis.hu\/gfi\/wp-json\/wp\/v2\/categories?post=94150"},{"taxonomy":"post_tag","embeddable":true,"href":"https:\/\/semmelweis.hu\/gfi\/wp-json\/wp\/v2\/tags?post=94150"}],"curies":[{"name":"wp","href":"https:\/\/api.w.org\/{rel}","templated":true}]}}