{"id":94115,"date":"2024-11-07T11:12:18","date_gmt":"2024-11-07T10:12:18","guid":{"rendered":"https:\/\/semmelweis.hu\/gfi\/?p=94115"},"modified":"2024-11-12T13:04:03","modified_gmt":"2024-11-12T12:04:03","slug":"tajekoztato-kozbeszerzesi-szerzodeskotes-ultragel-medical-kft","status":"publish","type":"post","link":"https:\/\/semmelweis.hu\/gfi\/2024\/11\/07\/tajekoztato-kozbeszerzesi-szerzodeskotes-ultragel-medical-kft\/","title":{"rendered":"T\u00e1j\u00e9koztat\u00f3 &#8211; K\u00f6zbeszerz\u00e9si szerz\u0151d\u00e9sk\u00f6t\u00e9s &#8211; Semmelweis Egyetem \u00e9s az Ultragel Medical Kft. k\u00f6z\u00f6tt"},"content":{"rendered":"<p style=\"text-align: center\"><strong>T \u00c1 J \u00c9 K O Z T A T \u00d3<\/strong><\/p>\n<p style=\"text-align: center\"><strong>klinik\u00e1k, int\u00e9zetek, szervezeti egys\u00e9gek gazdas\u00e1gi vezet\u0151i r\u00e9sz\u00e9re<\/strong><\/p>\n<p>&nbsp;<\/p>\n<p>Tisztelt Gazdas\u00e1gi Vezet\u0151 Asszony\/\u00dar!<\/p>\n<p>T\u00e1j\u00e9koztatjuk \u00d6n\u00f6ket arr\u00f3l, hogy a Semmelweis Egyetem \u00e9s az Ultragel Medical Kft. k\u00f6z\u00f6tt 2024.10.31-\u00e9n, k\u00f6zbeszerz\u00e9si elj\u00e1r\u00e1s eredm\u00e9nyek\u00e9ppen megk\u00f6t\u00f6tt <strong><em>\u201eLaborat\u00f3riumi h\u0171t\u0151 \u00e9s pipett\u00e1z\u00f3 robot beszerz\u00e9se 1. r\u00e9sz\u201d<\/em><\/strong> t\u00e1rgy\u00fa szerz\u0151d\u00e9s adatait az SAP rendszerben az al\u00e1bbiak szerint r\u00f6gz\u00edtett\u00fck.<\/p>\n<p>A szerz\u0151d\u00e9s SAP sz\u00e1ma: <strong>4624005429<\/strong><\/p>\n<p>A beszerz\u00e9st ig\u00e9nyl\u0151 szervezet: <strong>Farmakol\u00f3giai \u00e9s Farmakoter\u00e1pi\u00e1s Int\u00e9zet<\/strong><\/p>\n<p>A szerz\u0151d\u00e9s nett\u00f3 \u00f6sszege: <strong>2.800.000 &#8211; Ft<\/strong><\/p>\n<p>A szerz\u0151d\u00e9s futamideje: <strong>2024.10.31-2025.01.31<\/strong><\/p>\n<p><a href=\"https:\/\/semmelweis.hu\/gfi\/files\/2024\/11\/SAP-Hirek_Ultragel-Medical-Kft.doc\">SAP H\u00edrek_Ultragel Medical Kft<\/a><\/p>\n<p>&nbsp;<\/p>\n<p>Budapest, 2024. november<\/p>\n<p style=\"text-align: center\">\u00dcdv\u00f6zlettel:<\/p>\n<p style=\"text-align: right\">Beszerz\u00e9si Igazgat\u00f3s\u00e1g<\/p>\n","protected":false},"excerpt":{"rendered":"<p>T \u00c1 J \u00c9 K O Z T A T \u00d3 klinik\u00e1k, int\u00e9zetek, szervezeti egys\u00e9gek gazdas\u00e1gi vezet\u0151i r\u00e9sz\u00e9re &nbsp; Tisztelt Gazdas\u00e1gi Vezet\u0151 Asszony\/\u00dar! T\u00e1j\u00e9koztatjuk \u00d6n\u00f6ket arr\u00f3l, hogy a Semmelweis Egyetem \u00e9s az Ultragel Medical Kft. k\u00f6z\u00f6tt 2024.10.31-\u00e9n, k\u00f6zbeszerz\u00e9si elj\u00e1r\u00e1s eredm\u00e9nyek\u00e9ppen megk\u00f6t\u00f6tt \u201eLaborat\u00f3riumi h\u0171t\u0151 \u00e9s pipett\u00e1z\u00f3 robot beszerz\u00e9se 1. r\u00e9sz\u201d t\u00e1rgy\u00fa szerz\u0151d\u00e9s adatait az SAP rendszerben &hellip;<\/p>\n","protected":false},"author":102355,"featured_media":0,"comment_status":"closed","ping_status":"closed","sticky":false,"template":"","format":"standard","meta":{"_acf_changed":false,"footnotes":""},"categories":[7],"tags":[],"class_list":["post-94115","post","type-post","status-publish","format-standard","hentry","category-hirek"],"acf":[],"_links":{"self":[{"href":"https:\/\/semmelweis.hu\/gfi\/wp-json\/wp\/v2\/posts\/94115","targetHints":{"allow":["GET"]}}],"collection":[{"href":"https:\/\/semmelweis.hu\/gfi\/wp-json\/wp\/v2\/posts"}],"about":[{"href":"https:\/\/semmelweis.hu\/gfi\/wp-json\/wp\/v2\/types\/post"}],"author":[{"embeddable":true,"href":"https:\/\/semmelweis.hu\/gfi\/wp-json\/wp\/v2\/users\/102355"}],"replies":[{"embeddable":true,"href":"https:\/\/semmelweis.hu\/gfi\/wp-json\/wp\/v2\/comments?post=94115"}],"version-history":[{"count":3,"href":"https:\/\/semmelweis.hu\/gfi\/wp-json\/wp\/v2\/posts\/94115\/revisions"}],"predecessor-version":[{"id":94140,"href":"https:\/\/semmelweis.hu\/gfi\/wp-json\/wp\/v2\/posts\/94115\/revisions\/94140"}],"wp:attachment":[{"href":"https:\/\/semmelweis.hu\/gfi\/wp-json\/wp\/v2\/media?parent=94115"}],"wp:term":[{"taxonomy":"category","embeddable":true,"href":"https:\/\/semmelweis.hu\/gfi\/wp-json\/wp\/v2\/categories?post=94115"},{"taxonomy":"post_tag","embeddable":true,"href":"https:\/\/semmelweis.hu\/gfi\/wp-json\/wp\/v2\/tags?post=94115"}],"curies":[{"name":"wp","href":"https:\/\/api.w.org\/{rel}","templated":true}]}}