{"id":94075,"date":"2024-11-05T10:15:03","date_gmt":"2024-11-05T09:15:03","guid":{"rendered":"https:\/\/semmelweis.hu\/gfi\/?p=94075"},"modified":"2024-11-05T10:15:03","modified_gmt":"2024-11-05T09:15:03","slug":"tajekoztato-bml-es-fedezetigazolas-aktualizalasarol","status":"publish","type":"post","link":"https:\/\/semmelweis.hu\/gfi\/2024\/11\/05\/tajekoztato-bml-es-fedezetigazolas-aktualizalasarol\/","title":{"rendered":"T\u00e1j\u00e9koztat\u00f3 BML \u00e9s fedezetigazol\u00e1s aktualiz\u00e1l\u00e1s\u00e1r\u00f3l"},"content":{"rendered":"<p data-olk-copy-source=\"MessageBody\">Tisztelt Koll\u00e9g\u00e1k!<\/p>\n<p aria-hidden=\"true\">\u00a0<\/p>\n<p>A Gazdas\u00e1gi F\u0151igazgat\u00f3s\u00e1g megsz\u0171n\u00e9se miatt a BML \u00e9s a fedezetigazol\u00e1s aktualiz\u00e1l\u00e1sra ker\u00fclt. A formanyomtatv\u00e1nyok az al\u00e1bbi linken \u00e9rhet\u0151ek el:\u00a0<a id=\"LPlnk152723\" href=\"https:\/\/semmelweis.hu\/beszerzes\/beszerzesi-folyamatok\/beszerzesi-szabalyzat-formanyomtatvanyok\/\" target=\"_blank\" rel=\"noopener noreferrer\">https:\/\/semmelweis.hu\/beszerzes\/beszerzesi-folyamatok\/beszerzesi-szabalyzat-formanyomtatvanyok\/<\/a>. K\u00e9rj\u00fck a j\u00f6v\u0151ben az \u00faj nyomtatv\u00e1nyokat sz\u00edveskedjenek haszn\u00e1lni.<\/p>\n<p aria-hidden=\"true\">\u00a0<\/p>\n<p>Tisztelettel,<\/p>\n<p>Beszerz\u00e9si Igazgat\u00f3s\u00e1g<\/p>\n","protected":false},"excerpt":{"rendered":"<p>Tisztelt Koll\u00e9g\u00e1k!<br \/>\n\u00a0<br \/>\nA Gazdas\u00e1gi F\u0151igazgat\u00f3s\u00e1g megsz\u0171n\u00e9se miatt a BML \u00e9s a fedezetigazol\u00e1s aktualiz\u00e1l\u00e1sra ker\u00fclt. A formanyomtatv\u00e1nyok az al\u00e1bbi linken \u00e9rhet\u0151ek el:\u00a0<a id=\"LPlnk152723\" href=\"https:\/\/semmelweis.hu\/beszerzes\/beszerzesi-folyamatok\/beszerzesi-szabalyzat-formanyomtatvanyok\/\" target=\"_blank\" rel=\"noopener noreferrer\">https:\/\/semmelweis.hu\/beszerzes\/beszerzesi-folyamatok\/beszerzesi-szabalyzat-formanyomtatvanyok\/<\/a>. K\u00e9rj\u00fck a j\u00f6v\u0151ben az \u00faj nyomtatv\u00e1nyokat sz\u00edveskedjenek haszn\u00e1lni.<br \/>\n\u00a0<br \/>\nTisztelettel,<br \/>\nBeszerz\u00e9si Igazgat\u00f3s\u00e1g<\/p>\n","protected":false},"author":102355,"featured_media":0,"comment_status":"closed","ping_status":"closed","sticky":false,"template":"","format":"standard","meta":{"_acf_changed":false,"footnotes":""},"categories":[7],"tags":[],"class_list":["post-94075","post","type-post","status-publish","format-standard","hentry","category-hirek"],"acf":[],"_links":{"self":[{"href":"https:\/\/semmelweis.hu\/gfi\/wp-json\/wp\/v2\/posts\/94075","targetHints":{"allow":["GET"]}}],"collection":[{"href":"https:\/\/semmelweis.hu\/gfi\/wp-json\/wp\/v2\/posts"}],"about":[{"href":"https:\/\/semmelweis.hu\/gfi\/wp-json\/wp\/v2\/types\/post"}],"author":[{"embeddable":true,"href":"https:\/\/semmelweis.hu\/gfi\/wp-json\/wp\/v2\/users\/102355"}],"replies":[{"embeddable":true,"href":"https:\/\/semmelweis.hu\/gfi\/wp-json\/wp\/v2\/comments?post=94075"}],"version-history":[{"count":1,"href":"https:\/\/semmelweis.hu\/gfi\/wp-json\/wp\/v2\/posts\/94075\/revisions"}],"predecessor-version":[{"id":94076,"href":"https:\/\/semmelweis.hu\/gfi\/wp-json\/wp\/v2\/posts\/94075\/revisions\/94076"}],"wp:attachment":[{"href":"https:\/\/semmelweis.hu\/gfi\/wp-json\/wp\/v2\/media?parent=94075"}],"wp:term":[{"taxonomy":"category","embeddable":true,"href":"https:\/\/semmelweis.hu\/gfi\/wp-json\/wp\/v2\/categories?post=94075"},{"taxonomy":"post_tag","embeddable":true,"href":"https:\/\/semmelweis.hu\/gfi\/wp-json\/wp\/v2\/tags?post=94075"}],"curies":[{"name":"wp","href":"https:\/\/api.w.org\/{rel}","templated":true}]}}