{"id":94071,"date":"2024-11-04T15:28:07","date_gmt":"2024-11-04T14:28:07","guid":{"rendered":"https:\/\/semmelweis.hu\/gfi\/?p=94071"},"modified":"2024-11-04T15:33:09","modified_gmt":"2024-11-04T14:33:09","slug":"uj-idopont-palyazati-projektkezelesi-workshopra","status":"publish","type":"post","link":"https:\/\/semmelweis.hu\/gfi\/2024\/11\/04\/uj-idopont-palyazati-projektkezelesi-workshopra\/","title":{"rendered":"\u00daj id\u0151pont P\u00e1ly\u00e1zati Projektkezel\u00e9si workshopra"},"content":{"rendered":"<p class=\"x_MsoNormal\"><b data-olk-copy-source=\"MessageBody\">\u00daj id\u0151pont P\u00e1ly\u00e1zati Projektkezel\u00e9si workshopra<\/b><\/p>\n<p class=\"x_MsoNormal\">A kor\u00e1bban meghirdetett workshop alkalmak m\u00e1r beteltek, az \u00faj id\u0151pontban m\u00e9g van lehet\u0151s\u00e9g a r\u00e9szv\u00e9telre.<i>\u00a0P\u00e1ly\u00e1zat- \u00e9s P\u00e1ly\u00e1zati Projektkezel\u00e9si Szab\u00e1lyzat<\/i>\u00a0workshop\u00a0<b>\u00faj id\u0151pontja 2024. november 29. (p\u00e9ntek) 11:00 \u2013 15:00<\/b>.<\/p>\n<p class=\"x_MsoNormal\"><b>\u00daJ id\u0151pont:<\/b><br \/>\n2024. november 29. (p\u00e9ntek) 11:00 \u2013 15:00<br \/>\n<b>Helysz\u00edn:<\/b>\u00a0Nagyv\u00e1rad T\u00e9ri Elm\u00e9leti T\u00f6mb, Budapest<\/p>\n<p class=\"x_MsoNormal\">Regisztr\u00e1ci\u00f3:\u00a0<b><a href=\"https:\/\/forms.office.com\/e\/CNvANpsuJJ\" target=\"_blank\" rel=\"noopener noreferrer\">Jelentkez\u00e9s<\/a><\/b><\/p>\n","protected":false},"excerpt":{"rendered":"<p>\u00daj id\u0151pont P\u00e1ly\u00e1zati Projektkezel\u00e9si workshopra<br \/>\nA kor\u00e1bban meghirdetett workshop alkalmak m\u00e1r beteltek, az \u00faj id\u0151pontban m\u00e9g van lehet\u0151s\u00e9g a r\u00e9szv\u00e9telre.\u00a0P\u00e1ly\u00e1zat- \u00e9s P\u00e1ly\u00e1zati Projektkezel\u00e9si Szab\u00e1lyzat\u00a0workshop\u00a0\u00faj id\u0151pontja 2024. november 29. (p\u00e9ntek) 11:00 \u2013 15:00.<br \/>\n\u00daJ id\u0151pont:<br \/>\n2024. november 29. (p\u00e9ntek) 11:00 \u2013 15:00<br \/>\nHelysz\u00edn:\u00a0Nagyv\u00e1rad T\u00e9ri Elm\u00e9leti T\u00f6mb, Budapest<br \/>\nRegisztr\u00e1ci\u00f3:\u00a0<a href=\"https:\/\/forms.office.com\/e\/CNvANpsuJJ\" target=\"_blank\" rel=\"noopener noreferrer\">Jelentkez\u00e9s<\/a><\/p>\n","protected":false},"author":102355,"featured_media":0,"comment_status":"closed","ping_status":"closed","sticky":false,"template":"","format":"standard","meta":{"_acf_changed":false,"footnotes":""},"categories":[7],"tags":[],"class_list":["post-94071","post","type-post","status-publish","format-standard","hentry","category-hirek"],"acf":[],"_links":{"self":[{"href":"https:\/\/semmelweis.hu\/gfi\/wp-json\/wp\/v2\/posts\/94071","targetHints":{"allow":["GET"]}}],"collection":[{"href":"https:\/\/semmelweis.hu\/gfi\/wp-json\/wp\/v2\/posts"}],"about":[{"href":"https:\/\/semmelweis.hu\/gfi\/wp-json\/wp\/v2\/types\/post"}],"author":[{"embeddable":true,"href":"https:\/\/semmelweis.hu\/gfi\/wp-json\/wp\/v2\/users\/102355"}],"replies":[{"embeddable":true,"href":"https:\/\/semmelweis.hu\/gfi\/wp-json\/wp\/v2\/comments?post=94071"}],"version-history":[{"count":2,"href":"https:\/\/semmelweis.hu\/gfi\/wp-json\/wp\/v2\/posts\/94071\/revisions"}],"predecessor-version":[{"id":94074,"href":"https:\/\/semmelweis.hu\/gfi\/wp-json\/wp\/v2\/posts\/94071\/revisions\/94074"}],"wp:attachment":[{"href":"https:\/\/semmelweis.hu\/gfi\/wp-json\/wp\/v2\/media?parent=94071"}],"wp:term":[{"taxonomy":"category","embeddable":true,"href":"https:\/\/semmelweis.hu\/gfi\/wp-json\/wp\/v2\/categories?post=94071"},{"taxonomy":"post_tag","embeddable":true,"href":"https:\/\/semmelweis.hu\/gfi\/wp-json\/wp\/v2\/tags?post=94071"}],"curies":[{"name":"wp","href":"https:\/\/api.w.org\/{rel}","templated":true}]}}