{"id":94066,"date":"2024-10-31T08:14:39","date_gmt":"2024-10-31T07:14:39","guid":{"rendered":"https:\/\/semmelweis.hu\/gfi\/?p=94066"},"modified":"2024-10-31T08:14:50","modified_gmt":"2024-10-31T07:14:50","slug":"tajekoztato-inkubatorok-beszerzeserol","status":"publish","type":"post","link":"https:\/\/semmelweis.hu\/gfi\/2024\/10\/31\/tajekoztato-inkubatorok-beszerzeserol\/","title":{"rendered":"T\u00e1j\u00e9koztat\u00f3 inkub\u00e1torok beszerz\u00e9s\u00e9r\u0151l"},"content":{"rendered":"<p style=\"text-align: center\">T\u00c1J\u00c9KOZTAT\u00d3<\/p>\n<p style=\"text-align: center\">klinikai- \u00e9s nyitott inkub\u00e1tor, hibrid inkub\u00e1tor, hordozhat\u00f3 inkub\u00e1tor t\u00e1rgy\u00fa beszerz\u00e9sekr\u0151l<\/p>\n<p>&nbsp;<\/p>\n<p>T\u00e1j\u00e9koztatom \u00d6n\u00f6ket, hogy a K\u00f6zbeszerz\u00e9si \u00e9s Ell\u00e1t\u00e1si F\u0151igazgat\u00f3s\u00e1g (tov\u00e1bbiakban: KEF) \u201eKlinikai- \u00e9s nyitott inkub\u00e1tor, Hibrid inkub\u00e1tor, Hordozhat\u00f3 inkub\u00e1tor\u201d t\u00e1rgy\u00fa k\u00f6zbeszerz\u00e9si elj\u00e1r\u00e1s eredm\u00e9nyek\u00e9nt 2024. okt\u00f3ber 14. napj\u00e1n az al\u00e1bbi keretmeg\u00e1llapod\u00e1sokat k\u00f6t\u00f6tte:<\/p>\n<p>KM01_ASZ04_DBR_GYERMEK_21 \u2013 Klinikai- \u00e9s nyitott inkub\u00e1tor<br \/>\nKM02_ASZ04_DBR_GYERMEK_21 \u2013 Hibrid inkub\u00e1tor<br \/>\n<span style=\"font-size: 1rem\">KM03_ASZ04_DBR_GYERMEK_21 \u2013 Hordozhat\u00f3 inkub\u00e1tor<\/span><\/p>\n<p>Az 1. sz. mell\u00e9klet tartalmazza azon term\u00e9keket, amelyek a KEF \u00e1ltal k\u00f6t\u00f6tt keretmeg\u00e1llapod\u00e1sokb\u00f3l megrendelhet\u0151ek.<\/p>\n<p>A fenti term\u00e9kk\u00f6r\u00f6kre vonatkoz\u00f3 ig\u00e9nyeket \u2013 \u00f6sszeghat\u00e1rt\u00f3l f\u00fcggetlen\u00fcl, az eddig gyakorlat szerint \u2013 a beszerz\u00e9si szab\u00e1lyzatnak megfelel\u0151en Beszerz\u00e9s Min\u0151s\u00edt\u0151 Lap kit\u00f6lt\u00e9s\u00e9vel, a Beszerz\u00e9si Igazgat\u00f3s\u00e1gra val\u00f3 eljuttat\u00e1s\u00e1val kell bejelenteni. K\u00e9rj\u00fck, hogy a Beszerz\u00e9s Min\u0151s\u00edt\u0151 Lap m\u00f6g\u00e9 a KEF-es adatlapot, vagy a KEF-es cikksz\u00e1mokat tartalmaz\u00f3 dokumentumot csatolni sz\u00edveskedjenek. A keretmeg\u00e1llapod\u00e1sokb\u00f3l leh\u00edvhat\u00f3 term\u00e9keket az ig\u00e9nyek alapj\u00e1n a Beszerz\u00e9si Igazgat\u00f3s\u00e1g rendeli meg.<\/p>\n<p>&nbsp;<\/p>\n<p>Budapest, 2024. okt\u00f3ber 30.<\/p>\n<p>&nbsp;<\/p>\n<p style=\"text-align: center\">Tisztelettel:<\/p>\n<p style=\"text-align: right\">Dr. Farkas D\u00e9nes<\/p>\n<p style=\"text-align: right\">igazgat\u00f3<\/p>\n<p>&nbsp;<\/p>\n<p>Mell\u00e9klet:<a href=\"https:\/\/semmelweis.hu\/gfi\/files\/2024\/10\/1.-szamu-melleklet-KM_ASZ04_DBR_GYERMEK_21.xlsx\">1. sz\u00e1m\u00fa mell\u00e9klet KM_ASZ04_DBR_GYERMEK_21<\/a><\/p>\n<p><a href=\"https:\/\/semmelweis.hu\/gfi\/files\/2024\/10\/Inkubatorok-beszerzese.pdf\">Inkub\u00e1torok beszerz\u00e9se<\/a>\u00a0<\/p>\n","protected":false},"excerpt":{"rendered":"<p>T\u00c1J\u00c9KOZTAT\u00d3 klinikai- \u00e9s nyitott inkub\u00e1tor, hibrid inkub\u00e1tor, hordozhat\u00f3 inkub\u00e1tor t\u00e1rgy\u00fa beszerz\u00e9sekr\u0151l &nbsp; T\u00e1j\u00e9koztatom \u00d6n\u00f6ket, hogy a K\u00f6zbeszerz\u00e9si \u00e9s Ell\u00e1t\u00e1si F\u0151igazgat\u00f3s\u00e1g (tov\u00e1bbiakban: KEF) \u201eKlinikai- \u00e9s nyitott inkub\u00e1tor, Hibrid inkub\u00e1tor, Hordozhat\u00f3 inkub\u00e1tor\u201d t\u00e1rgy\u00fa k\u00f6zbeszerz\u00e9si elj\u00e1r\u00e1s eredm\u00e9nyek\u00e9nt 2024. okt\u00f3ber 14. napj\u00e1n az al\u00e1bbi keretmeg\u00e1llapod\u00e1sokat k\u00f6t\u00f6tte: KM01_ASZ04_DBR_GYERMEK_21 \u2013 Klinikai- \u00e9s nyitott inkub\u00e1tor KM02_ASZ04_DBR_GYERMEK_21 \u2013 Hibrid inkub\u00e1tor KM03_ASZ04_DBR_GYERMEK_21 \u2013 Hordozhat\u00f3 &hellip;<\/p>\n","protected":false},"author":102355,"featured_media":0,"comment_status":"closed","ping_status":"closed","sticky":false,"template":"","format":"standard","meta":{"_acf_changed":false,"footnotes":""},"categories":[7],"tags":[],"class_list":["post-94066","post","type-post","status-publish","format-standard","hentry","category-hirek"],"acf":[],"_links":{"self":[{"href":"https:\/\/semmelweis.hu\/gfi\/wp-json\/wp\/v2\/posts\/94066","targetHints":{"allow":["GET"]}}],"collection":[{"href":"https:\/\/semmelweis.hu\/gfi\/wp-json\/wp\/v2\/posts"}],"about":[{"href":"https:\/\/semmelweis.hu\/gfi\/wp-json\/wp\/v2\/types\/post"}],"author":[{"embeddable":true,"href":"https:\/\/semmelweis.hu\/gfi\/wp-json\/wp\/v2\/users\/102355"}],"replies":[{"embeddable":true,"href":"https:\/\/semmelweis.hu\/gfi\/wp-json\/wp\/v2\/comments?post=94066"}],"version-history":[{"count":4,"href":"https:\/\/semmelweis.hu\/gfi\/wp-json\/wp\/v2\/posts\/94066\/revisions"}],"predecessor-version":[{"id":94070,"href":"https:\/\/semmelweis.hu\/gfi\/wp-json\/wp\/v2\/posts\/94066\/revisions\/94070"}],"wp:attachment":[{"href":"https:\/\/semmelweis.hu\/gfi\/wp-json\/wp\/v2\/media?parent=94066"}],"wp:term":[{"taxonomy":"category","embeddable":true,"href":"https:\/\/semmelweis.hu\/gfi\/wp-json\/wp\/v2\/categories?post=94066"},{"taxonomy":"post_tag","embeddable":true,"href":"https:\/\/semmelweis.hu\/gfi\/wp-json\/wp\/v2\/tags?post=94066"}],"curies":[{"name":"wp","href":"https:\/\/api.w.org\/{rel}","templated":true}]}}