{"id":94060,"date":"2024-10-28T14:38:00","date_gmt":"2024-10-28T13:38:00","guid":{"rendered":"https:\/\/semmelweis.hu\/gfi\/?p=94060"},"modified":"2024-10-28T14:38:00","modified_gmt":"2024-10-28T13:38:00","slug":"tajekoztatas-leltar-idopontjarol-a-kozponti-kezelesu-raktarakban-kozponti-raktar-kp11-strategiai-keszletraktar-kp00-es-kulso-mester-utcai-raktar-kpxx","status":"publish","type":"post","link":"https:\/\/semmelweis.hu\/gfi\/2024\/10\/28\/tajekoztatas-leltar-idopontjarol-a-kozponti-kezelesu-raktarakban-kozponti-raktar-kp11-strategiai-keszletraktar-kp00-es-kulso-mester-utcai-raktar-kpxx\/","title":{"rendered":"T\u00e1j\u00e9koztat\u00e1s lelt\u00e1r id\u0151pontj\u00e1r\u00f3l a K\u00f6zponti Kezel\u00e9s\u0171 Rakt\u00e1rakban (K\u00f6zponti rakt\u00e1r-KP11; Strat\u00e9giai k\u00e9szletrakt\u00e1r-KP00 \u00e9s K\u00fcls\u0151 Mester utcai rakt\u00e1r-KPXX)"},"content":{"rendered":"<p style=\"text-align: center\"><strong>T\u00c1J\u00c9KOZTAT\u00c1S<\/strong><\/p>\n<p style=\"text-align: center\">az Egyetem valamennyi szervezeti egys\u00e9ge sz\u00e1m\u00e1ra<\/p>\n<p style=\"text-align: center\">\u00a0<\/p>\n<p>&nbsp;<\/p>\n<p>T\u00e1j\u00e9koztatom az Egyetem szervezeti egys\u00e9geit, hogy a k\u00f6zponti kezel\u00e9s\u0171 rakt\u00e1rakban: <br \/>\n<strong>K\u00f6zponti Rakt\u00e1r &#8211; KP11; Strat\u00e9giai k\u00e9szletrakt\u00e1r &#8211; KP00 \u00e9s a K\u00fcls\u0151 Mester utcai rakt\u00e1r \u2013 KPXX<\/strong>, a Lelt\u00e1rellen\u0151rz\u00e9si Csoport munkat\u00e1rsai 2025. janu\u00e1r 10-i fordul\u00f3nappal<\/p>\n<p style=\"text-align: center\"><span style=\"font-size: 18pt\"><strong>2025. janu\u00e1r 13-15-ig<\/strong><\/span><\/p>\n<p>teljesk\u00f6r\u0171 lelt\u00e1roz\u00e1st hajtanak v\u00e9gre. Ezen id\u0151szak alatt a rakt\u00e1ri kiad\u00e1s sz\u00fcnetel!<\/p>\n<p>A rakt\u00e1ri kisz\u00e1ll\u00edt\u00e1sok utols\u00f3 napja: <strong>2024. december 20. (p\u00e9ntek)<\/strong><\/p>\n<p>Lelt\u00e1r ut\u00e1n \u00fajb\u00f3l tudj\u00e1k fogadni a K\u00f6zponti Kezel\u00e9s\u0171 Rakt\u00e1rak a rendel\u00e9seket.<\/p>\n<p><a href=\"https:\/\/semmelweis.hu\/gfi\/files\/2024\/10\/TAJEKOZTATAS-120515_GFIVGI_2024.pdf\">T\u00c1J\u00c9KOZTAT\u00c1S &#8211; 120515_GFIVGI_2024<\/a><\/p>\n<p>&nbsp;<\/p>\n<p>Budapest, 2024.10.28.<\/p>\n<p>&nbsp;<\/p>\n<p style=\"text-align: center\">Tisztelettel:<\/p>\n<p style=\"text-align: right\">Rosengart B\u00e9la<\/p>\n","protected":false},"excerpt":{"rendered":"<p>T\u00c1J\u00c9KOZTAT\u00c1S az Egyetem valamennyi szervezeti egys\u00e9ge sz\u00e1m\u00e1ra \u00a0 &nbsp; T\u00e1j\u00e9koztatom az Egyetem szervezeti egys\u00e9geit, hogy a k\u00f6zponti kezel\u00e9s\u0171 rakt\u00e1rakban: K\u00f6zponti Rakt\u00e1r &#8211; KP11; Strat\u00e9giai k\u00e9szletrakt\u00e1r &#8211; KP00 \u00e9s a K\u00fcls\u0151 Mester utcai rakt\u00e1r \u2013 KPXX, a Lelt\u00e1rellen\u0151rz\u00e9si Csoport munkat\u00e1rsai 2025. janu\u00e1r 10-i fordul\u00f3nappal 2025. janu\u00e1r 13-15-ig teljesk\u00f6r\u0171 lelt\u00e1roz\u00e1st hajtanak v\u00e9gre. Ezen id\u0151szak alatt a rakt\u00e1ri &hellip;<\/p>\n","protected":false},"author":102355,"featured_media":0,"comment_status":"closed","ping_status":"closed","sticky":false,"template":"","format":"standard","meta":{"_acf_changed":false,"footnotes":""},"categories":[7],"tags":[],"class_list":["post-94060","post","type-post","status-publish","format-standard","hentry","category-hirek"],"acf":[],"_links":{"self":[{"href":"https:\/\/semmelweis.hu\/gfi\/wp-json\/wp\/v2\/posts\/94060","targetHints":{"allow":["GET"]}}],"collection":[{"href":"https:\/\/semmelweis.hu\/gfi\/wp-json\/wp\/v2\/posts"}],"about":[{"href":"https:\/\/semmelweis.hu\/gfi\/wp-json\/wp\/v2\/types\/post"}],"author":[{"embeddable":true,"href":"https:\/\/semmelweis.hu\/gfi\/wp-json\/wp\/v2\/users\/102355"}],"replies":[{"embeddable":true,"href":"https:\/\/semmelweis.hu\/gfi\/wp-json\/wp\/v2\/comments?post=94060"}],"version-history":[{"count":2,"href":"https:\/\/semmelweis.hu\/gfi\/wp-json\/wp\/v2\/posts\/94060\/revisions"}],"predecessor-version":[{"id":94062,"href":"https:\/\/semmelweis.hu\/gfi\/wp-json\/wp\/v2\/posts\/94060\/revisions\/94062"}],"wp:attachment":[{"href":"https:\/\/semmelweis.hu\/gfi\/wp-json\/wp\/v2\/media?parent=94060"}],"wp:term":[{"taxonomy":"category","embeddable":true,"href":"https:\/\/semmelweis.hu\/gfi\/wp-json\/wp\/v2\/categories?post=94060"},{"taxonomy":"post_tag","embeddable":true,"href":"https:\/\/semmelweis.hu\/gfi\/wp-json\/wp\/v2\/tags?post=94060"}],"curies":[{"name":"wp","href":"https:\/\/api.w.org\/{rel}","templated":true}]}}