{"id":94043,"date":"2024-10-21T13:13:14","date_gmt":"2024-10-21T11:13:14","guid":{"rendered":"https:\/\/semmelweis.hu\/gfi\/?p=94043"},"modified":"2024-10-21T13:13:57","modified_gmt":"2024-10-21T11:13:57","slug":"meghivo-palyazat-es-palyazati-projektkezelesi-szabalyzat-es-palyazati-es-palyazatkezelesi-penzugyi-eljarasrend-workshopra","status":"publish","type":"post","link":"https:\/\/semmelweis.hu\/gfi\/2024\/10\/21\/meghivo-palyazat-es-palyazati-projektkezelesi-szabalyzat-es-palyazati-es-palyazatkezelesi-penzugyi-eljarasrend-workshopra\/","title":{"rendered":"Megh\u00edv\u00f3 P\u00e1ly\u00e1zat- \u00e9s P\u00e1ly\u00e1zati Projektkezel\u00e9si Szab\u00e1lyzat \u00e9s P\u00e1ly\u00e1zati \u00e9s P\u00e1ly\u00e1zatkezel\u00e9si P\u00e9nz\u00fcgyi Elj\u00e1r\u00e1srend workshopra"},"content":{"rendered":"<p style=\"text-align: center\"><strong>Megh\u00edv\u00f3<br \/>\n<\/strong><strong>P\u00e1ly\u00e1zat- \u00e9s P\u00e1ly\u00e1zati Projektkezel\u00e9si Szab\u00e1lyzat<br \/>\n<\/strong><strong>\u00e9s<br \/>\n<\/strong><strong>P\u00e1ly\u00e1zati \u00e9s P\u00e1ly\u00e1zatkezel\u00e9si P\u00e9nz\u00fcgyi Elj\u00e1r\u00e1srend<br \/>\n<\/strong><strong>workshopra<\/strong><\/p>\n<p>&nbsp;<\/p>\n<p>Tisztelt Koll\u00e9g\u00e1k!<\/p>\n<p>&nbsp;<\/p>\n<p>A P\u00e1ly\u00e1zati \u00e9s KFI H\u00e1l\u00f3zatir\u00e1ny\u00edt\u00e1si Igazgat\u00f3s\u00e1g p\u00e1ly\u00e1zati projektek akt\u00edv megval\u00f3s\u00edt\u00e1s\u00e1ban r\u00e9szt vev\u0151 gazdas\u00e1gi koll\u00e9g\u00e1k sz\u00e1m\u00e1ra workshopot szervez a <strong>P\u00e1ly\u00e1zati \u00e9s P\u00e1ly\u00e1zatkezel\u00e9si P\u00e9nz\u00fcgyi Elj\u00e1r\u00e1srend<\/strong> P\u00e1ly\u00e1zat \u00e9s a P\u00e1ly\u00e1zati Projektkezel\u00e9si Szab\u00e1lyzata gyakorlati tudnival\u00f3inak elm\u00e9ly\u00edt\u00e9se \u00e9rdek\u00e9ben. A workshop kezdem\u00e9nyez\u00e9s\u00e9vel c\u00e9lunk egy interakt\u00edv tapasztalat- \u00e9s inform\u00e1ci\u00f3csere annak \u00e9rdek\u00e9ben, hogy a gyakorlati tapasztalatok \u00e1tad\u00e1s\u00e1val seg\u00edts\u00fck a p\u00e1ly\u00e1zati projektek sikeres megval\u00f3s\u00edt\u00e1s\u00e1t.<\/p>\n<p>&nbsp;<\/p>\n<p>Helysz\u00edn: Nagyv\u00e1rad T\u00e9ri Elm\u00e9leti T\u00f6mb, 1089 Budapest, Nagyv\u00e1rad t\u00e9r 4.<\/p>\n<p>Els\u0151 id\u0151pont: 2024. november 08. (p\u00e9ntek) 8:00 \u2013 12:00 (NET-2)<\/p>\n<p>Tov\u00e1bbi id\u0151pontok: 2024. november 14. (cs\u00fct\u00f6rt\u00f6k) 8:00 \u2013 12:00 (NET-1)<\/p>\n<p>2024. november 22. (p\u00e9ntek) 8:00 \u2013 12:00 (NET-2)<\/p>\n<p>PROGRAM:<\/p>\n<p>8:00 \u2013 8:15 Regisztr\u00e1ci\u00f3, \u00e9rkez\u00e9s<\/p>\n<p>8:15 \u2013 09:00 Elm\u00e9leti k\u00e9pz\u00e9si blokk<\/p>\n<p>09:00 \u2013 11:00 Gyakorlati k\u00e9pz\u00e9si blokk<\/p>\n<p>11:00 \u2013 11:30 K\u00e9rd\u00e9sek \u00e9s v\u00e1laszok<\/p>\n<p>11:30 &#8211; 12:00 Teszt (visszam\u00e9r\u00e9s)<\/p>\n<p>&nbsp;<\/p>\n<p>A workshop alkalmak minimum l\u00e9tsz\u00e1ma 20 f\u0151.<\/p>\n<p>Az esem\u00e9ny regisztr\u00e1ci\u00f3hoz k\u00f6t\u00f6tt, amelyet az al\u00e1bbi el\u00e9rhet\u0151s\u00e9gen tud megtenni.<\/p>\n<p><strong>Regisztr\u00e1ci\u00f3s link<\/strong>: <a href=\"https:\/\/forms.office.com\/e\/CNvANpsuJJ\">https:\/\/forms.office.com\/e\/CNvANpsuJJ<\/a><\/p>\n<p>A r\u00e9szv\u00e9tel tov\u00e1bbi felt\u00e9tele a <a href=\"https:\/\/semmelweis.hu\/gazdalkodas-kfi\/segedletek\/eljarasrendek\/\">P\u00e1ly\u00e1zat \u00e9s P\u00e1ly\u00e1zati Projektkezel\u00e9si Szab\u00e1lyzata<\/a> \u00e9s a <a href=\"https:\/\/semmelweis.hu\/gazdalkodas-kfi\/segedletek\/eljarasrendek\/\">P\u00e1ly\u00e1zati \u00e9s P\u00e1ly\u00e1zatkezel\u00e9si P\u00e9nz\u00fcgyi Elj\u00e1r\u00e1srend<\/a> ismerete.<\/p>\n<p>A rendezv\u00e9nyen f\u00e9nyk\u00e9pfelv\u00e9telek k\u00e9sz\u00fclhetnek, amelyeket a rendezv\u00e9ny szervez\u0151je a tov\u00e1bbi workshopok meghirdet\u00e9s\u00e9nek \u00e9rdek\u00e9ben felhaszn\u00e1lhat a honlapj\u00e1n <a href=\"https:\/\/semmelweis.hu\/gazdalkodas-kfi\/\">https:\/\/semmelweis.hu\/gazdalkodas-kfi\/<\/a>.<\/p>\n<p>K\u00e9rem, hogy p\u00e1ly\u00e1zati projektekkel foglalkoz\u00f3 gazdas\u00e1gi koll\u00e9g\u00e1knak tov\u00e1bb\u00edts\u00e1tok levelemet.<\/p>\n<p>&nbsp;<\/p>\n<p>Budapest, 2024.10.21.<\/p>\n<p>&nbsp;<\/p>\n<p>Tisztelettel:<\/p>\n<p>&nbsp;<\/p>\n<p>Sereg Beatrix<\/p>\n<p>igazgat\u00f3<\/p>\n","protected":false},"excerpt":{"rendered":"<p>Megh\u00edv\u00f3 P\u00e1ly\u00e1zat- \u00e9s P\u00e1ly\u00e1zati Projektkezel\u00e9si Szab\u00e1lyzat \u00e9s P\u00e1ly\u00e1zati \u00e9s P\u00e1ly\u00e1zatkezel\u00e9si P\u00e9nz\u00fcgyi Elj\u00e1r\u00e1srend workshopra &nbsp; Tisztelt Koll\u00e9g\u00e1k! &nbsp; A P\u00e1ly\u00e1zati \u00e9s KFI H\u00e1l\u00f3zatir\u00e1ny\u00edt\u00e1si Igazgat\u00f3s\u00e1g p\u00e1ly\u00e1zati projektek akt\u00edv megval\u00f3s\u00edt\u00e1s\u00e1ban r\u00e9szt vev\u0151 gazdas\u00e1gi koll\u00e9g\u00e1k sz\u00e1m\u00e1ra workshopot szervez a P\u00e1ly\u00e1zati \u00e9s P\u00e1ly\u00e1zatkezel\u00e9si P\u00e9nz\u00fcgyi Elj\u00e1r\u00e1srend P\u00e1ly\u00e1zat \u00e9s a P\u00e1ly\u00e1zati Projektkezel\u00e9si Szab\u00e1lyzata gyakorlati tudnival\u00f3inak elm\u00e9ly\u00edt\u00e9se \u00e9rdek\u00e9ben. A workshop kezdem\u00e9nyez\u00e9s\u00e9vel c\u00e9lunk egy &hellip;<\/p>\n","protected":false},"author":102355,"featured_media":0,"comment_status":"closed","ping_status":"closed","sticky":false,"template":"","format":"standard","meta":{"_acf_changed":false,"footnotes":""},"categories":[7],"tags":[],"class_list":["post-94043","post","type-post","status-publish","format-standard","hentry","category-hirek"],"acf":[],"_links":{"self":[{"href":"https:\/\/semmelweis.hu\/gfi\/wp-json\/wp\/v2\/posts\/94043","targetHints":{"allow":["GET"]}}],"collection":[{"href":"https:\/\/semmelweis.hu\/gfi\/wp-json\/wp\/v2\/posts"}],"about":[{"href":"https:\/\/semmelweis.hu\/gfi\/wp-json\/wp\/v2\/types\/post"}],"author":[{"embeddable":true,"href":"https:\/\/semmelweis.hu\/gfi\/wp-json\/wp\/v2\/users\/102355"}],"replies":[{"embeddable":true,"href":"https:\/\/semmelweis.hu\/gfi\/wp-json\/wp\/v2\/comments?post=94043"}],"version-history":[{"count":3,"href":"https:\/\/semmelweis.hu\/gfi\/wp-json\/wp\/v2\/posts\/94043\/revisions"}],"predecessor-version":[{"id":94047,"href":"https:\/\/semmelweis.hu\/gfi\/wp-json\/wp\/v2\/posts\/94043\/revisions\/94047"}],"wp:attachment":[{"href":"https:\/\/semmelweis.hu\/gfi\/wp-json\/wp\/v2\/media?parent=94043"}],"wp:term":[{"taxonomy":"category","embeddable":true,"href":"https:\/\/semmelweis.hu\/gfi\/wp-json\/wp\/v2\/categories?post=94043"},{"taxonomy":"post_tag","embeddable":true,"href":"https:\/\/semmelweis.hu\/gfi\/wp-json\/wp\/v2\/tags?post=94043"}],"curies":[{"name":"wp","href":"https:\/\/api.w.org\/{rel}","templated":true}]}}