{"id":93683,"date":"2024-03-12T11:43:51","date_gmt":"2024-03-12T10:43:51","guid":{"rendered":"https:\/\/semmelweis.hu\/gfi\/?p=93683"},"modified":"2024-03-12T11:43:51","modified_gmt":"2024-03-12T10:43:51","slug":"2024-evi-leltarutasitas-es-utemterv","status":"publish","type":"post","link":"https:\/\/semmelweis.hu\/gfi\/2024\/03\/12\/2024-evi-leltarutasitas-es-utemterv\/","title":{"rendered":"2024 \u00e9vi lelt\u00e1rutas\u00edt\u00e1s \u00e9s \u00fctemterv."},"content":{"rendered":"<p>Tisztelt Szervezeti Egys\u00e9g vezet\u0151k!<\/p>\n<p>Tisztelt Szervezeti egys\u00e9gek H\u00e1l\u00f3zat-, Gazdas\u00e1gi-, T\u00f6mbigazgat\u00f3k, Hivatalvezet\u0151k, \u00a0Felel\u0151s sz\u00e1mad\u00f3k!<\/p>\n<p>A 2024 \u00e9vi Lelt\u00e1rutas\u00edt\u00e1s \u00e9s \u00dctemterv 1. sz\u00e1m\u00fa mell\u00e9klete tartalmazza a 2024 \u00e9vben lelt\u00e1rk\u00f6teles k\u00f6rzeteket.<\/p>\n<p>K\u00e9rem az \u00fctemtervben foglalt hat\u00e1rid\u0151k betart\u00e1s\u00e1t\/ betartat\u00e1s\u00e1t.<\/p>\n<p>Reif L\u00e1szl\u00f3n\u00e9<\/p>\n<p>P\u00e9nz\u00fcgyi Igazgat\u00f3<\/p>\n<p><a href=\"https:\/\/semmelweis.hu\/gfi\/files\/2024\/03\/2024.-evi-Leltarutasitas-es-utemterv.pdf\">2024. \u00e9vi Lelt\u00e1rutas\u00edt\u00e1s \u00e9s \u00fctemterv<\/a><\/p>\n","protected":false},"excerpt":{"rendered":"<p>Tisztelt Szervezeti Egys\u00e9g vezet\u0151k!<br \/>\nTisztelt Szervezeti egys\u00e9gek H\u00e1l\u00f3zat-, Gazdas\u00e1gi-, T\u00f6mbigazgat\u00f3k, Hivatalvezet\u0151k, \u00a0Felel\u0151s sz\u00e1mad\u00f3k!<br \/>\nA 2024 \u00e9vi Lelt\u00e1rutas\u00edt\u00e1s \u00e9s \u00dctemterv 1. sz\u00e1m\u00fa mell\u00e9klete tartalmazza a 2024 \u00e9vben lelt\u00e1rk\u00f6teles k\u00f6rzeteket.<br \/>\nK\u00e9rem az \u00fctemtervben foglalt hat\u00e1rid\u0151k betart\u00e1s\u00e1t\/ betartat\u00e1s\u00e1t.<br \/>\nReif L\u00e1szl\u00f3n\u00e9<br \/>\nP\u00e9nz\u00fcgyi Igazgat\u00f3<br \/>\n<a href=\"https:\/\/semmelweis.hu\/gfi\/files\/2024\/03\/2024.-evi-Leltarutasitas-es-utemterv.pdf\">2024. \u00e9vi Lelt\u00e1rutas\u00edt\u00e1s \u00e9s \u00fctemterv<\/a><\/p>\n","protected":false},"author":102273,"featured_media":0,"comment_status":"closed","ping_status":"closed","sticky":false,"template":"","format":"standard","meta":{"_acf_changed":false,"footnotes":""},"categories":[7],"tags":[],"class_list":["post-93683","post","type-post","status-publish","format-standard","hentry","category-hirek"],"acf":[],"_links":{"self":[{"href":"https:\/\/semmelweis.hu\/gfi\/wp-json\/wp\/v2\/posts\/93683","targetHints":{"allow":["GET"]}}],"collection":[{"href":"https:\/\/semmelweis.hu\/gfi\/wp-json\/wp\/v2\/posts"}],"about":[{"href":"https:\/\/semmelweis.hu\/gfi\/wp-json\/wp\/v2\/types\/post"}],"author":[{"embeddable":true,"href":"https:\/\/semmelweis.hu\/gfi\/wp-json\/wp\/v2\/users\/102273"}],"replies":[{"embeddable":true,"href":"https:\/\/semmelweis.hu\/gfi\/wp-json\/wp\/v2\/comments?post=93683"}],"version-history":[{"count":1,"href":"https:\/\/semmelweis.hu\/gfi\/wp-json\/wp\/v2\/posts\/93683\/revisions"}],"predecessor-version":[{"id":93685,"href":"https:\/\/semmelweis.hu\/gfi\/wp-json\/wp\/v2\/posts\/93683\/revisions\/93685"}],"wp:attachment":[{"href":"https:\/\/semmelweis.hu\/gfi\/wp-json\/wp\/v2\/media?parent=93683"}],"wp:term":[{"taxonomy":"category","embeddable":true,"href":"https:\/\/semmelweis.hu\/gfi\/wp-json\/wp\/v2\/categories?post=93683"},{"taxonomy":"post_tag","embeddable":true,"href":"https:\/\/semmelweis.hu\/gfi\/wp-json\/wp\/v2\/tags?post=93683"}],"curies":[{"name":"wp","href":"https:\/\/api.w.org\/{rel}","templated":true}]}}