{"id":93666,"date":"2024-03-05T14:01:34","date_gmt":"2024-03-05T13:01:34","guid":{"rendered":"https:\/\/semmelweis.hu\/gfi\/?p=93666"},"modified":"2024-03-05T14:01:34","modified_gmt":"2024-03-05T13:01:34","slug":"kef-kozpontositott-kozbeszerzesi-keretmegallapodas-3","status":"publish","type":"post","link":"https:\/\/semmelweis.hu\/gfi\/2024\/03\/05\/kef-kozpontositott-kozbeszerzesi-keretmegallapodas-3\/","title":{"rendered":"KEF K\u00f6zpontos\u00edtott K\u00f6zbeszerz\u00e9si keretmeg\u00e1llapod\u00e1s"},"content":{"rendered":"<p><strong>T \u00c1 J \u00c9 K O Z T A T \u00d3<\/strong><\/p>\n<p><strong>klinik\u00e1k, int\u00e9zetek, szervezeti egys\u00e9gek gazdas\u00e1gi vezet\u0151i r\u00e9sz\u00e9re<\/strong><\/p>\n<p><em>Tisztelt Gazdas\u00e1gi Vezet\u0151 Asszony\/\u00dar!<\/em><\/p>\n<p>T\u00e1j\u00e9koztatjuk \u00d6n\u00f6ket arr\u00f3l, hogy a K\u00f6zbeszerz\u00e9si \u00e9s Ell\u00e1t\u00e1si F\u0151igazgat\u00f3s\u00e1g (KEF) \u00e9s az OTP Travel Kft., Ibusz Utaz\u00e1si Iroda Kft., United 4 Kft, Weco-Travel Kft., Jet Travel Kft. k\u00f6z\u00f6tt 2023.04.05-\u00e9n, k\u00f6zpontos\u00edtott k\u00f6zbeszerz\u00e9si elj\u00e1r\u00e1s eredm\u00e9nyek\u00e9ppen megk\u00f6t\u00f6tt<strong>\u201d Nemzetk\u00f6zi utaz\u00e1sszervez\u00e9sek\u201d <\/strong>t\u00e1rgy\u00fa keretmeg\u00e1llapod\u00e1s adatait az SAP rendszerben az al\u00e1bbiak szerint r\u00f6gz\u00edtett\u00fck.<\/p>\n<p>SAP sz\u00e1mok:<\/p>\n<p><strong>4624001475 \u2013 Jet Travel Kft<\/strong><\/p>\n<p><strong>4624001482 &#8211; Ibusz Kft.<\/strong><\/p>\n<p><strong>4624001484 &#8211; OTP Travel Kft.<\/strong><\/p>\n<p><strong>4624001488 \u2013 United Kft.<\/strong><\/p>\n<p><strong>4624001486 \u2013 Weco Kft<\/strong><\/p>\n<p>Kedvezm\u00e9nyezettek: <strong>SE szervezeti egys\u00e9gei<\/strong><\/p>\n<p>Futamid\u0151: <strong>2024.03.04-2027.03.04 <\/strong>(36 h\u00f3nap)<\/p>\n<p>Budapest, 2024. m\u00e1rcius 5.<\/p>\n<p>\u00dcdv\u00f6zlettel,<\/p>\n<p>Beszerz\u00e9si Igazgat\u00f3s\u00e1g<\/p>\n<p><a href=\"https:\/\/semmelweis.hu\/gfi\/files\/2024\/03\/SAP-Hirek-KEF-Nemzetkozi-utazasok.doc\">SAP H\u00edrek KEF Nemzetk\u00f6zi utaz\u00e1sok<\/a><\/p>\n","protected":false},"excerpt":{"rendered":"<p>T \u00c1 J \u00c9 K O Z T A T \u00d3 klinik\u00e1k, int\u00e9zetek, szervezeti egys\u00e9gek gazdas\u00e1gi vezet\u0151i r\u00e9sz\u00e9re Tisztelt Gazdas\u00e1gi Vezet\u0151 Asszony\/\u00dar! T\u00e1j\u00e9koztatjuk \u00d6n\u00f6ket arr\u00f3l, hogy a K\u00f6zbeszerz\u00e9si \u00e9s Ell\u00e1t\u00e1si F\u0151igazgat\u00f3s\u00e1g (KEF) \u00e9s az OTP Travel Kft., Ibusz Utaz\u00e1si Iroda Kft., United 4 Kft, Weco-Travel Kft., Jet Travel Kft. k\u00f6z\u00f6tt 2023.04.05-\u00e9n, k\u00f6zpontos\u00edtott k\u00f6zbeszerz\u00e9si elj\u00e1r\u00e1s eredm\u00e9nyek\u00e9ppen &hellip;<\/p>\n","protected":false},"author":101880,"featured_media":0,"comment_status":"closed","ping_status":"closed","sticky":false,"template":"","format":"standard","meta":{"_acf_changed":false,"footnotes":""},"categories":[7],"tags":[],"class_list":["post-93666","post","type-post","status-publish","format-standard","hentry","category-hirek"],"acf":[],"_links":{"self":[{"href":"https:\/\/semmelweis.hu\/gfi\/wp-json\/wp\/v2\/posts\/93666","targetHints":{"allow":["GET"]}}],"collection":[{"href":"https:\/\/semmelweis.hu\/gfi\/wp-json\/wp\/v2\/posts"}],"about":[{"href":"https:\/\/semmelweis.hu\/gfi\/wp-json\/wp\/v2\/types\/post"}],"author":[{"embeddable":true,"href":"https:\/\/semmelweis.hu\/gfi\/wp-json\/wp\/v2\/users\/101880"}],"replies":[{"embeddable":true,"href":"https:\/\/semmelweis.hu\/gfi\/wp-json\/wp\/v2\/comments?post=93666"}],"version-history":[{"count":2,"href":"https:\/\/semmelweis.hu\/gfi\/wp-json\/wp\/v2\/posts\/93666\/revisions"}],"predecessor-version":[{"id":93669,"href":"https:\/\/semmelweis.hu\/gfi\/wp-json\/wp\/v2\/posts\/93666\/revisions\/93669"}],"wp:attachment":[{"href":"https:\/\/semmelweis.hu\/gfi\/wp-json\/wp\/v2\/media?parent=93666"}],"wp:term":[{"taxonomy":"category","embeddable":true,"href":"https:\/\/semmelweis.hu\/gfi\/wp-json\/wp\/v2\/categories?post=93666"},{"taxonomy":"post_tag","embeddable":true,"href":"https:\/\/semmelweis.hu\/gfi\/wp-json\/wp\/v2\/tags?post=93666"}],"curies":[{"name":"wp","href":"https:\/\/api.w.org\/{rel}","templated":true}]}}