{"id":92436,"date":"2022-12-19T16:42:49","date_gmt":"2022-12-19T15:42:49","guid":{"rendered":"https:\/\/semmelweis.hu\/gfi\/?p=92436"},"modified":"2022-12-20T06:49:23","modified_gmt":"2022-12-20T05:49:23","slug":"penzugyi-igazgatosag-ugyeleti-rendje","status":"publish","type":"post","link":"https:\/\/semmelweis.hu\/gfi\/2022\/12\/19\/penzugyi-igazgatosag-ugyeleti-rendje\/","title":{"rendered":"P\u00e9nz\u00fcgyi Igazgat\u00f3s\u00e1g \u00fcgyeleti rendje"},"content":{"rendered":"<p><a href=\"https:\/\/semmelweis.hu\/gfi\/files\/2022\/12\/ugyeleti-rend_penzugyi-igazgatosag_2022.12.22-2023.01.06-1.docx\">\u00fcgyeleti rend_p\u00e9nz\u00fcgyi igazgat\u00f3s\u00e1g_2022.12.22-2023.01.06<\/a><\/p>\n<p>&nbsp;<\/p>\n<p>&nbsp;<\/p>\n","protected":false},"excerpt":{"rendered":"<p><a href=\"https:\/\/semmelweis.hu\/gfi\/files\/2022\/12\/ugyeleti-rend_penzugyi-igazgatosag_2022.12.22-2023.01.06-1.docx\">\u00fcgyeleti rend_p\u00e9nz\u00fcgyi igazgat\u00f3s\u00e1g_2022.12.22-2023.01.06<\/a><br \/>\n&nbsp;<br \/>\n&nbsp;<\/p>\n","protected":false},"author":101880,"featured_media":0,"comment_status":"closed","ping_status":"closed","sticky":false,"template":"","format":"standard","meta":{"_acf_changed":false,"footnotes":""},"categories":[7],"tags":[10],"class_list":["post-92436","post","type-post","status-publish","format-standard","hentry","category-hirek","tag-penzugy"],"acf":[],"_links":{"self":[{"href":"https:\/\/semmelweis.hu\/gfi\/wp-json\/wp\/v2\/posts\/92436","targetHints":{"allow":["GET"]}}],"collection":[{"href":"https:\/\/semmelweis.hu\/gfi\/wp-json\/wp\/v2\/posts"}],"about":[{"href":"https:\/\/semmelweis.hu\/gfi\/wp-json\/wp\/v2\/types\/post"}],"author":[{"embeddable":true,"href":"https:\/\/semmelweis.hu\/gfi\/wp-json\/wp\/v2\/users\/101880"}],"replies":[{"embeddable":true,"href":"https:\/\/semmelweis.hu\/gfi\/wp-json\/wp\/v2\/comments?post=92436"}],"version-history":[{"count":4,"href":"https:\/\/semmelweis.hu\/gfi\/wp-json\/wp\/v2\/posts\/92436\/revisions"}],"predecessor-version":[{"id":92444,"href":"https:\/\/semmelweis.hu\/gfi\/wp-json\/wp\/v2\/posts\/92436\/revisions\/92444"}],"wp:attachment":[{"href":"https:\/\/semmelweis.hu\/gfi\/wp-json\/wp\/v2\/media?parent=92436"}],"wp:term":[{"taxonomy":"category","embeddable":true,"href":"https:\/\/semmelweis.hu\/gfi\/wp-json\/wp\/v2\/categories?post=92436"},{"taxonomy":"post_tag","embeddable":true,"href":"https:\/\/semmelweis.hu\/gfi\/wp-json\/wp\/v2\/tags?post=92436"}],"curies":[{"name":"wp","href":"https:\/\/api.w.org\/{rel}","templated":true}]}}