{"id":92319,"date":"2022-12-01T10:27:17","date_gmt":"2022-12-01T09:27:17","guid":{"rendered":"https:\/\/semmelweis.hu\/gfi\/?p=92319"},"modified":"2022-12-01T11:55:32","modified_gmt":"2022-12-01T10:55:32","slug":"t-a-j-e-k-o-z-t-a-t-o-az-egyetem-szervezeti-egysegei-vezetoinek-es-a-gazdasagi-ugyekert-felelos-vezetoinek-2022-ev-zarasaval-kapcsolatos-gazdalkodast-erinto-penzugyi-szamviteli-feladatokrol-iktsz","status":"publish","type":"post","link":"https:\/\/semmelweis.hu\/gfi\/2022\/12\/01\/t-a-j-e-k-o-z-t-a-t-o-az-egyetem-szervezeti-egysegei-vezetoinek-es-a-gazdasagi-ugyekert-felelos-vezetoinek-2022-ev-zarasaval-kapcsolatos-gazdalkodast-erinto-penzugyi-szamviteli-feladatokrol-iktsz\/","title":{"rendered":"T \u00c1 J \u00c9 K O Z T A T \u00d3, az Egyetem szervezeti egys\u00e9gei vezet\u0151inek \u00e9s a gazdas\u00e1gi \u00fcgyek\u00e9rt felel\u0151s vezet\u0151inek 2022. \u00e9v z\u00e1r\u00e1s\u00e1val kapcsolatos gazd\u00e1lkod\u00e1st \u00e9rint\u0151 p\u00e9nz\u00fcgyi sz\u00e1mviteli feladatokr\u00f3l  Iktsz: 127408\/KSGFI\/2022"},"content":{"rendered":"<p><strong>T \u00c1 J \u00c9 K O Z T A T \u00d3<\/strong><\/p>\n<p><strong>az Egyetem szervezeti egys\u00e9gei vezet\u0151inek \u00e9s a gazdas\u00e1gi \u00fcgyek\u00e9rt felel\u0151s vezet\u0151inek<\/strong><br \/>\n<strong>2022. \u00e9v z\u00e1r\u00e1s\u00e1val kapcsolatos gazd\u00e1lkod\u00e1st \u00e9rint\u0151 p\u00e9nz\u00fcgyi sz\u00e1mviteli feladatokr\u00f3l<\/strong><\/p>\n<p>\nAz \u00e9v v\u00e9gi p\u00e9nz\u00fcgyi z\u00e1rlati feladatokkal kapcsolatban az al\u00e1bbi t\u00e1j\u00e9koztat\u00e1st adom, \u00e9s egyben k\u00e9rem a le\u00edrtak szerinti \u00fcgyviteli rend betart\u00e1s\u00e1t.<\/p>\n<p><span style=\"text-decoration: underline\"><strong>1. \u00c1tutal\u00e1sos sz\u00e1ml\u00e1k kezel\u00e9si rendje<\/strong><\/span><br \/>\nA 2022. \u00e9v z\u00e1r\u00e1sakor \u2013 a 2022. gazdas\u00e1gi \u00e9vet \u00e9rint\u0151en &#8211; csak k\u00f6nyvelt \u00e1llapot\u00fa sz\u00e1mla lehet az SAP rendszerben. Ennek \u00e9rdek\u00e9ben a k\u00f6vetend\u0151 elj\u00e1r\u00e1si rendet k\u00e9rem betartani:<\/p>\n<p><strong>a. El\u0151legek elsz\u00e1mol\u00e1sa<\/strong><br \/>\n2022. december 15-ig valamennyi kor\u00e1bban kifizetett el\u0151leghez tartoz\u00f3 v\u00e9gsz\u00e1ml\u00e1t be kell k\u00fcldeni a P\u00e9nz\u00fcgyi Igazgat\u00f3s\u00e1gra, amennyiben a teljes\u00edt\u00e9s megt\u00f6rt\u00e9nt.<\/p>\n<p><strong>b. \u00c1tutal\u00e1sok<\/strong><br \/>\nAzon p\u00e1ly\u00e1zatok eset\u00e9ben, amelyek p\u00e9nz\u00fcgyi elsz\u00e1mol\u00e1si hat\u00e1rideje 2022. december 31. napja, a beigazolt sz\u00e1ml\u00e1k bek\u00fcld\u00e9si hat\u00e1rideje: 2022. december 15.<\/p>\n<p>A 2023. janu\u00e1r 9. napj\u00e1ig fizet\u00e9si hat\u00e1rid\u0151t tartalmaz\u00f3 sz\u00e1ml\u00e1kat legk\u00e9s\u0151bb 2022. december 16. napj\u00e1ig a P\u00e9nz\u00fcgyi Igazgat\u00f3s\u00e1gra be\u00e9rkez\u0151en kell megk\u00fcldeni. 2022. \u00e9vben utols\u00f3 utal\u00e1si nap a sz\u00e1ll\u00edt\u00f3i sz\u00e1ml\u00e1k tekintet\u00e9ben 2022. december 22. Amennyiben s\u00fcrg\u0151s utal\u00e1s v\u00e1lik sz\u00fcks\u00e9gess\u00e9, azt k\u00fcl\u00f6n kell jelezni <span style=\"text-decoration: underline;color: #3366ff\">reif.laszlone@semmelweis.hu<\/span> e-mail c\u00edmre.<\/p>\n<p>A 2022. \u00e9vi teljes\u00edt\u00e9s\u0171 sz\u00e1ml\u00e1kat 2023. janu\u00e1r 20. napj\u00e1ig a P\u00e9nz\u00fcgyi Igazgat\u00f3s\u00e1g r\u00e9sz\u00e9re meg kell k\u00fcldeni. Ennek \u00e9rdek\u00e9ben a sz\u00e1ll\u00edt\u00f3kkal fel kell venni a kapcsolatot a sz\u00e1mla megk\u00fcld\u00e9se \u00e9rdek\u00e9ben. Kiemelt figyelmet kell ford\u00edtani a folyamatos teljes\u00edt\u00e9s\u0171 sz\u00e1ml\u00e1k kezel\u00e9s\u00e9re.<\/p>\n<p>Abban az esetben, ha a sz\u00e1mla beigazol\u00e1sa nem lehets\u00e9ges (pl.: kerethi\u00e1ny miatt), a szervezeti egys\u00e9gnek halad\u00e9ktalanul, de legk\u00e9s\u0151bb 24 \u00f3r\u00e1n bel\u00fcl el\u0151rehozott keretet kell ig\u00e9nyelnie a jelen t\u00e1j\u00e9koztat\u00f3 1. sz\u00e1m\u00fa mell\u00e9klet\u00e9ben foglaltaknak megfelel\u0151en, r\u00e9szletes indokl\u00e1ssal ell\u00e1tva.<\/p>\n<p><span style=\"text-decoration: underline\"><strong>2. Nyitott megrendel\u00e9s \u00e1llom\u00e1ny<\/strong><\/span><br \/>\nA nyitott megrendel\u00e9seket 2022. december 20-ig kell fel\u00fclvizsg\u00e1lni, a m\u00e1r teljes\u00fclt, de nem sz\u00e1ml\u00e1zott t\u00e9telek eset\u00e9ben a sz\u00e1ml\u00e1t halad\u00e9ktalanul be kell k\u00e9rni a partnert\u0151l.<\/p>\n<p>2022. december 31-ig minden 2022. \u00e9vi teljes\u00edt\u00e9shez kapcsol\u00f3d\u00f3 megrendel\u00e9st az SAP rendszerbe r\u00f6gz\u00edteni kell.<\/p>\n<p><span style=\"text-decoration: underline\"><strong>3. P\u00e9nzt\u00e1ri elsz\u00e1mol\u00e1sok \u00e9v v\u00e9gi rendje<\/strong><\/span><\/p>\n<p><strong>a. K\u00e9szp\u00e9nzben beszedett bev\u00e9telek kezel\u00e9se<\/strong><br \/>\nA k\u00e9szp\u00e9nzben beszedett bev\u00e9teleket minden esetben legk\u00e9s\u0151bb a beszed\u00e9st k\u00f6vet\u0151 munkanapon (24 \u00f3r\u00e1n bel\u00fcl) be kell fizetni a F\u0151p\u00e9nzt\u00e1rba vagy az OTP Bank Nyrt. p\u00e9nzt\u00e1raiba. A k\u00e9szp\u00e9nzes bev\u00e9telek befizet\u00e9s\u00e9nek legv\u00e9gs\u0151 hat\u00e1rideje 2022. december 22. 10 \u00f3ra. Ezt k\u00f6vet\u0151en a k\u00e9szp\u00e9nzben beszedett bev\u00e9telek felad\u00e1s\u00e1ra k\u00e9szp\u00e9nz-\u00e1tutal\u00e1si megb\u00edz\u00e1ssal, vagy az OTP Bank Nyrt. p\u00e9nzt\u00e1raiba val\u00f3 befizet\u00e9ssel ker\u00fclhet sor. K\u00e9rem, fokozottan figyeljenek a k\u00e9szp\u00e9nzes sz\u00e1ml\u00e1k beszed\u00e9s napj\u00e1ra t\u00f6rt\u00e9n\u0151 ki\u00e1ll\u00edt\u00e1s\u00e1ra is. <br \/>\nAz Igazgat\u00e1si sz\u00fcnetre tekintettel a F\u0151p\u00e9nzt\u00e1r nyitvatart\u00e1sa v\u00e1ltozik, err\u0151l k\u00fcl\u00f6n t\u00e1j\u00e9koztat\u00f3 ker\u00fcl kiad\u00e1sra.<\/p>\n<p><strong>b. H\u00e1zip\u00e9nzt\u00e1rak, ell\u00e1tm\u00e1nyok, el\u0151legek \u00e9v v\u00e9gi kezel\u00e9si rendje<\/strong><br \/>\nAz el\u0151leggel \u00e9s az ell\u00e1tm\u00e1nnyal az al\u00e1bbiak szerint kell elsz\u00e1molni:<br \/>\n\u2022 eg\u00e9szs\u00e9g\u00fcgyi ter\u00fclethez tartoz\u00f3 szervezeti egys\u00e9gek az elsz\u00e1mol\u00e1sokat 2022. december 13. napj\u00e1ig k\u00f6telesek leadni a F\u0151p\u00e9nzt\u00e1rban. Az elsz\u00e1mol\u00e1ssal egyidej\u0171leg k\u00f6vetkez\u0151 ell\u00e1tm\u00e1ny kiad\u00e1sra ker\u00fcl. Abban az esetben, ha az igazgat\u00e1si sz\u00fcnet id\u0151tartam\u00e1ra a szervezeti egys\u00e9g nem tart ig\u00e9ny az ell\u00e1tm\u00e1ny \u00f6sszeg\u00e9re, azt k\u00fcl\u00f6n jelezni sz\u00fcks\u00e9ges.<br \/>\n\u2022 egy\u00e9b szervezeti egys\u00e9gek az elsz\u00e1mol\u00e1st a F\u0151p\u00e9nzt\u00e1r r\u00e9sz\u00e9re 2022. december 15. napj\u00e1ig bez\u00e1r\u00f3lag k\u00f6teles megk\u00fcldeni ellen\u0151rz\u00e9sre, a k\u00f6vetkez\u0151 ell\u00e1tm\u00e1ny kiad\u00e1s\u00e1nak legkor\u00e1bbi id\u0151pontja 2023. janu\u00e1r 10. Amennyiben k\u00e9szp\u00e9nzes beszerz\u00e9s elengedhetetlen\u00fcl sz\u00fcks\u00e9ges v\u00e1lik a F\u0151p\u00e9nzt\u00e1r el\u0151leget ad ki el\u0151zetes k\u00e9relem alapj\u00e1n.<br \/>\n\u2022 a h\u00e1zip\u00e9nzt\u00e1rak p\u00e9nzk\u00e9szlet\u00e9t nem kell befizetni a F\u0151p\u00e9nzt\u00e1rba, viszont az el\u0151leggel kapcsolatos elsz\u00e1mol\u00e1st a fentiek szerint v\u00e9gre kell hajtani.<\/p>\n<p>2022. december 31. napj\u00e1t megel\u0151z\u0151 utols\u00f3 p\u00e9nzt\u00e1ri napon a h\u00e1zip\u00e9nzt\u00e1rak k\u00f6telesek p\u00e9nzt\u00e1rjelent\u00e9st k\u00e9sz\u00edteni, azt a p\u00e9nzt\u00e1ros \u00e9s p\u00e9nzt\u00e1r ellen\u0151r al\u00e1\u00edr\u00e1s\u00e1val ell\u00e1tni, ezt k\u00f6vet\u0151en eredeti p\u00e9ld\u00e1nyt a F\u0151p\u00e9nzt\u00e1rba 2023. janu\u00e1r 13. napj\u00e1ig megk\u00fcldeni.<\/p>\n<p><strong>c. T\u00e1rgyi let\u00e9tek lelt\u00e1roz\u00e1sa<\/strong><br \/>\nAz \u00e1tvett t\u00e1rgyi let\u00e9teket 2022. december 31. fordul\u00f3napra lelt\u00e1rozni kell. <br \/>\nA lelt\u00e1rfelv\u00e9telr\u0151l k\u00e9sz\u00fclt dokumentumokat eredeti pap\u00edr alap\u00fa form\u00e1ban a megfelel\u0151 al\u00e1\u00edr\u00e1sokkal ell\u00e1tva 2023. janu\u00e1r 13. napj\u00e1ig kell a F\u0151p\u00e9nzt\u00e1rba megk\u00fcldeni.<\/p>\n<p><strong>d. Szigor\u00fa sz\u00e1mad\u00e1s\u00fa nyomtatv\u00e1nyok<\/strong><br \/>\nDecember 31.-i fordul\u00f3nappal a p\u00e9nzt\u00e1rak, ell\u00e1tm\u00e1nykezel\u0151 helyek a haszn\u00e1latba nem vett szigor\u00fa sz\u00e1mad\u00e1s\u00fa nyomtatv\u00e1nyokr\u00f3l k\u00f6telesek lelt\u00e1rt k\u00e9sz\u00edteni az Egyetem Lelt\u00e1rk\u00e9sz\u00edt\u00e9si \u00e9s Lelt\u00e1rkezel\u00e9si Szab\u00e1lyzata szerint. Az elk\u00e9sz\u00edtett lelt\u00e1rt a F\u0151p\u00e9nzt\u00e1r r\u00e9sz\u00e9re 2022. janu\u00e1r 15-ig kell megk\u00fcldeni.<\/p>\n<p><span style=\"text-decoration: underline\"><strong>4. 2022. \u00e9vi teljes\u00edt\u00e9s\u0171 \u00e1tutal\u00e1sos vev\u0151i sz\u00e1ml\u00e1k ki\u00e1ll\u00edt\u00e1sa \u00e9s a bev\u00e9telek kezel\u00e9se<\/strong><\/span><br \/>\nA 2022. \u00e9vi teljes\u00edt\u00e9s\u0171 vev\u0151i sz\u00e1ml\u00e1k ki\u00e1ll\u00edt\u00e1s\u00e1nak hat\u00e1rideje 2023. janu\u00e1r 08. napja (minden olyan t\u00e9tel eset\u00e9ben, amelyeknek a teljes\u00edt\u00e9se 2022. december 31.-ig megt\u00f6rt\u00e9nt). Amennyiben a 2022. \u00e9vi teljes\u00edt\u00e9s\u0171 sz\u00e1mla 2023. janu\u00e1r 08-a ut\u00e1n ker\u00fcl ki\u00e1ll\u00edt\u00e1sra, a szervezeti egys\u00e9g \u00edr\u00e1sban igazol\u00f3 jelent\u00e9st k\u00f6teles adni a p\u00e9nz\u00fcgyi igazgat\u00f3 r\u00e9sz\u00e9re a sz\u00e1mla k\u00e9sedelmes ki\u00e1ll\u00edt\u00e1s\u00e1nak ok\u00e1r\u00f3l.<\/p>\n<p>Budapest, 2022. december 10.<\/p>\n<p>&nbsp;<\/p>\n<p>Tisztelettel: Baumgartnern\u00e9 Holl\u00f3 Ir\u00e9n<\/p>\n<p><a href=\"https:\/\/semmelweis.hu\/gfi\/files\/2022\/12\/tajekoztato.pdf\">t\u00e1j\u00e9koztat\u00f3<\/a><\/p>\n<p><a href=\"https:\/\/semmelweis.hu\/gfi\/files\/2022\/12\/1.-sz.-melleklet.docx\">1. sz. mell\u00e9klet<\/a><\/p>\n","protected":false},"excerpt":{"rendered":"<p>T \u00c1 J \u00c9 K O Z T A T \u00d3 az Egyetem szervezeti egys\u00e9gei vezet\u0151inek \u00e9s a gazdas\u00e1gi \u00fcgyek\u00e9rt felel\u0151s vezet\u0151inek 2022. \u00e9v z\u00e1r\u00e1s\u00e1val kapcsolatos gazd\u00e1lkod\u00e1st \u00e9rint\u0151 p\u00e9nz\u00fcgyi sz\u00e1mviteli feladatokr\u00f3l Az \u00e9v v\u00e9gi p\u00e9nz\u00fcgyi z\u00e1rlati feladatokkal kapcsolatban az al\u00e1bbi t\u00e1j\u00e9koztat\u00e1st adom, \u00e9s egyben k\u00e9rem a le\u00edrtak szerinti \u00fcgyviteli rend betart\u00e1s\u00e1t. 1. \u00c1tutal\u00e1sos sz\u00e1ml\u00e1k kezel\u00e9si &hellip;<\/p>\n","protected":false},"author":101489,"featured_media":0,"comment_status":"closed","ping_status":"closed","sticky":false,"template":"","format":"standard","meta":{"_acf_changed":false,"footnotes":""},"categories":[7],"tags":[10],"class_list":["post-92319","post","type-post","status-publish","format-standard","hentry","category-hirek","tag-penzugy"],"acf":[],"_links":{"self":[{"href":"https:\/\/semmelweis.hu\/gfi\/wp-json\/wp\/v2\/posts\/92319","targetHints":{"allow":["GET"]}}],"collection":[{"href":"https:\/\/semmelweis.hu\/gfi\/wp-json\/wp\/v2\/posts"}],"about":[{"href":"https:\/\/semmelweis.hu\/gfi\/wp-json\/wp\/v2\/types\/post"}],"author":[{"embeddable":true,"href":"https:\/\/semmelweis.hu\/gfi\/wp-json\/wp\/v2\/users\/101489"}],"replies":[{"embeddable":true,"href":"https:\/\/semmelweis.hu\/gfi\/wp-json\/wp\/v2\/comments?post=92319"}],"version-history":[{"count":4,"href":"https:\/\/semmelweis.hu\/gfi\/wp-json\/wp\/v2\/posts\/92319\/revisions"}],"predecessor-version":[{"id":92328,"href":"https:\/\/semmelweis.hu\/gfi\/wp-json\/wp\/v2\/posts\/92319\/revisions\/92328"}],"wp:attachment":[{"href":"https:\/\/semmelweis.hu\/gfi\/wp-json\/wp\/v2\/media?parent=92319"}],"wp:term":[{"taxonomy":"category","embeddable":true,"href":"https:\/\/semmelweis.hu\/gfi\/wp-json\/wp\/v2\/categories?post=92319"},{"taxonomy":"post_tag","embeddable":true,"href":"https:\/\/semmelweis.hu\/gfi\/wp-json\/wp\/v2\/tags?post=92319"}],"curies":[{"name":"wp","href":"https:\/\/api.w.org\/{rel}","templated":true}]}}