{"id":91858,"date":"2021-12-13T11:51:18","date_gmt":"2021-12-13T10:51:18","guid":{"rendered":"https:\/\/semmelweis.hu\/gfi\/?p=91858"},"modified":"2021-12-15T08:40:42","modified_gmt":"2021-12-15T07:40:42","slug":"tajekoztato-a-2021-evi-koltsegvetesi-ev-zarasaval-kapcsolatos-gazdalkodast-erinto-penzugyi-szamviteli-feladatokrol-iktsz-124535-gfipui-2021","status":"publish","type":"post","link":"https:\/\/semmelweis.hu\/gfi\/2021\/12\/13\/tajekoztato-a-2021-evi-koltsegvetesi-ev-zarasaval-kapcsolatos-gazdalkodast-erinto-penzugyi-szamviteli-feladatokrol-iktsz-124535-gfipui-2021\/","title":{"rendered":"T\u00e1j\u00e9koztat\u00f3 a 2021. \u00e9vi k\u00f6lts\u00e9gvet\u00e9si \u00e9v z\u00e1r\u00e1s\u00e1val kapcsolatos gazd\u00e1lkod\u00e1st \u00e9rint\u0151 p\u00e9nz\u00fcgyi sz\u00e1mviteli feladatokr\u00f3l Iktsz: 124535\/GFIP\u00dcI\/2021"},"content":{"rendered":"<p><strong>T \u00c1 J \u00c9 K O Z T A T \u00d3<\/strong><\/p>\n<p><strong>az Egyetem szervezeti egys\u00e9gei vezet\u0151inek \u00e9s a gazdas\u00e1gi \u00fcgyek\u00e9rt felel\u0151s vezet\u0151inek a 2021.<\/strong><strong style=\"font-size: 1rem\">\u00e9vi k\u00f6lts\u00e9gvet\u00e9si \u00e9v z\u00e1r\u00e1s\u00e1val kapcsolatos gazd\u00e1lkod\u00e1st \u00e9rint\u0151 p\u00e9nz\u00fcgyi sz\u00e1mviteli feladatokr\u00f3l<\/strong><\/p>\n<p>Az \u00e9v v\u00e9gi p\u00e9nz\u00fcgyi z\u00e1rlati feladatokkal kapcsolatban az al\u00e1bbi t\u00e1j\u00e9koztat\u00e1st adom, \u00e9s egyben k\u00e9rem a le\u00edrtak szerinti \u00fcgyviteli rend betart\u00e1s\u00e1t.<\/p>\n<ol>\n<li><strong><u>\u00c1tutal\u00e1sos sz\u00e1ml\u00e1k kezel\u00e9si rendje<\/u><\/strong><\/li>\n<\/ol>\n<p>A 2021. \u00e9v z\u00e1r\u00e1sakor \u2013 a 2021. gazdas\u00e1gi \u00e9vet \u00e9rint\u0151en &#8211; csak k\u00f6nyvelt \u00e1llapot\u00fa sz\u00e1mla lehet az SAP rendszerben. Ennek \u00e9rdek\u00e9ben a k\u00f6vetend\u0151 elj\u00e1r\u00e1si rend:<\/p>\n<ol style=\"list-style-type: lower-alpha\">\n<li><strong>El\u0151legek elsz\u00e1mol\u00e1sa<br \/>\n<\/strong>2021. december 23-ig valamennyi kor\u00e1bban kifizetett el\u0151leghez tartoz\u00f3 v\u00e9gsz\u00e1ml\u00e1t be kell k\u00fcldeni amennyiben a teljes\u00edt\u00e9s megt\u00f6rt\u00e9nt, a P\u00e9nz\u00fcgyi Igazgat\u00f3s\u00e1gra, a P\u00e9nzkezel\u00e9si Szab\u00e1lyzatban el\u0151\u00edrt m\u00f3don felszerelve.<\/p>\n<\/li>\n<li><strong>\u00c1tutal\u00e1sok<br \/>\n<\/strong>Azon p\u00e1ly\u00e1zatok eset\u00e9ben, amelyek p\u00e9nz\u00fcgyi elsz\u00e1mol\u00e1si hat\u00e1rideje 2021. december 31. napja, a beigazolt sz\u00e1ml\u00e1k bek\u00fcld\u00e9si hat\u00e1rideje: 2021. december 20.<\/p>\n<p>A 2021. \u00e9vi fizet\u00e9si hat\u00e1ridej\u0171 sz\u00e1ml\u00e1kat 2021. \u00e9vben ki kell fizetni, ez\u00e9rt k\u00e9rem a beigazolt sz\u00e1ml\u00e1k halad\u00e9ktalan megk\u00fcld\u00e9s\u00e9t a P\u00e9nz\u00fcgyi Igazgat\u00f3s\u00e1gra.<\/p>\n<p>A sz\u00e1ml\u00e1k hat\u00e1rid\u0151ben t\u00f6rt\u00e9n\u0151 utal\u00e1s\u00e1nak felt\u00e9tele, hogy azok a fizet\u00e9si hat\u00e1rid\u0151 lej\u00e1rta el\u0151tt 3 nappal beker\u00fcljenek az Igazgat\u00f3s\u00e1gra, a P\u00e9nzkezel\u00e9si Szab\u00e1lyzatban el\u0151\u00edrtaknak megfelel\u0151, hi\u00e1nytalan \u00e9s hib\u00e1tlan \u00e1llapotban.<\/p>\n<p>Abban az esetben, ha a sz\u00e1mla beigazol\u00e1sa nem lehets\u00e9ges (pl.: kerethi\u00e1ny miatt), a szervezeti egys\u00e9gnek halad\u00e9ktalanul, de legk\u00e9s\u0151bb 24 \u00f3r\u00e1n bel\u00fcl el\u0151rehozott keretet kell ig\u00e9nyelnie a jelen t\u00e1j\u00e9koztat\u00f3 1. sz\u00e1m\u00fa mell\u00e9klet\u00e9ben foglaltaknak megfelel\u0151en, r\u00e9szletes indokl\u00e1ssal ell\u00e1tva.<\/li>\n<\/ol>\n<p>&nbsp;<\/p>\n<ol start=\"2\">\n<li><strong><u>Nyitott megrendel\u00e9s \u00e1llom\u00e1ny<\/u><\/strong><\/li>\n<\/ol>\n<p>A nyitott megrendel\u00e9seket k\u00e9rj\u00fck 2021. december 20-ig fel\u00fclvizsg\u00e1lni, a m\u00e1r teljes\u00fclt, de a partner \u00e1ltal m\u00e9g nem sz\u00e1ml\u00e1zott t\u00e9telek eset\u00e9ben a sz\u00e1ml\u00e1t halad\u00e9ktalanul be kell k\u00e9rni a partnert\u0151l.<\/p>\n<p>&nbsp;<\/p>\n<ol start=\"2021\">\n<li>december 31-ig minden 2021. \u00e9vi teljes\u00edt\u00e9shez kapcsol\u00f3d\u00f3 megrendel\u00e9st az SAP rendszerbe r\u00f6gz\u00edteni kell.<\/li>\n<\/ol>\n<p>&nbsp;<\/p>\n<ol start=\"3\">\n<li><strong><u>P\u00e9nzt\u00e1ri elsz\u00e1mol\u00e1sok \u00e9v v\u00e9gi rendje<\/u><\/strong><\/li>\n<\/ol>\n<ol style=\"list-style-type: lower-alpha\">\n<li><strong>K\u00e9szp\u00e9nzben beszedett bev\u00e9telek kezel\u00e9se<br \/>\n<\/strong>A k\u00e9szp\u00e9nzben beszedett bev\u00e9teleket minden esetben legk\u00e9s\u0151bb a beszed\u00e9st k\u00f6vet\u0151 munkanapon (24 \u00f3r\u00e1n bel\u00fcl) be kell fizetni a F\u0151p\u00e9nzt\u00e1rba vagy az OTP Bank Nyrt. p\u00e9nzt\u00e1raiba. A k\u00e9szp\u00e9nzes bev\u00e9telek befizet\u00e9s\u00e9nek legv\u00e9gs\u0151 hat\u00e1rideje 2021. december 31. 10 \u00f3ra. Ezt k\u00f6vet\u0151en a k\u00e9szp\u00e9nzben beszedett bev\u00e9telek felad\u00e1s\u00e1ra kiz\u00e1r\u00f3lag k\u00e9szp\u00e9nz-\u00e1tutal\u00e1si megb\u00edz\u00e1ssal ker\u00fclhet sor. K\u00e9rem, fokozottan figyeljenek a k\u00e9szp\u00e9nzes sz\u00e1ml\u00e1k beszed\u00e9s napj\u00e1ra t\u00f6rt\u00e9n\u0151 ki\u00e1ll\u00edt\u00e1s\u00e1ra is.<\/p>\n<\/li>\n<li><strong style=\"font-size: 1rem\">H\u00e1zip\u00e9nzt\u00e1rak \u00e9v v\u00e9gi z\u00e1r\u00e1sa<br \/>\n<\/strong>2021. december 31. napj\u00e1n a h\u00e1zip\u00e9nzt\u00e1rak k\u00f6telesek p\u00e9nzt\u00e1rjelent\u00e9st k\u00e9sz\u00edteni azt a p\u00e9nzt\u00e1ros \u00e9s p\u00e9nzt\u00e1r ellen\u0151r al\u00e1\u00edr\u00e1s\u00e1val ell\u00e1tni, ezt k\u00f6vet\u0151en eredeti p\u00e9ld\u00e1nyt a F\u0151p\u00e9nzt\u00e1rba 2022. janu\u00e1r 7. napj\u00e1ig megk\u00fcldeni.<\/p>\n<\/li>\n<li><strong style=\"font-size: 1rem\">T\u00e1rgyi let\u00e9tek lelt\u00e1roz\u00e1sa<br \/>\n<\/strong>Az \u00e1tvett t\u00e1rgyi let\u00e9teket 2021. december 31. fordul\u00f3napra lelt\u00e1rozni kell.<br \/>\nA lelt\u00e1rfelv\u00e9telr\u0151l k\u00e9sz\u00fclt dokumentumokat eredeti pap\u00edr alap\u00fa form\u00e1ban a megfelel\u0151 al\u00e1\u00edr\u00e1sokkal ell\u00e1tva 2022. janu\u00e1r 7. napj\u00e1ig kell a F\u0151p\u00e9nzt\u00e1rba megk\u00fcldeni.<\/li>\n<\/ol>\n<p>&nbsp;<\/p>\n<ol start=\"4\">\n<li><strong><u>2021. \u00e9vi teljes\u00edt\u00e9s\u0171 \u00e1tutal\u00e1sos vev\u0151i sz\u00e1ml\u00e1k ki\u00e1ll\u00edt\u00e1sa \u00e9s a bev\u00e9telek kezel\u00e9se<\/u><\/strong><\/li>\n<\/ol>\n<p>A 2021. \u00e9vi teljes\u00edt\u00e9s\u0171 vev\u0151i sz\u00e1ml\u00e1k ki\u00e1ll\u00edt\u00e1s\u00e1nak hat\u00e1rideje 2022. janu\u00e1r 08. napja (minden olyan t\u00e9tel eset\u00e9ben, amelyeknek a teljes\u00edt\u00e9se 2021. december 31.-ig megt\u00f6rt\u00e9nt). Amennyiben a 2021. \u00e9vi teljes\u00edt\u00e9s\u0171 sz\u00e1mla 2022. janu\u00e1r 08-a ut\u00e1n ker\u00fcl ki\u00e1ll\u00edt\u00e1sra a szervezeti egys\u00e9g \u00edr\u00e1sban igazol\u00f3 jelent\u00e9st k\u00f6teles adni a p\u00e9nz\u00fcgyi igazgat\u00f3 r\u00e9sz\u00e9re a sz\u00e1mla k\u00e9sedelmes ki\u00e1ll\u00edt\u00e1s\u00e1nak ok\u00e1r\u00f3l.<\/p>\n<p>&nbsp;<\/p>\n<ol start=\"5\">\n<li><strong><u>M\u00e9rleg al\u00e1t\u00e1maszt\u00e1sa lelt\u00e1rral<\/u><\/strong><\/li>\n<\/ol>\n<p>A 2021. december 31-i fordul\u00f3napra vonatkoz\u00f3 m\u00e9rleget lelt\u00e1rral k\u00f6telez\u0151 al\u00e1t\u00e1masztani.<\/p>\n<p>&nbsp;<\/p>\n<ol style=\"list-style-type: lower-alpha\">\n<li><strong>K\u00e9szletek<br \/>\n<\/strong>A lelt\u00e1r a k\u00e9szletek vonatkoz\u00e1s\u00e1ban az elfogadott lelt\u00e1roz\u00e1si \u00fctemterv alapj\u00e1n, a szervezeti egys\u00e9gekkel val\u00f3 el\u0151zetes egyeztet\u00e9s alapj\u00e1n ker\u00fcl v\u00e9grehajt\u00e1sra.<\/p>\n<\/li>\n<li><strong style=\"font-size: 1rem\">H\u00e1zip\u00e9nzt\u00e1rak \u00e9s t\u00e1rgyi let\u00e9tek<br \/>\n<\/strong>A h\u00e1zip\u00e9nzt\u00e1rak \u00e9s a t\u00e1rgyi let\u00e9tek lelt\u00e1roz\u00e1s\u00e1t a 3. pont b) \u00e9s c) bekezd\u00e9se alapj\u00e1n kell megval\u00f3s\u00edtani.<\/p>\n<\/li>\n<li><strong style=\"font-size: 1rem\">Szigor\u00fa sz\u00e1mad\u00e1s\u00fa nyomtatv\u00e1nyok<br \/>\n<\/strong>December 31.-i fordul\u00f3nappal a p\u00e9nzt\u00e1rak, ell\u00e1tm\u00e1nykezel\u0151 helyek a haszn\u00e1latba nem vett szigor\u00fa sz\u00e1mad\u00e1s\u00fa nyomtatv\u00e1nyokr\u00f3l k\u00f6telesek lelt\u00e1rt k\u00e9sz\u00edteni az Egyetem Lelt\u00e1rk\u00e9sz\u00edt\u00e9si \u00e9s Lelt\u00e1rkezel\u00e9si Szab\u00e1lyzata szerint. Az elk\u00e9sz\u00edtett lelt\u00e1rt a F\u0151p\u00e9nzt\u00e1r r\u00e9sz\u00e9re 2022. janu\u00e1r 15-ig kell megk\u00fcldeni.<\/li>\n<\/ol>\n<p>Budapest, 2021. december 10.<\/p>\n<p>Tisztelettel:\u00a0 \u00a0 \u00a0 \u00a0 \u00a0 \u00a0 \u00a0 \u00a0 \u00a0 \u00a0 \u00a0 \u00a0 \u00a0 \u00a0 \u00a0 \u00a0 \u00a0 \u00a0 \u00a0 \u00a0 \u00a0 \u00a0 \u00a0 \u00a0 \u00a0 \u00a0 \u00a0 \u00a0 \u00a0 \u00a0 \u00a0 \u00a0 \u00a0 \u00a0 \u00a0 \u00a0 \u00a0 \u00a0 \u00a0 \u00a0 \u00a0 \u00a0 \u00a0 \u00a0 \u00a0 \u00a0 \u00a0 \u00a0 \u00a0 \u00a0 \u00a0 \u00a0 \u00a0 \u00a0 \u00a0 \u00a0 \u00a0 \u00a0 \u00a0 \u00a0 \u00a0 \u00a0 \u00a0 \u00a0 \u00a0 \u00a0 \u00a0 \u00a0 \u00a0 \u00a0 \u00a0 \u00a0 \u00a0 \u00a0 \u00a0 \u00a0 \u00a0 \u00a0 \u00a0 \u00a0 \u00a0 \u00a0 \u00a0 \u00a0Baumgartnern\u00e9 Holl\u00f3 Ir\u00e9n gazdas\u00e1gi f\u0151igazgat\u00f3<\/p>\n<p><a href=\"https:\/\/semmelweis.hu\/gfi\/files\/2021\/12\/20211213110012172.pdf\">20211213110012172<\/a><\/p>\n<p><a href=\"https:\/\/semmelweis.hu\/gfi\/files\/2021\/12\/1sz.-mell.pdf\">1sz. mell<\/a><\/p>\n","protected":false},"excerpt":{"rendered":"<p>T \u00c1 J \u00c9 K O Z T A T \u00d3 az Egyetem szervezeti egys\u00e9gei vezet\u0151inek \u00e9s a gazdas\u00e1gi \u00fcgyek\u00e9rt felel\u0151s vezet\u0151inek a 2021.\u00e9vi k\u00f6lts\u00e9gvet\u00e9si \u00e9v z\u00e1r\u00e1s\u00e1val kapcsolatos gazd\u00e1lkod\u00e1st \u00e9rint\u0151 p\u00e9nz\u00fcgyi sz\u00e1mviteli feladatokr\u00f3l Az \u00e9v v\u00e9gi p\u00e9nz\u00fcgyi z\u00e1rlati feladatokkal kapcsolatban az al\u00e1bbi t\u00e1j\u00e9koztat\u00e1st adom, \u00e9s egyben k\u00e9rem a le\u00edrtak szerinti \u00fcgyviteli rend betart\u00e1s\u00e1t. \u00c1tutal\u00e1sos sz\u00e1ml\u00e1k &hellip;<\/p>\n","protected":false},"author":101489,"featured_media":0,"comment_status":"closed","ping_status":"closed","sticky":false,"template":"","format":"standard","meta":{"_acf_changed":false,"footnotes":""},"categories":[7],"tags":[10],"class_list":["post-91858","post","type-post","status-publish","format-standard","hentry","category-hirek","tag-penzugy"],"acf":[],"_links":{"self":[{"href":"https:\/\/semmelweis.hu\/gfi\/wp-json\/wp\/v2\/posts\/91858","targetHints":{"allow":["GET"]}}],"collection":[{"href":"https:\/\/semmelweis.hu\/gfi\/wp-json\/wp\/v2\/posts"}],"about":[{"href":"https:\/\/semmelweis.hu\/gfi\/wp-json\/wp\/v2\/types\/post"}],"author":[{"embeddable":true,"href":"https:\/\/semmelweis.hu\/gfi\/wp-json\/wp\/v2\/users\/101489"}],"replies":[{"embeddable":true,"href":"https:\/\/semmelweis.hu\/gfi\/wp-json\/wp\/v2\/comments?post=91858"}],"version-history":[{"count":3,"href":"https:\/\/semmelweis.hu\/gfi\/wp-json\/wp\/v2\/posts\/91858\/revisions"}],"predecessor-version":[{"id":91863,"href":"https:\/\/semmelweis.hu\/gfi\/wp-json\/wp\/v2\/posts\/91858\/revisions\/91863"}],"wp:attachment":[{"href":"https:\/\/semmelweis.hu\/gfi\/wp-json\/wp\/v2\/media?parent=91858"}],"wp:term":[{"taxonomy":"category","embeddable":true,"href":"https:\/\/semmelweis.hu\/gfi\/wp-json\/wp\/v2\/categories?post=91858"},{"taxonomy":"post_tag","embeddable":true,"href":"https:\/\/semmelweis.hu\/gfi\/wp-json\/wp\/v2\/tags?post=91858"}],"curies":[{"name":"wp","href":"https:\/\/api.w.org\/{rel}","templated":true}]}}