{"id":91793,"date":"2021-11-16T09:30:51","date_gmt":"2021-11-16T08:30:51","guid":{"rendered":"https:\/\/semmelweis.hu\/gfi\/?p=91793"},"modified":"2021-11-16T09:30:51","modified_gmt":"2021-11-16T08:30:51","slug":"2021-08-01-tol-nyilvantartasba-vett-tobb-forrasbol-beszerzett-eszkozok-kezelese-iktsz-109181-gfipui-2021","status":"publish","type":"post","link":"https:\/\/semmelweis.hu\/gfi\/2021\/11\/16\/2021-08-01-tol-nyilvantartasba-vett-tobb-forrasbol-beszerzett-eszkozok-kezelese-iktsz-109181-gfipui-2021\/","title":{"rendered":"2021. 08. 01-t\u0151l nyilv\u00e1ntart\u00e1sba vett, t\u00f6bb forr\u00e1sb\u00f3l beszerzett eszk\u00f6z\u00f6k kezel\u00e9se Iktsz: 109181\/GFIP\u00dcI\/2021"},"content":{"rendered":"<p><strong>T \u00c1 J \u00c9 K O Z T A T \u00d3<\/strong><\/p>\n<p><strong>\u00a0<\/strong><\/p>\n<p><strong>klinik\u00e1k, int\u00e9zetek, szervezeti egys\u00e9gek gazdas\u00e1gi vezet\u0151i r\u00e9sz\u00e9re<\/strong><\/p>\n<p><strong>\u00a0<\/strong><\/p>\n<p><strong>\u00a0<\/strong><strong>Tisztelt Gazdas\u00e1gi Vezet\u0151 Asszony\/\u00dar!<\/strong><\/p>\n<p><strong>\u00a0<\/strong><\/p>\n<p>A modellv\u00e1lt\u00e1s ut\u00e1n a t\u00f6bb forr\u00e1sb\u00f3l beszerzett eszk\u00f6z\u00f6k nyilv\u00e1ntart\u00e1sba v\u00e9tele megv\u00e1ltozott.<\/p>\n<p>&nbsp;<\/p>\n<ol start=\"2021\">\n<li>08. 01-t\u0151l, abban az esetben, ha egy eszk\u00f6zt t\u00f6bb forr\u00e1sb\u00f3l szereztek be, akkor a nyilv\u00e1ntart\u00e1sba v\u00e9tel \u00fagy t\u00f6rt\u00e9nik, hogy annyi alsz\u00e1m ker\u00fcl nyilv\u00e1ntart\u00e1sba v\u00e9ve, ah\u00e1ny forr\u00e1st \u00e9rint a beszerz\u00e9s.<\/li>\n<\/ol>\n<p>Teh\u00e1t egy ugyanazon f\u0151sz\u00e1mon l\u00e1that\u00f3 lesz a 0-s alsz\u00e1m mellett 1-2, 3 alsz\u00e1m, att\u00f3l f\u00fcgg\u0151en, hogy h\u00e1ny keretb\u0151l t\u00f6rt\u00e9nt a beszerz\u00e9s.<\/p>\n<p>Az \u00e1llom\u00e1nylista leh\u00edv\u00e1sakor egy eszk\u00f6z t\u00f6bb sorban is megjelenik ha nem csak egy keretb\u0151l lett fizetve, de term\u00e9szetesen az egy darab eszk\u00f6znek \u00e9rtend\u0151. Az alsz\u00e1mos nyilv\u00e1ntart\u00e1s az eszk\u00f6z\u00f6k finansz\u00edroz\u00e1si nyilv\u00e1ntart\u00e1sa.<\/p>\n<p>&nbsp;<\/p>\n<p>Az esetleges k\u00e9rd\u00e9sek tekintet\u00e9ben, k\u00e9rj\u00fck az Eszk\u00f6zanalitika Csoport munkat\u00e1rsaihoz fordulni sz\u00edveskedjenek.<\/p>\n<p>&nbsp;<\/p>\n<p>Budapest, 2021. okt\u00f3ber 28.<\/p>\n<p>&nbsp;<\/p>\n<p>Tisztelettel:\u00a0 \u00a0 \u00a0 \u00a0 \u00a0 \u00a0 \u00a0 \u00a0 \u00a0 \u00a0 \u00a0 \u00a0 \u00a0 \u00a0 \u00a0 \u00a0 \u00a0 \u00a0 \u00a0 \u00a0 \u00a0 \u00a0 \u00a0 \u00a0 \u00a0 \u00a0 \u00a0 \u00a0 \u00a0 \u00a0 \u00a0 \u00a0 \u00a0 \u00a0 \u00a0 \u00a0 \u00a0 \u00a0 \u00a0 \u00a0 \u00a0 \u00a0 \u00a0 \u00a0 \u00a0 \u00a0 \u00a0 \u00a0 \u00a0 \u00a0 \u00a0 \u00a0 \u00a0 \u00a0 \u00a0 \u00a0 \u00a0 \u00a0 \u00a0 \u00a0 \u00a0 \u00a0 \u00a0 \u00a0 \u00a0 \u00a0 \u00a0 \u00a0 \u00a0 \u00a0 \u00a0 \u00a0 \u00a0 \u00a0 \u00a0 \u00a0 \u00a0 \u00a0 \u00a0 \u00a0 \u00a0 \u00a0 \u00a0Reif L\u00e1szl\u00f3n\u00e9 p\u00e9nz\u00fcgyi igazgat\u00f3<\/p>\n<p><a href=\"https:\/\/semmelweis.hu\/gfi\/files\/2021\/11\/Scanned_from_a_Lexmark_Multifunction_Product2021-11-16-085035-1.pdf\">Scanned_from_a_Lexmark_Multifunction_Product2021-11-16-085035<\/a><\/p>\n","protected":false},"excerpt":{"rendered":"<p>T \u00c1 J \u00c9 K O Z T A T \u00d3 \u00a0 klinik\u00e1k, int\u00e9zetek, szervezeti egys\u00e9gek gazdas\u00e1gi vezet\u0151i r\u00e9sz\u00e9re \u00a0 \u00a0Tisztelt Gazdas\u00e1gi Vezet\u0151 Asszony\/\u00dar! \u00a0 A modellv\u00e1lt\u00e1s ut\u00e1n a t\u00f6bb forr\u00e1sb\u00f3l beszerzett eszk\u00f6z\u00f6k nyilv\u00e1ntart\u00e1sba v\u00e9tele megv\u00e1ltozott. &nbsp; 08. 01-t\u0151l, abban az esetben, ha egy eszk\u00f6zt t\u00f6bb forr\u00e1sb\u00f3l szereztek be, akkor a nyilv\u00e1ntart\u00e1sba v\u00e9tel \u00fagy t\u00f6rt\u00e9nik, &hellip;<\/p>\n","protected":false},"author":101489,"featured_media":0,"comment_status":"closed","ping_status":"closed","sticky":false,"template":"","format":"standard","meta":{"_acf_changed":false,"footnotes":""},"categories":[7],"tags":[10],"class_list":["post-91793","post","type-post","status-publish","format-standard","hentry","category-hirek","tag-penzugy"],"acf":[],"_links":{"self":[{"href":"https:\/\/semmelweis.hu\/gfi\/wp-json\/wp\/v2\/posts\/91793","targetHints":{"allow":["GET"]}}],"collection":[{"href":"https:\/\/semmelweis.hu\/gfi\/wp-json\/wp\/v2\/posts"}],"about":[{"href":"https:\/\/semmelweis.hu\/gfi\/wp-json\/wp\/v2\/types\/post"}],"author":[{"embeddable":true,"href":"https:\/\/semmelweis.hu\/gfi\/wp-json\/wp\/v2\/users\/101489"}],"replies":[{"embeddable":true,"href":"https:\/\/semmelweis.hu\/gfi\/wp-json\/wp\/v2\/comments?post=91793"}],"version-history":[{"count":1,"href":"https:\/\/semmelweis.hu\/gfi\/wp-json\/wp\/v2\/posts\/91793\/revisions"}],"predecessor-version":[{"id":91795,"href":"https:\/\/semmelweis.hu\/gfi\/wp-json\/wp\/v2\/posts\/91793\/revisions\/91795"}],"wp:attachment":[{"href":"https:\/\/semmelweis.hu\/gfi\/wp-json\/wp\/v2\/media?parent=91793"}],"wp:term":[{"taxonomy":"category","embeddable":true,"href":"https:\/\/semmelweis.hu\/gfi\/wp-json\/wp\/v2\/categories?post=91793"},{"taxonomy":"post_tag","embeddable":true,"href":"https:\/\/semmelweis.hu\/gfi\/wp-json\/wp\/v2\/tags?post=91793"}],"curies":[{"name":"wp","href":"https:\/\/api.w.org\/{rel}","templated":true}]}}