{"id":91617,"date":"2021-09-22T16:20:05","date_gmt":"2021-09-22T14:20:05","guid":{"rendered":"https:\/\/semmelweis.hu\/gfi\/?p=91617"},"modified":"2021-09-23T08:18:18","modified_gmt":"2021-09-23T06:18:18","slug":"tajekoztatas-elelmezesi-koltsegek-valtozasa-inflaciokovetes-miatt-iktsz-84574-3-kmszi-2021","status":"publish","type":"post","link":"https:\/\/semmelweis.hu\/gfi\/2021\/09\/22\/tajekoztatas-elelmezesi-koltsegek-valtozasa-inflaciokovetes-miatt-iktsz-84574-3-kmszi-2021\/","title":{"rendered":"T\u00e1j\u00e9koztat\u00e1s \u2013 \u00e9lelmez\u00e9si k\u00f6lts\u00e9gek v\u00e1ltoz\u00e1sa infl\u00e1ci\u00f3k\u00f6vet\u00e9s miatt Iktsz: 84574-3\/KMSZI\/2021"},"content":{"rendered":"<p><strong>Tisztelt Int\u00e9zm\u00e9nyvezet\u0151 Asszony\/\u00dar!<\/strong><\/p>\n<p><strong>Tisztelt Gazdas\u00e1gi vezet\u0151 Asszony\/\u00dar!<\/strong><\/p>\n<p>&nbsp;<\/p>\n<p>A Semmelweis Egyetem \u00e9s az Eurest \u00c9tterem\u00fczemeltet\u0151 Kft. k\u00f6z\u00f6tt l\u00e9trej\u00f6tt 8715\/GFIBSZI\/2019 iktat\u00f3sz\u00e1m\u00fa v\u00e1llalkoz\u00e1si szerz\u0151d\u00e9s rendelkezik az ell\u00e1totti, alkalmazotti \u00e9tkeztet\u00e9s d\u00edj szak\u00e1gazati infl\u00e1ci\u00f3s r\u00e1ta m\u00e9rt\u00e9k\u00e9vel t\u00f6rt\u00e9n\u0151 \u00e9venk\u00e9nti emel\u00e9s\u00e9r\u0151l.<\/p>\n<p>Jelen t\u00e1j\u00e9koztat\u00e1s keret\u00e9ben k\u00f6zz\u00e9tessz\u00fck a Szolg\u00e1ltat\u00f3val t\u00f6rt\u00e9nt egyeztet\u00e9seket k\u00f6vet\u0151en l\u00e9trej\u00f6tt, majd al\u00e1\u00edrt infl\u00e1ci\u00f3k\u00f6vet\u00e9sr\u0151l rendelkez\u0151 jegyz\u0151k\u00f6nyvet, mely tartalmazza a 2021. j\u00falius 1-j\u00e9t k\u00f6vet\u0151en alkalmazand\u00f3 beteg\u00e9lelmez\u00e9s egys\u00e9g\u00e1rait di\u00e9ta kateg\u00f3ri\u00e1nk\u00e9nt, az \u00f3vodai \u00e9tkeztet\u00e9s egys\u00e9g\u00e1r\u00e1t, valamint a t\u00e1lc\u00e1s eb\u00e9d t\u00e1lal\u00e1s helyett alkalmazott m\u0171anyag doboz csomagol\u00e1s k\u00f6lts\u00e9g\u00e9t.<\/p>\n<p>A szerz\u0151d\u00e9sben foglalt egy\u00e9b t\u00e9r\u00edt\u00e9si d\u00edjak v\u00e1ltozatlanok maradnak.<\/p>\n<p>T\u00e1j\u00e9koztatom, hogy a V\u00e1llalkoz\u00e1si szerz\u0151d\u00e9s rendelkez\u00e9sei szerint az infl\u00e1ci\u00f3k\u00f6vet\u00e9s miatti \u00e1remel\u00e9s nem j\u00e1r szerz\u0151d\u00e9sm\u00f3dos\u00edt\u00e1ssal.<\/p>\n<p>Budapest, 2021. szeptember 21.<\/p>\n<p>Tisztelettel:\u00a0 \u00a0 \u00a0 \u00a0 \u00a0 \u00a0 \u00a0 \u00a0 \u00a0 \u00a0 \u00a0 \u00a0 \u00a0 \u00a0 \u00a0 \u00a0 \u00a0 \u00a0 \u00a0 \u00a0 \u00a0 \u00a0 \u00a0 \u00a0 \u00a0 \u00a0 \u00a0 \u00a0 \u00a0 \u00a0 \u00a0 \u00a0 \u00a0 \u00a0 \u00a0 \u00a0 \u00a0 \u00a0 \u00a0 \u00a0 \u00a0 \u00a0 \u00a0 \u00a0 \u00a0 \u00a0 \u00a0 \u00a0 \u00a0 \u00a0 \u00a0 \u00a0 \u00a0 \u00a0 \u00a0 \u00a0 \u00a0 \u00a0 \u00a0 \u00a0 \u00a0 \u00a0 \u00a0 \u00a0 \u00a0 \u00a0 \u00a0 \u00a0 \u00a0 \u00a0 \u00a0 \u00a0 \u00a0 \u00a0 \u00a0 \u00a0 \u00a0 \u00a0 \u00a0 \u00a0 \u00a0 \u00a0 \u00a0\u00dcr\u00f6gi Zsolt szolg\u00e1ltat\u00e1si igazgat\u00f3 t\u00e1voll\u00e9t\u00e9ben,\u00a0 \u00a0 \u00a0 \u00a0 \u00a0 \u00a0 \u00a0 \u00a0 \u00a0 \u00a0 \u00a0 \u00a0 \u00a0 \u00a0 \u00a0 \u00a0 \u00a0 \u00a0 \u00a0 \u00a0 \u00a0 \u00a0 \u00a0 \u00a0 \u00a0 \u00a0 \u00a0 \u00a0 \u00a0 \u00a0 \u00a0 \u00a0 \u00a0 \u00a0 \u00a0 \u00a0 \u00a0 \u00a0 \u00a0 \u00a0 \u00a0 \u00a0 \u00a0 \u00a0 \u00a0 \u00a0 \u00a0 \u00a0<em><strong>Z\u00e1mb\u00f3 R\u00f3bert szolg\u00e1ltat\u00e1si oszt\u00e1lyvezet\u0151<\/strong><\/em><\/p>\n<p><a href=\"https:\/\/semmelweis.hu\/gfi\/files\/2021\/09\/84574-k\u00f6zz\u00e9t\u00e9tel-t\u00e1j\u00e9koztat\u00e1s-\u00e9lelmez\u00e9si-k\u00f6lts\u00e9gek-v\u00e1ltoz\u00e1s\u00e1r\u00f3l.pdf\">84574 k\u00f6zz\u00e9t\u00e9tel t\u00e1j\u00e9koztat\u00e1s \u00e9lelmez\u00e9si k\u00f6lts\u00e9gek v\u00e1ltoz\u00e1s\u00e1r\u00f3l<\/a><\/p>\n<p><a href=\"https:\/\/semmelweis.hu\/gfi\/files\/2021\/09\/84574-2-Eurest-Kft-infl\u00e1ci\u00f3k\u00f6vet\u00e9s-jkv.pdf\">84574-2 Eurest Kft infl\u00e1ci\u00f3k\u00f6vet\u00e9s jkv<\/a><\/p>\n<p><a href=\"https:\/\/semmelweis.hu\/gfi\/files\/2021\/09\/84574-3-t\u00e1j\u00e9koztat\u00e1s-\u00e9lelmez\u00e9si-k\u00f6lts\u00e9gek-v\u00e1ltoz\u00e1s\u00e1r\u00f3l-Eurest-infl\u00e1ci\u00f3k\u00f6vet\u00e9s.pdf\">84574-3 t\u00e1j\u00e9koztat\u00e1s \u00e9lelmez\u00e9si k\u00f6lts\u00e9gek v\u00e1ltoz\u00e1s\u00e1r\u00f3l Eurest infl\u00e1ci\u00f3k\u00f6vet\u00e9s<\/a><\/p>\n<p>&nbsp;<\/p>\n","protected":false},"excerpt":{"rendered":"<p>Tisztelt Int\u00e9zm\u00e9nyvezet\u0151 Asszony\/\u00dar! Tisztelt Gazdas\u00e1gi vezet\u0151 Asszony\/\u00dar! &nbsp; A Semmelweis Egyetem \u00e9s az Eurest \u00c9tterem\u00fczemeltet\u0151 Kft. k\u00f6z\u00f6tt l\u00e9trej\u00f6tt 8715\/GFIBSZI\/2019 iktat\u00f3sz\u00e1m\u00fa v\u00e1llalkoz\u00e1si szerz\u0151d\u00e9s rendelkezik az ell\u00e1totti, alkalmazotti \u00e9tkeztet\u00e9s d\u00edj szak\u00e1gazati infl\u00e1ci\u00f3s r\u00e1ta m\u00e9rt\u00e9k\u00e9vel t\u00f6rt\u00e9n\u0151 \u00e9venk\u00e9nti emel\u00e9s\u00e9r\u0151l. Jelen t\u00e1j\u00e9koztat\u00e1s keret\u00e9ben k\u00f6zz\u00e9tessz\u00fck a Szolg\u00e1ltat\u00f3val t\u00f6rt\u00e9nt egyeztet\u00e9seket k\u00f6vet\u0151en l\u00e9trej\u00f6tt, majd al\u00e1\u00edrt infl\u00e1ci\u00f3k\u00f6vet\u00e9sr\u0151l rendelkez\u0151 jegyz\u0151k\u00f6nyvet, mely tartalmazza a 2021. j\u00falius &hellip;<\/p>\n","protected":false},"author":101489,"featured_media":0,"comment_status":"closed","ping_status":"closed","sticky":false,"template":"","format":"standard","meta":{"_acf_changed":false,"footnotes":""},"categories":[7],"tags":[32,31],"class_list":["post-91617","post","type-post","status-publish","format-standard","hentry","category-hirek","tag-muszaki-foigazgatosag","tag-szolgaltatasi-igazgatosag"],"acf":[],"_links":{"self":[{"href":"https:\/\/semmelweis.hu\/gfi\/wp-json\/wp\/v2\/posts\/91617","targetHints":{"allow":["GET"]}}],"collection":[{"href":"https:\/\/semmelweis.hu\/gfi\/wp-json\/wp\/v2\/posts"}],"about":[{"href":"https:\/\/semmelweis.hu\/gfi\/wp-json\/wp\/v2\/types\/post"}],"author":[{"embeddable":true,"href":"https:\/\/semmelweis.hu\/gfi\/wp-json\/wp\/v2\/users\/101489"}],"replies":[{"embeddable":true,"href":"https:\/\/semmelweis.hu\/gfi\/wp-json\/wp\/v2\/comments?post=91617"}],"version-history":[{"count":2,"href":"https:\/\/semmelweis.hu\/gfi\/wp-json\/wp\/v2\/posts\/91617\/revisions"}],"predecessor-version":[{"id":91623,"href":"https:\/\/semmelweis.hu\/gfi\/wp-json\/wp\/v2\/posts\/91617\/revisions\/91623"}],"wp:attachment":[{"href":"https:\/\/semmelweis.hu\/gfi\/wp-json\/wp\/v2\/media?parent=91617"}],"wp:term":[{"taxonomy":"category","embeddable":true,"href":"https:\/\/semmelweis.hu\/gfi\/wp-json\/wp\/v2\/categories?post=91617"},{"taxonomy":"post_tag","embeddable":true,"href":"https:\/\/semmelweis.hu\/gfi\/wp-json\/wp\/v2\/tags?post=91617"}],"curies":[{"name":"wp","href":"https:\/\/api.w.org\/{rel}","templated":true}]}}