{"id":91504,"date":"2021-08-10T14:48:00","date_gmt":"2021-08-10T12:48:00","guid":{"rendered":"https:\/\/semmelweis.hu\/gfi\/?p=91504"},"modified":"2021-08-10T14:48:00","modified_gmt":"2021-08-10T12:48:00","slug":"tajekoztato-egyes-beszerzesi-eljarasrendi-valtozasokrol-ikt-sz-81154-gfibszi-2021","status":"publish","type":"post","link":"https:\/\/semmelweis.hu\/gfi\/2021\/08\/10\/tajekoztato-egyes-beszerzesi-eljarasrendi-valtozasokrol-ikt-sz-81154-gfibszi-2021\/","title":{"rendered":"T\u00e1j\u00e9koztat\u00f3 egyes beszerz\u00e9si elj\u00e1r\u00e1srendi v\u00e1ltoz\u00e1sokr\u00f3l, Ikt. sz.: 81154\/GFIBSZI\/2021"},"content":{"rendered":"<p><strong>T\u00c1J\u00c9KOZTAT\u00d3<br \/>\negyes beszerz\u00e9si elj\u00e1r\u00e1srendi v\u00e1ltoz\u00e1sokr\u00f3l<\/p>\n<p><\/strong><strong style=\"font-size: 1rem\"><u>I. A k\u00f6zpontos\u00edtott k\u00f6zbeszerz\u00e9si k\u00f6rbe tartoz\u00f3 kiemelt term\u00e9kek beszerz\u00e9s\u00e9nek elj\u00e1r\u00e1srendje<\/u><\/strong><\/p>\n<p>&nbsp;<\/p>\n<p><em>A Semmelweis Egyetem szab\u00e1lyzataival kapcsolatosan a 2021. augusztus 1-t\u0151l az \u00e1tmeneti id\u0151szakban azok alkalmaz\u00e1s\u00e1ra vonatkoz\u00f3 egyes szab\u00e1lyokr\u00f3l, tov\u00e1bb\u00e1 a szab\u00e1lyzatok fel\u00fclvizsg\u00e1lat\u00e1val \u00f6sszef\u00fcgg\u0151 feladatokr\u00f3l sz\u00f3l\u00f3<\/em> RKE\/2\/2021. (VII. 30.) sz\u00e1m\u00fa rektori \u2013 kancell\u00e1ri \u2013 Klinikai K\u00f6zpont eln\u00f6ki utas\u00edt\u00e1s \u00f6sszefoglalja a v\u00e1ltoz\u00e1sokat, ennek II. (3) bekezd\u00e9se ba) pontja pedig a k\u00f6vetkez\u0151k\u00e9pp fogalmaz:<\/p>\n<p><em>&#8222;A k\u00f6zpontos\u00edtott k\u00f6zbeszerz\u00e9si rendszerek (DK\u00dc rendelet, KEF rendelet) keret\u00e9ben t\u00f6rt\u00e9n\u0151 beszerz\u00e9sek eset\u00e9ben a becs\u00fclt \u00e9rt\u00e9kt\u0151l f\u00fcggetlen\u00fcl a beszerz\u0151 tov\u00e1bbra is k\u00f6teles BML-lel kezdem\u00e9nyezni a beszerz\u00e9si folyamatot, amelyet az illet\u00e9kes szakigazgat\u00f3s\u00e1g \u00e9s a Beszerz\u00e9si Igazgat\u00f3s\u00e1g v\u00e9lem\u00e9nyez, illetve min\u0151s\u00edt.&#8221;<\/em><\/p>\n<p>&nbsp;<\/p>\n<p>A fentiek alkalmaz\u00e1sa a gyakorlatban a k\u00f6vetkez\u0151k\u00e9pp t\u00f6rt\u00e9nik:<\/p>\n<ol>\n<li>Amennyiben a beszerz\u00e9st kezdem\u00e9nyez\u0151 szervezeti egys\u00e9g a k\u00f6zpontos\u00edtott k\u00f6zbeszerz\u00e9si <strong>port\u00e1lon (KEF, DK\u00dc) megtal\u00e1lhat\u00f3<\/strong> <strong>kiemelt term\u00e9ket a port\u00e1lr\u00f3l k\u00edv\u00e1nja beszerezni,<\/strong> a beszerz\u00e9si ig\u00e9nyt <strong>BML-lel<\/strong> kell kezdem\u00e9nyeznie.\n<p>\n<\/li>\n<li>Amennyiben a beszerz\u00e9st kezdem\u00e9nyez\u0151 szervezeti egys\u00e9g a k\u00f6zpontos\u00edtott k\u00f6zbeszerz\u00e9si <strong>port\u00e1lon (KEF, DK\u00dc) megtal\u00e1lhat\u00f3<\/strong> kiemelt term\u00e9ket <strong>nem a port\u00e1lr\u00f3l, hanem saj\u00e1t hat\u00e1sk\u00f6rben k\u00edv\u00e1nja beszerezni,<\/strong> a beszerz\u00e9si ig\u00e9nyt <strong>BML-lel<\/strong> kell kezdem\u00e9nyeznie, \u00e9s ahhoz <strong>csatolnia kell azt az igazol\u00e1st,<\/strong> amely a k\u00f6zpontos\u00edtott k\u00f6zbeszerz\u00e9s ig\u00e9nybe v\u00e9tel\u00e9vel szemben a rendszeren k\u00edv\u00fcli, saj\u00e1t hat\u00e1sk\u00f6r\u0171 beszerz\u00e9snek az Egyetem sz\u00e1m\u00e1ra <strong>el\u0151ny\u00f6sebb \u00e9s\/vagy gazdas\u00e1gosabb mivolt\u00e1t r\u00f6gz\u00edti:<\/strong> a k\u00f6zpontos\u00edtott k\u00f6zbeszerz\u00e9si port\u00e1lokon r\u00f6gz\u00edtett lista\u00e1r, illetve a saj\u00e1t hat\u00e1sk\u00f6r\u0171 beszerz\u00e9si lehet\u0151s\u00e9gnek az ig\u00e9nyl\u0151 szervezeti egys\u00e9g \u00e1ltal dokument\u00e1lhat\u00f3 aj\u00e1nlati \u00e1ra (pl. indikat\u00edv \u00e1raj\u00e1nlat, internetes lista\u00e1r) \u00f6sszehasonl\u00edt\u00e1s\u00e1nak, illetve a m\u0171szaki param\u00e9terek egybevet\u00e9s\u00e9nek csatol\u00e1sa sz\u00fcks\u00e9ges. A saj\u00e1t hat\u00e1sk\u00f6r\u0171 beszerz\u00e9s megval\u00f3s\u00edt\u00e1s\u00e1nak \u00e9rtelemszer\u0171en a szakigazgat\u00f3s\u00e1gi j\u00f3v\u00e1hagy\u00e1s is, a min\u0151s\u00edt\u00e9s is a felt\u00e9tele.\n<p>\n<\/li>\n<li>Amennyiben a beszerz\u00e9st kezdem\u00e9nyez\u0151 szervezeti egys\u00e9g a k\u00f6zpontos\u00edtott k\u00f6zbeszerz\u00e9si <strong>port\u00e1lon (KEF, DK\u00dc) <u>nem<\/u> megtal\u00e1lhat\u00f3 kiemelt term\u00e9ket k\u00edv\u00e1n beszerezni<\/strong> (pl.: varr\u00f3fonalak, reagensek, laborvegyszerek, orvosi eszk\u00f6z\u00f6k karbantart\u00e1sa, vonalk\u00f3dolvas\u00f3, orvosi eszk\u00f6z\u00f6kh\u00f6z tartoz\u00f3 szoftverek), \u00e9s a beszerz\u00e9s <strong>becs\u00fclt \u00e9rt\u00e9ke el\u00e9ri a nett\u00f3 k\u00e9tmilli\u00f3 Ft-ot,<\/strong> a beszerz\u00e9si ig\u00e9nyt <strong>BML-lel<\/strong> kell kezdem\u00e9nyeznie.\n<p>\n<\/li>\n<li>Amennyiben a beszerz\u00e9st kezdem\u00e9nyez\u0151 szervezeti egys\u00e9g a k\u00f6zpontos\u00edtott k\u00f6zbeszerz\u00e9si <strong>port\u00e1lon (KEF, DK\u00dc) <u>nem<\/u> megtal\u00e1lhat\u00f3 kiemelt term\u00e9ket k\u00edv\u00e1n beszerezni,<\/strong> \u00e9s a beszerz\u00e9s <strong>becs\u00fclt \u00e9rt\u00e9ke nem \u00e9ri el a nett\u00f3 k\u00e9tmilli\u00f3 Ft-ot,<\/strong> az ig\u00e9nyl\u0151 szervezeti egys\u00e9g a beszerz\u00e9si ig\u00e9nyt \u2013 BML ki\u00e1ll\u00edt\u00e1sa n\u00e9lk\u00fcl \u2013 <strong>az Egyetem SAP-rendszer\u00e9ben r\u00f6gz\u00edti (BMIG tranzakci\u00f3),<\/strong> majd azt <strong>\u201epdf\u201d f\u00e1jlk\u00e9nt egyidej\u0171leg megk\u00fcldi az illet\u00e9kes szakigazgat\u00f3s\u00e1g \u00e9s a Beszerz\u00e9si Igazgat\u00f3s\u00e1g meghat\u00e1rozott e-mail c\u00edm\u00e9re, annak a k\u00f6r\u00fclm\u00e9nynek a jelz\u00e9s\u00e9vel, hogy a kiemelt term\u00e9k k\u00f6zpontos\u00edtott k\u00f6zbeszerz\u00e9s keret\u00e9ben nem beszerezhet\u0151.<\/strong><\/li>\n<\/ol>\n<p>&nbsp;<\/p>\n<p>A haszn\u00e1land\u00f3 e-mail c\u00edmek a k\u00f6vetkez\u0151k:<\/p>\n<p>&#8211; Beszerz\u00e9si Igazgat\u00f3s\u00e1g: <a href=\"mailto:bml.bi@semmelweis-univ.hu\">bml.bi@semmelweis-univ.hu<\/a><\/p>\n<p>&#8211; Informatika Igazgat\u00f3s\u00e1g: <a href=\"mailto:bml.informatika@semmelweis-univ.hu\">bml.informatika@semmelweis-univ.hu<\/a><\/p>\n<p>&#8211; Eg\u00e9szs\u00e9g\u00fcgyi Ir\u00e1ny\u00edt\u00e1si Igazgat\u00f3s\u00e1g: <a href=\"mailto:bml.ofmi@semmelweis-univ.hu\">bml.ofmi@semmelweis-univ.hu<\/a><\/p>\n<p>&#8211; Vagyongazd\u00e1lkod\u00e1si Igazgat\u00f3s\u00e1g: <a href=\"mailto:vagyon@semmelweis-univ.hu\">vagyon@semmelweis-univ.hu<\/a><\/p>\n<p>Ugyan az e-mail c\u00edmekben a \u201ebml\u201d bet\u0171sz\u00f3 szerepel, de a fentiek alapj\u00e1n nem BML-t kell k\u00fcldeni, hanem BMIG-et.<\/p>\n<p>\u00a0Az illet\u00e9kes szakigazgat\u00f3s\u00e1gnak \u00e9s a Beszerz\u00e9si Igazgat\u00f3s\u00e1gnak h\u00e1rom munkanapon bel\u00fcl kell visszajeleznie az ig\u00e9nyl\u0151 szervezeti egys\u00e9gnek, hogy a beszerz\u00e9si ig\u00e9ny saj\u00e1t hat\u00e1sk\u00f6rben t\u00f6rt\u00e9n\u0151 megval\u00f3s\u00edt\u00e1s\u00e1t j\u00f3v\u00e1hagyja vagy elutas\u00edtja. Ennek elmulaszt\u00e1sa az ig\u00e9ny j\u00f3v\u00e1hagy\u00e1s\u00e1t jelenti (hallgat\u00e1si szab\u00e1ly).<\/p>\n<p>\u00a0 A Beszerz\u00e9si Igazgat\u00f3s\u00e1g honlapj\u00e1n a hat\u00e1lyos keretmeg\u00e1llapod\u00e1sok a legfontosabb param\u00e9terek kiemel\u00e9s\u00e9vel megtal\u00e1lhat\u00f3ak. K\u00e9rj\u00fck, hogy a hat\u00e1lyos keretmeg\u00e1llapod\u00e1sok figyelembev\u00e9tel\u00e9vel ind\u00edts\u00e1k el a beszerz\u00e9si ig\u00e9nyeiket.<br \/>\n<strong style=\"font-size: 1rem\"><u><br \/>\n<\/u><\/strong><strong><u>II. A mentes\u00edtett beszerz\u00e9sekkel kapcsolatos v\u00e1ltoz\u00e1sok<\/p>\n<p><\/u><\/strong><\/p>\n<p>Az operat\u00edv t\u00f6rzs m\u00f3dszertani \u00fatmutat\u00f3t bocs\u00e1tott ki <em>\u201eaz eg\u00e9szs\u00e9g\u00fcgyi v\u00e1ls\u00e1ghelyzettel \u00f6sszef\u00fcgg\u0151 gazd\u00e1lkod\u00e1si \u00e9s beszerz\u00e9si szab\u00e1lyok v\u00e9grehajt\u00e1s\u00e1hoz\u201d, <\/em>melyet az augusztus 1-j\u00e9t k\u00f6vet\u0151en elind\u00edtott mentes\u00edt\u00e9si k\u00e9relmek kapcs\u00e1n kell alkalmazni. Az ebben foglalt f\u0151bb v\u00e1ltoz\u00e1sok a k\u00f6vetkez\u0151k:<\/p>\n<ol>\n<li>A k\u00f6zbeszerz\u00e9si \u00e9rt\u00e9khat\u00e1rt el\u00e9r\u0151 vagy meghalad\u00f3 beszerz\u00e9si ig\u00e9ny egy m\u00f3dos\u00edtott adatlap kit\u00f6lt\u00e9s\u00e9vel kezdem\u00e9nyezhet\u0151 a fejezetet ir\u00e1ny\u00edt\u00f3 szerv vezet\u0151je \u00fatj\u00e1n. Az adatlapot feladatonk\u00e9nt kell ki\u00e1ll\u00edtani, vagy t\u00e9macsoportonk\u00e9nt kell ki\u00e1ll\u00edtani.\n<p>\n<\/li>\n<li>Az adatlapon igazolni kell, hogy a beszerz\u00e9si ig\u00e9ny az eg\u00e9szs\u00e9g\u00fcgyi v\u00e1ls\u00e1ghelyzetet megalapoz\u00f3 k\u00f6r\u00fclm\u00e9ny kezel\u00e9s\u00e9vel <u>k\u00f6zvetlen\u00fcl<\/u> \u00f6sszef\u00fcgg, vagy hogy a v\u00e9dekez\u00e9st ir\u00e1ny\u00edt\u00f3 szerv\/csoport hat\u00e9kony m\u0171k\u00f6d\u00e9s\u00e9t szolg\u00e1lja, valamint r\u00e9szletesen indokolni kell a beszerz\u00e9si ig\u00e9ny sz\u00fcks\u00e9gess\u00e9g\u00e9t, a beszerz\u00e9si ig\u00e9nnyel kiel\u00e9g\u00edtend\u0151 v\u00e9dekez\u00e9si c\u00e9lt, a beszerz\u00e9si ig\u00e9nnyel t\u00e1mogatott tev\u00e9kenys\u00e9geket, illet\u0151leg szem\u00e9lyi k\u00f6rt, valamint ki kell t\u00e9rnie a beszerz\u00e9s esetleges elmarad\u00e1s\u00e1nak v\u00e1rhat\u00f3 k\u00f6vetkezm\u00e9nyeire.\n<p>\n<\/li>\n<li>Kiz\u00e1r\u00f3lag <em>egyedi<\/em> mentes\u00edt\u00e9s adhat\u00f3, ami jellemz\u0151en egyszeri vagy kiv\u00e9telesen s\u00fcrg\u0151s, nem tervezhet\u0151 vagy nem \u00fctemezett beszerz\u00e9sre vonatkozhat. Nem ir\u00e1nyulhat ez\u00e9rt a mentes\u00edt\u00e9s k\u00fcl\u00f6n\u00f6sen<\/li>\n<\/ol>\n<ul>\n<li>hosszabb\/\u00e1tfog\u00f3bb (pl. megyei szint\u0171, \u00e1gazati szint\u0171 stb.) fejleszt\u00e9s r\u00e9sz\u00e9t k\u00e9pez\u0151 beszerz\u00e9sre,<\/li>\n<li>valamely folyamatosan, ak\u00e1r \u00e9veket \u00e1tfog\u00f3an fenn\u00e1ll\u00f3 beszerz\u00e9si ig\u00e9nyre (pl. lej\u00e1r\u00f3 szerz\u0151d\u00e9sek meghosszabb\u00edt\u00e1sa),<\/li>\n<li>azonos t\u00e1rgyban ism\u00e9tl\u0151d\u0151 beszerz\u00e9sre (pl. elfogy\u00f3 k\u00e9szlet felt\u00f6lt\u00e9se, eszk\u00f6z\u00f6k p\u00f3tl\u00e1sa)\n<p>\n<\/li>\n<\/ul>\n<ol start=\"4\">\n<li>Kiz\u00e1r\u00f3lag <em>k\u00f6zvetlen\u00fcl<\/em> a v\u00e1ls\u00e1ghelyzet kezel\u00e9s\u00e9vel, vagy a v\u00e9dekez\u00e9st <em>ir\u00e1ny\u00edt\u00f3<\/em> szervek m\u0171k\u00f6d\u00e9s\u00e9vel \u00f6sszef\u00fcgg\u0151 beszerz\u00e9sre vonatkoz\u00f3 mentes\u00edt\u00e9s adhat\u00f3. Nem ir\u00e1nyulhat ez\u00e9rt a mentes\u00edt\u00e9s k\u00fcl\u00f6n\u00f6sen<\/li>\n<\/ol>\n<ul>\n<li>olyan beszerz\u00e9sre, amely \u00e1ltal\u00e1noss\u00e1gban sz\u00fcks\u00e9ges az adott beszerz\u0151 szok\u00e1sos m\u0171k\u00f6d\u00e9s\u00e9hez (pl. \u00e1ltal\u00e1nos higi\u00e9niai felt\u00e9telek, norm\u00e1l feladatv\u00e9gz\u00e9st szolg\u00e1l\u00f3 g\u00e9pj\u00e1rm\u0171 ell\u00e1totts\u00e1g, lej\u00e1rt \u00fczemidej\u0171 g\u00e9pek egy\u00e9bk\u00e9nt is aktu\u00e1lis cser\u00e9je),<\/li>\n<li>olyan beszerz\u00e9sre, amelynek mentes\u00edt\u00e9s\u00e9t a k\u00f6zbeszerz\u00e9si elj\u00e1r\u00e1s el\u0151k\u00e9sz\u00edt\u00e9s\u00e9nek, lefolytat\u00e1s\u00e1nak nem k\u00edv\u00e1natos id\u0151ig\u00e9ny\u00e9vel indokolja a beszerz\u0151.\n<p>\n<\/li>\n<\/ul>\n<ol start=\"5\">\n<li>Az adatlaphoz mell\u00e9kelni sz\u00fcks\u00e9ges a becs\u00fclt \u00e9rt\u00e9k m\u00f3dszertan\u00e1t, kisz\u00e1m\u00edt\u00e1s\u00e1t bemutat\u00f3 \u00e9s azt al\u00e1t\u00e1maszt\u00f3 dokumentumot, valamint a beszerz\u00e9si ig\u00e9nyhez tartoz\u00f3 \u00e1raj\u00e1nlatokat. Az al\u00e1t\u00e1maszt\u00f3 mell\u00e9kletben be kell mutatni az egy egys\u00e9gre jut\u00f3 kalkul\u00e1lt beker\u00fcl\u00e9si k\u00f6lts\u00e9get is.\n<p>\n<\/li>\n<li>Az adatlapon indokolni sz\u00fcks\u00e9ges, hogy<\/li>\n<\/ol>\n<ul>\n<li>a beszerz\u00e9si ig\u00e9ny k\u00f6zpontos\u00edtott k\u00f6zbeszerz\u00e9si elj\u00e1r\u00e1s eredm\u00e9nyek\u00e9ppen megk\u00f6t\u00f6tt keretmeg\u00e1llapod\u00e1s vagy m\u00e1s keretjelleg\u0171 szerz\u0151d\u00e9s alkalmaz\u00e1s\u00e1val mi\u00e9rt nem el\u00e9g\u00edthet\u0151 ki;<\/li>\n<li>a beszerz\u00e9si ig\u00e9ny a Kbt. alapj\u00e1n hirdetm\u00e9nnyel indul\u00f3 valamely elj\u00e1r\u00e1sfajta (pl. gyors\u00edtott ny\u00edlt elj\u00e1r\u00e1s, becs\u00fclt \u00e9rt\u00e9kt\u0151l f\u00fcgg\u0151en nemzeti elj\u00e1r\u00e1srendben lefolytatott elj\u00e1r\u00e1s) alkalmaz\u00e1s\u00e1val mi\u00e9rt nem el\u00e9g\u00edthet\u0151 ki;<\/li>\n<li>a beszerz\u00e9si ig\u00e9ny a Kbt. alapj\u00e1n a rendk\u00edv\u00fcli s\u00fcrg\u0151ss\u00e9g miatti hirdetm\u00e9ny n\u00e9lk\u00fcli t\u00e1rgyal\u00e1sos k\u00f6zbeszerz\u00e9si elj\u00e1r\u00e1s alkalmaz\u00e1s\u00e1val mi\u00e9rt nem el\u00e9g\u00edthet\u0151 ki.\n<\/li>\n<\/ul>\n<ol start=\"7\">\n<li>Ha a beszerz\u00e9si ig\u00e9ny nem j\u00e1r t\u00f6bbletforr\u00e1sok bevon\u00e1s\u00e1val, \u00fagy a bel\u00fcgyminiszter az E\u00fctv. 232\/E. \u00a7-a szerint a minisztereln\u00f6k \u00e1ltal deleg\u00e1lt d\u00f6nt\u00e9si jogk\u00f6r\u00e9ben elj\u00e1rva d\u00f6nt a beszerz\u00e9si ig\u00e9nynek a k\u00f6zbeszerz\u00e9si \u00e9s beszerz\u00e9si szab\u00e1lyokt\u00f3l elt\u00e9r\u0151 m\u00f3don t\u00f6rt\u00e9n\u0151 megval\u00f3s\u00edt\u00e1s\u00e1r\u00f3l. Ha a beszerz\u00e9si ig\u00e9ny t\u00f6bbletforr\u00e1s bevon\u00e1s\u00e1t ig\u00e9nyli \u00fagy a felterjesztett beszerz\u00e9si ig\u00e9nyr\u0151l az Operat\u00edv T\u00f6rzs javaslata alapj\u00e1n d\u00f6nt a bel\u00fcgyminiszter. Az eg\u00e9szs\u00e9g\u00fcgyi v\u00e1ls\u00e1ghelyzettel \u00f6sszef\u00fcgg\u0151en sz\u00fcks\u00e9ges, n\u00e9lk\u00fcl\u00f6zhetetlen \u00e9s megalapozott, az Operat\u00edv T\u00f6rzs javaslata alapj\u00e1n a bel\u00fcgyminiszter \u00e1ltal j\u00f3v\u00e1hagyott beszerz\u00e9si ig\u00e9ny megval\u00f3s\u00edt\u00e1s\u00e1hoz az adatlapon ig\u00e9nyelt t\u00f6bbletforr\u00e1sr\u00f3l a fejezetet ir\u00e1ny\u00edt\u00f3 szerv vezet\u0151je a d\u00f6nt\u00e9st k\u00f6vet\u0151en halad\u00e9ktalanul \u00e9rtes\u00edti a P\u00e9nz\u00fcgyminiszt\u00e9riumot.\n<p>\n<\/li>\n<li>Forr\u00e1shi\u00e1ny eset\u00e9n az adatlapon sz\u00fcks\u00e9ges megjel\u00f6lni annak m\u00e9rt\u00e9k\u00e9t, valamint annak megalapozotts\u00e1g\u00e1t, amely al\u00e1t\u00e1maszt\u00e1s\u00e1hoz egy nyilatkozat ki\u00e1ll\u00edt\u00e1sa sz\u00fcks\u00e9ges arr\u00f3l. hogy ezen beszerz\u00e9sekre c\u00e9lzott forr\u00e1ssal nem rendelkezik az int\u00e9zm\u00e9ny, melyhez a fenntart\u00f3 alap\u00edtv\u00e1ny egyet\u00e9rt\u00e9se is sz\u00fcks\u00e9ges.\n<\/li>\n<\/ol>\n<p>Budapest, 2021. augusztus 10.<\/p>\n<p>Tisztelettel,<\/p>\n<p>Baumgartnern\u00e9 Holl\u00f3 Ir\u00e9n<br \/>\ngazdas\u00e1gi f\u0151igazgat\u00f3<\/p>\n<p><a href=\"https:\/\/semmelweis.hu\/gfi\/files\/2021\/08\/\u00c1tmeneti-t\u00e1j\u00e9koztat\u00f3.docx\">\u00c1tmeneti t\u00e1j\u00e9koztat\u00f3<\/a><\/p>\n","protected":false},"excerpt":{"rendered":"<p>T\u00c1J\u00c9KOZTAT\u00d3 egyes beszerz\u00e9si elj\u00e1r\u00e1srendi v\u00e1ltoz\u00e1sokr\u00f3l I. A k\u00f6zpontos\u00edtott k\u00f6zbeszerz\u00e9si k\u00f6rbe tartoz\u00f3 kiemelt term\u00e9kek beszerz\u00e9s\u00e9nek elj\u00e1r\u00e1srendje &nbsp; A Semmelweis Egyetem szab\u00e1lyzataival kapcsolatosan a 2021. augusztus 1-t\u0151l az \u00e1tmeneti id\u0151szakban azok alkalmaz\u00e1s\u00e1ra vonatkoz\u00f3 egyes szab\u00e1lyokr\u00f3l, tov\u00e1bb\u00e1 a szab\u00e1lyzatok fel\u00fclvizsg\u00e1lat\u00e1val \u00f6sszef\u00fcgg\u0151 feladatokr\u00f3l sz\u00f3l\u00f3 RKE\/2\/2021. (VII. 30.) sz\u00e1m\u00fa rektori \u2013 kancell\u00e1ri \u2013 Klinikai K\u00f6zpont eln\u00f6ki utas\u00edt\u00e1s \u00f6sszefoglalja a v\u00e1ltoz\u00e1sokat, &hellip;<\/p>\n","protected":false},"author":101880,"featured_media":0,"comment_status":"closed","ping_status":"closed","sticky":false,"template":"","format":"standard","meta":{"_acf_changed":false,"footnotes":""},"categories":[7],"tags":[],"class_list":["post-91504","post","type-post","status-publish","format-standard","hentry","category-hirek"],"acf":[],"_links":{"self":[{"href":"https:\/\/semmelweis.hu\/gfi\/wp-json\/wp\/v2\/posts\/91504","targetHints":{"allow":["GET"]}}],"collection":[{"href":"https:\/\/semmelweis.hu\/gfi\/wp-json\/wp\/v2\/posts"}],"about":[{"href":"https:\/\/semmelweis.hu\/gfi\/wp-json\/wp\/v2\/types\/post"}],"author":[{"embeddable":true,"href":"https:\/\/semmelweis.hu\/gfi\/wp-json\/wp\/v2\/users\/101880"}],"replies":[{"embeddable":true,"href":"https:\/\/semmelweis.hu\/gfi\/wp-json\/wp\/v2\/comments?post=91504"}],"version-history":[{"count":9,"href":"https:\/\/semmelweis.hu\/gfi\/wp-json\/wp\/v2\/posts\/91504\/revisions"}],"predecessor-version":[{"id":91514,"href":"https:\/\/semmelweis.hu\/gfi\/wp-json\/wp\/v2\/posts\/91504\/revisions\/91514"}],"wp:attachment":[{"href":"https:\/\/semmelweis.hu\/gfi\/wp-json\/wp\/v2\/media?parent=91504"}],"wp:term":[{"taxonomy":"category","embeddable":true,"href":"https:\/\/semmelweis.hu\/gfi\/wp-json\/wp\/v2\/categories?post=91504"},{"taxonomy":"post_tag","embeddable":true,"href":"https:\/\/semmelweis.hu\/gfi\/wp-json\/wp\/v2\/tags?post=91504"}],"curies":[{"name":"wp","href":"https:\/\/api.w.org\/{rel}","templated":true}]}}