{"id":91376,"date":"2021-06-15T12:32:22","date_gmt":"2021-06-15T10:32:22","guid":{"rendered":"https:\/\/semmelweis.hu\/gfi\/?p=91376"},"modified":"2021-06-15T12:32:22","modified_gmt":"2021-06-15T10:32:22","slug":"modellvaltas-lejart-vevokovetelesek-kezelesek-iktsz-54083-gfipui-2021","status":"publish","type":"post","link":"https:\/\/semmelweis.hu\/gfi\/2021\/06\/15\/modellvaltas-lejart-vevokovetelesek-kezelesek-iktsz-54083-gfipui-2021\/","title":{"rendered":"Modellv\u00e1lt\u00e1s lej\u00e1rt vev\u0151k\u00f6vetel\u00e9sek kezel\u00e9sek Iktsz: 54083\/GFIP\u00dcI\/2021"},"content":{"rendered":"<p>Tisztelt T\u00f6mbigazgat\u00f3k!<br \/>\nTisztelt Gazdas\u00e1gi Vezet\u0151k!<br \/>\nTisztelt Gazdas\u00e1gi Koordin\u00e1torok!<\/p>\n<p>&nbsp;<\/p>\n<p>A Semmelweis Egyetem 2021.08.01-i modellv\u00e1lt\u00e1s\u00e1nak g\u00f6rd\u00fcl\u00e9keny, hat\u00e9kony lebonyol\u00edt\u00e1sa \u00e9rdek\u00e9ben elengedhetetlen az Egyetem vev\u0151ivel szemben fenn\u00e1ll\u00f3 lej\u00e1rt k\u00f6vetel\u00e9sek el\u0151\u00edr\u00e1sok szerinti gyors kezel\u00e9se.<\/p>\n<p>&nbsp;<\/p>\n<p>Ennek ok\u00e1n k\u00e9rj\u00fck, hogy a lej\u00e1rt vev\u0151k\u00f6vetel\u00e9seikkel kapcsolatban a <strong>K\u00f6vetel\u00e9skezel\u00e9si szab\u00e1lyzat<\/strong> szerint sz\u00edveskedjenek elj\u00e1rni \u00e9s a sz\u00fcks\u00e9ges int\u00e9zked\u00e9seket az al\u00e1bbiak figyelembe v\u00e9tel\u00e9vel <strong>2021.05.27-ig<\/strong> megtenni.<\/p>\n<p>&nbsp;<\/p>\n<p>A sz\u00e1ml\u00e1t ki\u00e1ll\u00edt\u00f3 szervezeti egys\u00e9g k\u00f6vetel\u00e9skezel\u00e9ssel megb\u00edzott munkat\u00e1rsa k\u00f6teles fizet\u00e9si eml\u00e9keztet\u0151t k\u00fcldeni a vev\u0151 r\u00e9sz\u00e9re a sz\u00e1mla fizet\u00e9si esed\u00e9kess\u00e9g\u00e9t k\u00f6vet\u0151 15 napon bel\u00fcl a K\u00f6vetel\u00e9skezel\u00e9si Szab\u00e1lyzat 7-8. sz. mell\u00e9klet\u00e9nek haszn\u00e1lat\u00e1val. A fizet\u00e9si eml\u00e9keztet\u0151t aj\u00e1nlott lev\u00e9lk\u00e9nt vagy elektronikusan kell megk\u00fcldeni vev\u0151 r\u00e9sz\u00e9re. A fizet\u00e9si eml\u00e9keztet\u0151 m\u00e1solat\u00e1t meg kell k\u00fcldeni a K\u00f6vetel\u00e9skezel\u00e9si Csoport r\u00e9sz\u00e9re is.<\/p>\n<p>A sz\u00e1ml\u00e1t ki\u00e1ll\u00edt\u00f3 szervezeti egys\u00e9g legk\u00e9s\u0151bb a p\u00e9nz\u00fcgyileg nem teljes\u00fclt bev\u00e9telekr\u0151l megk\u00fcld\u00f6tt t\u00e9teles kimutat\u00e1s k\u00e9zhezv\u00e9tel\u00e9t\u0151l sz\u00e1m\u00edtott 15. napon k\u00f6teles a ki nem egyenl\u00edtett sz\u00e1ml\u00e1khoz tartoz\u00f3 valamennyi dokumentumot (megrendel\u00e9s, szerz\u0151d\u00e9s, sz\u00e1mlam\u00e1solat, fizet\u00e9si eml\u00e9keztet\u0151, levelez\u00e9s, teljes\u00edt\u00e9sigazol\u00e1s, nyilatkozat, t\u00e9rtiv\u00e9ny, stb.), &#8211; amennyiben az m\u00e9g nem ker\u00fclt megk\u00fcld\u00e9sre &#8211; \u00e1tadni a K\u00f6vetel\u00e9skezel\u00e9si Csoportnak a K\u00f6vetel\u00e9skezel\u00e9si Szab\u00e1lyzat 10. sz. mell\u00e9klet szerinti \u00e1tad\u00e1s-\u00e1tv\u00e9teli nyomtatv\u00e1ny k\u00eds\u00e9ret\u00e9ben.<\/p>\n<p><u>K\u00e9rj\u00fck, hogy a vev\u0151dokument\u00e1ci\u00f3t vev\u0151nk\u00e9nt, elektronikusan a K\u00f6vetel\u00e9skezel\u00e9si csoport r\u00e9sz\u00e9re sz\u00edveskedjenek tov\u00e1bb\u00edtani, a vev\u0151 nev\u00e9nek az elektronikus lev\u00e9l t\u00e1rgyban t\u00f6rt\u00e9n\u0151 felt\u00fcntet\u00e9s\u00e9vel.<\/u><\/p>\n<p><em>\u00a0<\/em><\/p>\n<p>A vev\u0151inkkel szemben fenn\u00e1ll\u00f3 k\u00f6vetel\u00e9sek hat\u00e9kony \u00e9rv\u00e9nyes\u00edt\u00e9se, a modellv\u00e1lt\u00e1ssal, a besz\u00e1mol\u00f3 k\u00e9sz\u00edt\u00e9ssel kapcsolatos feladatok teljesk\u00f6r\u0171 elv\u00e9gz\u00e9se illetve az \u00e9rv\u00e9nyben l\u00e9v\u0151 szab\u00e1lyzatoknak t\u00f6rt\u00e9n\u0151 megfelel\u00e9s \u00e9rdek\u00e9ben k\u00e9rj\u00fck, hogy ezt k\u00f6vet\u0151en <strong>minden h\u00f3nap 20-ig<\/strong> a szervezeti egys\u00e9gek r\u00e9sz\u00e9re kik\u00fcld\u00f6tt nyitott vev\u0151\u00e1llom\u00e1ny list\u00e1kat feldolgozni sz\u00edveskedjenek.<\/p>\n<p>&nbsp;<\/p>\n<p>Abban az esetben, ha a szervezeti egys\u00e9ghez nem jut el a nyitott vev\u0151\u00e1llom\u00e1ny lista, \u00fagy azt a SAPadmin r\u00e9sz\u00e9re k\u00fcld\u00f6tt lev\u00e9llel halad\u00e9ktalanul megig\u00e9nyelni sz\u00edveskedjenek.<\/p>\n<p>A jelen lev\u00e9lben \u00f6sszefoglalt feladatokkal kapcsolatban esetlegesen felmer\u00fcl\u0151 k\u00e9rd\u00e9sekben a P\u00e9nz\u00fcgyi Igazgat\u00f3s\u00e1g P\u00e9nz\u00fcgyi Oszt\u00e1ly\u00e1nak K\u00f6vetel\u00e9skezel\u00e9si Csoportja (koveteleskezelesicsoport.penzugy@semmelweis-univ.hu ) ny\u00fajt seg\u00edts\u00e9get.<\/p>\n<p>A K\u00f6vetel\u00e9skezel\u00e9si szab\u00e1lyzat a <a href=\"https:\/\/semmelweis.hu\/jogigfoig\/files\/2020\/08\/Koveteleskezelesi_szabalyzat_hatalyos_2020_08_11.pdf\">https:\/\/semmelweis.hu\/jogigfoig\/files\/2020\/08\/Koveteleskezelesi_szabalyzat_hatalyos_2020_08_11.pdf<\/a> linken \u00e9rhet\u0151 el.<\/p>\n<p>&nbsp;<\/p>\n<p>\u00a0Egy\u00fcttm\u0171k\u00f6d\u00e9s\u00fcket k\u00f6sz\u00f6nj\u00fck!<\/p>\n<p>Budapest, 2021. j\u00fanius 10.<\/p>\n<p>Tisztelettel:\u00a0 \u00a0 \u00a0 \u00a0 \u00a0 \u00a0 \u00a0 \u00a0 \u00a0 \u00a0 \u00a0 \u00a0 \u00a0 \u00a0 \u00a0 \u00a0 \u00a0 \u00a0 \u00a0 \u00a0 \u00a0 \u00a0 \u00a0 \u00a0 \u00a0 \u00a0 \u00a0 \u00a0 \u00a0 \u00a0 \u00a0 \u00a0 \u00a0 \u00a0 \u00a0 \u00a0 \u00a0 \u00a0 \u00a0 \u00a0 \u00a0 \u00a0 \u00a0 \u00a0 \u00a0 \u00a0 \u00a0 \u00a0 \u00a0 \u00a0 \u00a0 \u00a0 \u00a0 \u00a0 \u00a0 \u00a0 \u00a0 \u00a0 \u00a0 \u00a0 \u00a0 \u00a0 \u00a0 \u00a0 \u00a0 \u00a0 \u00a0 \u00a0 \u00a0 \u00a0 \u00a0 \u00a0 \u00a0 \u00a0 \u00a0 \u00a0 \u00a0 \u00a0 \u00a0 \u00a0 \u00a0 \u00a0 \u00a0 \u00a0 Reif L\u00e1szl\u00f3n\u00e9 p\u00e9nz\u00fcgyi igazgat\u00f3<\/p>\n<p><a href=\"https:\/\/semmelweis.hu\/gfi\/files\/2021\/06\/SKM_C300i21061010320-1.pdf\">SKM_C300i21061010320<\/a><\/p>\n","protected":false},"excerpt":{"rendered":"<p>Tisztelt T\u00f6mbigazgat\u00f3k! Tisztelt Gazdas\u00e1gi Vezet\u0151k! Tisztelt Gazdas\u00e1gi Koordin\u00e1torok! &nbsp; A Semmelweis Egyetem 2021.08.01-i modellv\u00e1lt\u00e1s\u00e1nak g\u00f6rd\u00fcl\u00e9keny, hat\u00e9kony lebonyol\u00edt\u00e1sa \u00e9rdek\u00e9ben elengedhetetlen az Egyetem vev\u0151ivel szemben fenn\u00e1ll\u00f3 lej\u00e1rt k\u00f6vetel\u00e9sek el\u0151\u00edr\u00e1sok szerinti gyors kezel\u00e9se. &nbsp; Ennek ok\u00e1n k\u00e9rj\u00fck, hogy a lej\u00e1rt vev\u0151k\u00f6vetel\u00e9seikkel kapcsolatban a K\u00f6vetel\u00e9skezel\u00e9si szab\u00e1lyzat szerint sz\u00edveskedjenek elj\u00e1rni \u00e9s a sz\u00fcks\u00e9ges int\u00e9zked\u00e9seket az al\u00e1bbiak figyelembe v\u00e9tel\u00e9vel 2021.05.27-ig megtenni. &hellip;<\/p>\n","protected":false},"author":101489,"featured_media":0,"comment_status":"closed","ping_status":"closed","sticky":false,"template":"","format":"standard","meta":{"_acf_changed":false,"footnotes":""},"categories":[7],"tags":[10],"class_list":["post-91376","post","type-post","status-publish","format-standard","hentry","category-hirek","tag-penzugy"],"acf":[],"_links":{"self":[{"href":"https:\/\/semmelweis.hu\/gfi\/wp-json\/wp\/v2\/posts\/91376","targetHints":{"allow":["GET"]}}],"collection":[{"href":"https:\/\/semmelweis.hu\/gfi\/wp-json\/wp\/v2\/posts"}],"about":[{"href":"https:\/\/semmelweis.hu\/gfi\/wp-json\/wp\/v2\/types\/post"}],"author":[{"embeddable":true,"href":"https:\/\/semmelweis.hu\/gfi\/wp-json\/wp\/v2\/users\/101489"}],"replies":[{"embeddable":true,"href":"https:\/\/semmelweis.hu\/gfi\/wp-json\/wp\/v2\/comments?post=91376"}],"version-history":[{"count":2,"href":"https:\/\/semmelweis.hu\/gfi\/wp-json\/wp\/v2\/posts\/91376\/revisions"}],"predecessor-version":[{"id":91379,"href":"https:\/\/semmelweis.hu\/gfi\/wp-json\/wp\/v2\/posts\/91376\/revisions\/91379"}],"wp:attachment":[{"href":"https:\/\/semmelweis.hu\/gfi\/wp-json\/wp\/v2\/media?parent=91376"}],"wp:term":[{"taxonomy":"category","embeddable":true,"href":"https:\/\/semmelweis.hu\/gfi\/wp-json\/wp\/v2\/categories?post=91376"},{"taxonomy":"post_tag","embeddable":true,"href":"https:\/\/semmelweis.hu\/gfi\/wp-json\/wp\/v2\/tags?post=91376"}],"curies":[{"name":"wp","href":"https:\/\/api.w.org\/{rel}","templated":true}]}}