{"id":91230,"date":"2021-04-06T11:38:53","date_gmt":"2021-04-06T09:38:53","guid":{"rendered":"https:\/\/semmelweis.hu\/gfi\/?p=91230"},"modified":"2021-04-06T11:43:54","modified_gmt":"2021-04-06T09:43:54","slug":"__trashed","status":"publish","type":"post","link":"https:\/\/semmelweis.hu\/gfi\/2021\/04\/06\/__trashed\/","title":{"rendered":"OTP k\u00e1rtyaolvas\u00f3 g\u00e9pek IKR tan\u00fas\u00edtv\u00e1nyainak k\u00f6telez\u0151 meg\u00faj\u00edt\u00e1s\u00e1val kapcsolatban, Iktsz: 38986\/GFIP\u00dcI\/2021"},"content":{"rendered":"<p><strong>F E L H \u00cd V \u00c1 S<\/strong><\/p>\n<p><strong>\u00a0<\/strong><\/p>\n<p><strong>\u00a0<\/strong>Felh\u00edvom a kedves Koll\u00e9g\u00e1k figyelm\u00e9t, hogy az OTP Bank Nyrt \u00e1ltal megk\u00fcld\u00f6tt T\u00e1j\u00e9koztat\u00f3 alapj\u00e1n, azon szervezeti egys\u00e9gekn\u00e9l, amelyekn\u00e9l Ingenico iWL vagy iCT t\u00edpus\u00fa k\u00e1rtyaolvas\u00f3 POS termin\u00e1l van elhelyezve, a hozz\u00e1tartoz\u00f3 iPP220 vagy iPP280 PINPAD bels\u0151 tan\u00fas\u00edtv\u00e1ny\u00e1nak k\u00f6telez\u0151 friss\u00edt\u00e9se felt\u00e9tlen\u00fcl sz\u00fcks\u00e9ges a z\u00f6kken\u0151mentes m\u0171k\u00f6d\u00e9s \u00e9rdek\u00e9ben.<\/p>\n<p>K\u00e9rem, hogy a csatolt Le\u00edr\u00e1sban foglaltak szerint elj\u00e1rni sz\u00edveskedjenek.<\/p>\n<p>Budapest, 2021. \u00e1prilis 1.<\/p>\n<p>&nbsp;<\/p>\n<p>Reif L\u00e1szl\u00f3n\u00e9\u00a0 \u00a0 \u00a0 \u00a0 \u00a0 \u00a0 \u00a0 \u00a0 \u00a0 \u00a0 \u00a0 \u00a0 \u00a0 \u00a0 \u00a0 \u00a0 \u00a0 \u00a0 \u00a0 \u00a0 \u00a0 \u00a0 \u00a0 \u00a0 \u00a0 \u00a0 \u00a0 \u00a0 \u00a0 \u00a0 \u00a0 \u00a0 \u00a0 \u00a0 \u00a0 \u00a0 \u00a0 \u00a0 \u00a0 \u00a0 \u00a0 \u00a0 \u00a0 \u00a0 \u00a0 \u00a0 \u00a0 \u00a0 \u00a0 \u00a0 \u00a0 \u00a0 \u00a0 \u00a0 \u00a0 \u00a0 \u00a0 \u00a0 \u00a0 \u00a0 \u00a0 \u00a0 \u00a0 \u00a0 \u00a0 \u00a0 \u00a0 \u00a0 \u00a0 \u00a0 \u00a0p\u00e9nz\u00fcgyi igazgat\u00f3<\/p>\n<p><a href=\"https:\/\/semmelweis.hu\/gfi\/files\/2021\/04\/Felh\u00edv\u00e1s-k\u00e1rtyaleolvas\u00f3-g\u00e9p-tan\u00fas\u00edtv\u00e1ny\u00e1nak-meg\u00faj\u00edt\u00e1sa-\u00e9rdek\u00e9ben-1.doc\">Felh\u00edv\u00e1s &#8211; k\u00e1rtyaleolvas\u00f3 g\u00e9p tan\u00fas\u00edtv\u00e1ny\u00e1nak meg\u00faj\u00edt\u00e1sa \u00e9rdek\u00e9ben<\/a><\/p>\n<p><a href=\"https:\/\/semmelweis.hu\/gfi\/files\/2021\/04\/IKR-tan\u00fas\u00edtv\u00e1ny-t\u00e1j\u00e9koztat\u00f3-lev\u00e9l.docx\">IKR tan\u00fas\u00edtv\u00e1ny &#8211; t\u00e1j\u00e9koztat\u00f3 lev\u00e9l<\/a><\/p>\n<p><a href=\"https:\/\/semmelweis.hu\/gfi\/files\/2021\/04\/SKM_C300i21040607510.pdf\">SKM_C300i21040607510<\/a><\/p>\n<p>&nbsp;<\/p>\n","protected":false},"excerpt":{"rendered":"<p>F E L H \u00cd V \u00c1 S \u00a0 \u00a0Felh\u00edvom a kedves Koll\u00e9g\u00e1k figyelm\u00e9t, hogy az OTP Bank Nyrt \u00e1ltal megk\u00fcld\u00f6tt T\u00e1j\u00e9koztat\u00f3 alapj\u00e1n, azon szervezeti egys\u00e9gekn\u00e9l, amelyekn\u00e9l Ingenico iWL vagy iCT t\u00edpus\u00fa k\u00e1rtyaolvas\u00f3 POS termin\u00e1l van elhelyezve, a hozz\u00e1tartoz\u00f3 iPP220 vagy iPP280 PINPAD bels\u0151 tan\u00fas\u00edtv\u00e1ny\u00e1nak k\u00f6telez\u0151 friss\u00edt\u00e9se felt\u00e9tlen\u00fcl sz\u00fcks\u00e9ges a z\u00f6kken\u0151mentes m\u0171k\u00f6d\u00e9s \u00e9rdek\u00e9ben. K\u00e9rem, hogy &hellip;<\/p>\n","protected":false},"author":101489,"featured_media":0,"comment_status":"closed","ping_status":"closed","sticky":false,"template":"","format":"standard","meta":{"_acf_changed":false,"footnotes":""},"categories":[7],"tags":[10],"class_list":["post-91230","post","type-post","status-publish","format-standard","hentry","category-hirek","tag-penzugy"],"acf":[],"_links":{"self":[{"href":"https:\/\/semmelweis.hu\/gfi\/wp-json\/wp\/v2\/posts\/91230","targetHints":{"allow":["GET"]}}],"collection":[{"href":"https:\/\/semmelweis.hu\/gfi\/wp-json\/wp\/v2\/posts"}],"about":[{"href":"https:\/\/semmelweis.hu\/gfi\/wp-json\/wp\/v2\/types\/post"}],"author":[{"embeddable":true,"href":"https:\/\/semmelweis.hu\/gfi\/wp-json\/wp\/v2\/users\/101489"}],"replies":[{"embeddable":true,"href":"https:\/\/semmelweis.hu\/gfi\/wp-json\/wp\/v2\/comments?post=91230"}],"version-history":[{"count":4,"href":"https:\/\/semmelweis.hu\/gfi\/wp-json\/wp\/v2\/posts\/91230\/revisions"}],"predecessor-version":[{"id":91239,"href":"https:\/\/semmelweis.hu\/gfi\/wp-json\/wp\/v2\/posts\/91230\/revisions\/91239"}],"wp:attachment":[{"href":"https:\/\/semmelweis.hu\/gfi\/wp-json\/wp\/v2\/media?parent=91230"}],"wp:term":[{"taxonomy":"category","embeddable":true,"href":"https:\/\/semmelweis.hu\/gfi\/wp-json\/wp\/v2\/categories?post=91230"},{"taxonomy":"post_tag","embeddable":true,"href":"https:\/\/semmelweis.hu\/gfi\/wp-json\/wp\/v2\/tags?post=91230"}],"curies":[{"name":"wp","href":"https:\/\/api.w.org\/{rel}","templated":true}]}}