{"id":91037,"date":"2020-12-15T12:34:06","date_gmt":"2020-12-15T11:34:06","guid":{"rendered":"https:\/\/semmelweis.hu\/gfi\/?p=91037"},"modified":"2020-12-17T10:25:10","modified_gmt":"2020-12-17T09:25:10","slug":"automata-berendezesek-elhelyezesehez-szukseges-ingatlanreszek-berbeadasanak-palyazati-hirdetmenye-iktsz-103080-7-gfivgi-2020","status":"publish","type":"post","link":"https:\/\/semmelweis.hu\/gfi\/2020\/12\/15\/automata-berendezesek-elhelyezesehez-szukseges-ingatlanreszek-berbeadasanak-palyazati-hirdetmenye-iktsz-103080-7-gfivgi-2020\/","title":{"rendered":"Automata berendez\u00e9sek elhelyez\u00e9s\u00e9hez sz\u00fcks\u00e9ges ingatlanr\u00e9szek b\u00e9rbead\u00e1s\u00e1nak p\u00e1ly\u00e1zati hirdetm\u00e9nye, Iktsz: 103080-7\/GFIVGI\/2020"},"content":{"rendered":"<p>A <strong>Semmelweis Egyetem<\/strong> (1085 Budapest, \u00dcll\u0151i \u00fat 26.), tov\u00e1bbiakban Ki\u00edr\u00f3, a nemzeti vagyonr\u00f3l sz\u00f3l\u00f3 2011. \u00e9vi CXCVI. t\u00f6rv\u00e9ny, az \u00e1llami vagyonr\u00f3l sz\u00f3l\u00f3 2007. \u00e9vi CVI. t\u00f6rv\u00e9ny \u00e9s az \u00e1llami vagyonnal val\u00f3 gazd\u00e1lkod\u00e1sr\u00f3l sz\u00f3l\u00f3 254\/2007. (X.4.) Korm\u00e1nyrendelet alapj\u00e1n nyilv\u00e1nos, egyfordul\u00f3s, nem k\u00f6zbeszerz\u00e9si p\u00e1ly\u00e1zatot hirdet a Semmelweis Egyetem vagyonkezel\u00e9s\u00e9ben l\u00e9v\u0151 telephelyein a k\u00f6vetkez\u0151k szerint:<\/p>\n<p><strong><em>\u00a0<\/em><\/strong><\/p>\n<ol>\n<li>Budapest XI. ker\u00fclet, Vill\u00e1nyi \u00fat 67.<\/li>\n<\/ol>\n<ul>\n<li>Pet\u0151 Andr\u00e1s Kar &#8211; 2 m<sup>2<\/sup>, 1 db k\u00e1v\u00e9- \u00e9s forr\u00f3ital automata r\u00e9sz\u00e9re. <br \/>\nb\u00e9rleti d\u00edj 14.500 Ft\/h\u00f3\/2 m<sup>2<\/sup>\/automata<\/li>\n<\/ul>\n<ol start=\"2\">\n<li>Budapest XII. ker\u00fclet, K\u00fatv\u00f6lgyi \u00fat 8.<\/li>\n<\/ol>\n<ul>\n<li>Pet\u0151 Andr\u00e1s Kar &#8211; 2 m<sup>2<\/sup>, 1 db k\u00e1v\u00e9- \u00e9s forr\u00f3ital automata r\u00e9sz\u00e9re<\/li>\n<\/ul>\n<p>Min. b\u00e9rleti d\u00edj 14.500 Ft\/h\u00f3\/2 m<sup>2<\/sup>\/automata, valamint \u00a02 m<sup>2 <\/sup>, 1 db \u00fcd\u00edt\u0151-snack automata r\u00e9sz\u00e9re. Min. b\u00e9rleti d\u00edj 12.000 Ft\/h\u00f3\/2 m<sup>2<\/sup>\/automata<\/p>\n<ol start=\"3\">\n<li>Budapest VIII. ker\u00fclet, \u00dcll\u0151i \u00fat 26. (bej\u00e1rat szerint Budapest, VIII. ker\u00fclet, M\u00e1ria u. 41.)<\/li>\n<\/ol>\n<ul>\n<li>B\u0151r-, Nemik\u00f3rtani \u00e9s B\u0151ronkol\u00f3giai Klinika &#8211; 4 m<sup>2<\/sup>, 2 db szendvics automata r\u00e9sz\u00e9re. Min. b\u00e9rleti d\u00edj k\u00e1v\u00e9automata eset\u00e9n 15.000 Ft\/h\u00f3\/2 m<sup>2<\/sup>\/automata<\/li>\n<\/ul>\n<ol start=\"4\">\n<li>Budapest VIII. ker\u00fclet, \u00dcll\u0151i \u00fat 26. (bej\u00e1rat szerint Budapest, VIII. ker\u00fclet, M\u00e1ria u. 39.)<\/li>\n<\/ol>\n<ul>\n<li>Szem\u00e9szeti Klinika &#8211; 2 m<sup>2<\/sup>, 1 db szendvics automata r\u00e9sz\u00e9re. <br \/>\nb\u00e9rleti d\u00edj 15.000 Ft\/h\u00f3\/2 m<sup>2<\/sup>\/automata<\/li>\n<\/ul>\n<ol start=\"5\">\n<li>Budapest VIII. ker\u00fclet, \u00dcll\u0151i \u00fat 26. (bej\u00e1rat szerint Budapest, VIII. ker\u00fclet, Baross utca 23-25.)<\/li>\n<\/ol>\n<ul>\n<li>Transzplant\u00e1ci\u00f3s \u00e9s Seb\u00e9szeti Klinika &#8211; 8 m<sup>2<\/sup>, 1 db k\u00e1v\u00e9automata r\u00e9sz\u00e9re <br \/>\nb\u00e9rleti d\u00edj 41.065 Ft\/h\u00f3\/2 m<sup>2<\/sup>\/automata, 1 db \u00fcd\u00edt\u0151ital \u00e9s 1 db snack automata r\u00e9sz\u00e9re. Min. b\u00e9rleti d\u00edj 23.065 Ft\/h\u00f3\/2 m<sup>2<\/sup>\/automata, 1 db szendvics automata r\u00e9sz\u00e9re. Min. b\u00e9rleti d\u00edj 18.065 Ft\/h\u00f3\/2 m<sup>2<\/sup>\/automata \u00e9s forgalomar\u00e1nyos jutal\u00e9k k\u00e1v\u00e9 \u00e1ru eset\u00e9n 7 Ft\/db, \u00fcd\u00edt\u0151ital, snack \u00e9s szendvics term\u00e9kek eset\u00e9n 12 Ft\/db<\/li>\n<\/ul>\n<p>&nbsp;<\/p>\n<p>Ki\u00edr\u00f3 az aj\u00e1nlatokat a megaj\u00e1nlott b\u00e9rleti d\u00edj m\u00e9rt\u00e9ke, a berendez\u00e9s term\u00e9kk\u00edn\u00e1lata, a forgalmazott \u00e1rucikkek \u00e1rsz\u00ednvonala, nett\u00f3 egys\u00e9g\u00e1ra, az\u00a0 \u00fczemeltet\u0151 rendelkez\u00e9sre \u00e1ll\u00e1sa hibaelh\u00e1r\u00edt\u00e1s, reklam\u00e1ci\u00f3, g\u00e9pfelt\u00f6lt\u00e9s, g\u00e9pmozgat\u00e1s eset\u00e9n, az automat\u00e1k m\u0171k\u00f6d\u00e9s\u00e9nek folyamatoss\u00e1g\u00e1ra vonatkoz\u00f3an v\u00e1llalt k\u00f6tb\u00e9r m\u00e9rt\u00e9ke (Ft\/nap) szempontok figyelembe v\u00e9tel\u00e9vel b\u00edr\u00e1lja el.<\/p>\n<p>&nbsp;<\/p>\n<p>A <strong>megk\u00f6tend\u0151 szerz\u0151d\u00e9s<\/strong> <strong>t\u00edpusa<\/strong>: a p\u00e1ly\u00e1zat nyertes\u00e9vel hat\u00e1rozott idej\u0171, a Pet\u0151 Andr\u00e1s Kar telephelyein \u00e9s a Transzplant\u00e1ci\u00f3s \u00e9s Seb\u00e9szeti Klinika eset\u00e9ben legfeljebb 3 \u00e9vre,<br \/>\na B\u0151r-, Nemik\u00f3rtani \u00e9s B\u0151ronkol\u00f3giai Klinika \u00e9s a Szem\u00e9szeti Klinika ter\u00fclet\u00e9re legfeljebb 5 \u00e9vre sz\u00f3l\u00f3 b\u00e9rleti szerz\u0151d\u00e9s k\u00f6thet\u0151.<\/p>\n<p>&nbsp;<\/p>\n<p>A <strong>hasznos\u00edt\u00e1sra vonatkoz\u00f3 fontosabb felt\u00e9telek:<\/strong><\/p>\n<p>A b\u00e9rl\u0151t \u00fczemeltet\u00e9si k\u00f6telezetts\u00e9g terheli.<\/p>\n<p>A rendeltet\u00e9sszer\u0171 haszn\u00e1lathoz sz\u00fcks\u00e9ges berendez\u00e9si- \u00e9s felszerel\u00e9si t\u00e1rgyak \u00e9s hat\u00f3s\u00e1gi enged\u00e9lyek beszerz\u00e9s\u00e9r\u0151l, bejelent\u00e9sek megt\u00e9tel\u00e9r\u0151l a b\u00e9rl\u0151 gondoskodik saj\u00e1t k\u00f6lts\u00e9g\u00e9n.<\/p>\n<p>A k\u00f6z\u00fczemi k\u00f6lts\u00e9gek az \u00fczemeltet\u00e9si k\u00f6lts\u00e9g benne foglaltatik a megaj\u00e1nlott d\u00edjban.<\/p>\n<p>&nbsp;<\/p>\n<p>&nbsp;<\/p>\n<p><strong>Fizet\u00e9s m\u00f3dja: <\/strong><\/p>\n<p>A b\u00e9rbead\u00e1s \u00e1ltal\u00e1nos forgalmi ad\u00f3 mentes. Az aj\u00e1nlatban v\u00e1llalt b\u00e9rleti d\u00edj megfizet\u00e9se havonk\u00e9nt el\u0151re, 8 napos fizet\u00e9si hat\u00e1rid\u0151vel esed\u00e9kes. A b\u00e9rleti d\u00edj a k\u00f6z\u00fczemi k\u00f6lts\u00e9geket tartalmazza.<\/p>\n<p>A Ki\u00edr\u00f3 a b\u00e9rleti d\u00edjat a KSH \u00e1ltal k\u00f6z\u00f6lt hivatalos fogyaszt\u00f3i \u00e1rindex szerinti m\u00e9rt\u00e9kben \u00e9venk\u00e9nt megemeli.<\/p>\n<p>&nbsp;<\/p>\n<p><strong>A p\u00e1ly\u00e1zaton val\u00f3 r\u00e9szv\u00e9tel felt\u00e9telei:<\/strong><\/p>\n<p>A p\u00e1ly\u00e1zati aj\u00e1nlat k\u00f6telez\u0151 tartalmi elemei \u00e9s \u00e9rv\u00e9nyess\u00e9gi felt\u00e9telei a R\u00e9szletes P\u00e1ly\u00e1zati Felh\u00edv\u00e1s elnevez\u00e9s\u0171 p\u00e1ly\u00e1zati dokument\u00e1ci\u00f3ban tal\u00e1lhat\u00f3k meg. A p\u00e1ly\u00e1zati aj\u00e1nlat \u00e9rv\u00e9nyes, ha azt a p\u00e1ly\u00e1z\u00f3 a R\u00e9szletes P\u00e1ly\u00e1zati Felh\u00edv\u00e1s megv\u00e1s\u00e1rl\u00e1s\u00e1t k\u00f6vet\u0151en, az aj\u00e1nlatt\u00e9teli hat\u00e1rid\u0151ben, az el\u0151\u00edrt tartalmi- \u00e9s alaki form\u00e1ban ny\u00fajtotta be \u00e9s a p\u00e1ly\u00e1z\u00f3 elj\u00e1r\u00e1sa \u00e9s aj\u00e1nlata megfelel a jelen p\u00e1ly\u00e1zati felh\u00edv\u00e1sban, az egyes R\u00e9szletes P\u00e1ly\u00e1zati Felh\u00edv\u00e1sban \u00e9s a jogszab\u00e1lyokban (ide\u00e9rtve a nemzeti vagyonr\u00f3l sz\u00f3l\u00f3 2011. \u00e9vi CXCVI t\u00f6rv\u00e9nyben el\u0151\u00edrt \u00e1tl\u00e1that\u00f3 szervezet k\u00f6vetelm\u00e9ny\u00e9t is) foglalt felt\u00e9teleknek.<\/p>\n<p>&nbsp;<\/p>\n<p>A p\u00e1ly\u00e1z\u00f3nak a szerz\u0151d\u00e9s megk\u00f6t\u00e9s\u00e9ig aj\u00e1nlati k\u00f6t\u00f6tts\u00e9get kell v\u00e1llalnia.<\/p>\n<p>&nbsp;<\/p>\n<p>A R\u00e9szletes P\u00e1ly\u00e1zati Felh\u00edv\u00e1s, \u00e1tv\u00e9teli igazol\u00e1s mellett megv\u00e1s\u00e1rolhat\u00f3 a Semmelweis Egyetem Vagyongazd\u00e1lkod\u00e1si Igazgat\u00f3s\u00e1g\u00e1n (1085 Budapest, R\u00f6kk Szil\u00e1rd u. 13. I. emelet 102. szoba) p\u00e9ntek kiv\u00e9tel\u00e9vel, munkanapokon 9.00-t\u0151l 15.00 \u00f3r\u00e1ig.<\/p>\n<p>&nbsp;<\/p>\n<p>A R\u00e9szletes P\u00e1ly\u00e1zati Felh\u00edv\u00e1s \u00e1ra brutt\u00f3 25.000 Ft, amely postai csekken fizethet\u0151 be. Csekk \u00e1tvehet\u0151 (1085 Budapest, R\u00f6kk Szil\u00e1rd u. 13. I. emelet 102. szoba) p\u00e9ntek kiv\u00e9tel\u00e9vel, munkanapokon 9.00-t\u0151l 15.00 \u00f3r\u00e1ig.<\/p>\n<p>&nbsp;<\/p>\n<p>Ki\u00edr\u00f3 fenntartja mag\u00e1nak a jogot, hogy a R\u00e9szletes P\u00e1ly\u00e1zati Felh\u00edv\u00e1sban k\u00f6z\u00f6lt felt\u00e9teleknek, illetve a vonatkoz\u00f3 jogszab\u00e1lyok \u00e9rv\u00e9nyess\u00e9gi felt\u00e9teleinek nem megfelel\u0151 aj\u00e1nlatokat, vagy a p\u00e1ly\u00e1zat eg\u00e9sz\u00e9t \u00e9rv\u00e9nytelennek, vagy eredm\u00e9nytelennek nyilv\u00e1n\u00edtsa, vagy a p\u00e1ly\u00e1zatot az aj\u00e1nlatt\u00e9teli hat\u00e1rid\u0151 lej\u00e1rt\u00e1ig m\u00f3dos\u00edtsa, vagy visszavonja, tov\u00e1bb\u00e1, hogy amennyiben a p\u00e1ly\u00e1zat \u00e9rv\u00e9nytelens\u00e9g\u00e9nek, vagy eredm\u00e9nytelens\u00e9g\u00e9nek alapj\u00e1ul szolg\u00e1l\u00f3 k\u00f6r\u00fclm\u00e9ny \u2013 ide\u00e9rtve a Ki\u00edr\u00f3 gazd\u00e1lkod\u00e1si, m\u0171k\u00f6d\u00e9si \u00e9rdekeit is \u2013 a p\u00e1ly\u00e1zat elb\u00edr\u00e1l\u00e1s\u00e1t k\u00f6vet\u0151en k\u00f6vetkezett be, akkor a szerz\u0151d\u00e9s megk\u00f6t\u00e9s\u00e9t\u0151l egyoldal\u00faan, \u00e9s minden k\u00e1rt\u00e9r\u00edt\u00e9si k\u00f6telezetts\u00e9g n\u00e9lk\u00fcl el\u00e1lljon.<\/p>\n<p>&nbsp;<\/p>\n<p>Aj\u00e1nlatk\u00e9r\u0151 fenntartja mag\u00e1nak a jogot, hogy b\u00e1rmif\u00e9le jogi \u00e9s\/vagy anyagi k\u00f6vetkezm\u00e9ny n\u00e9lk\u00fcl el\u00e1lljon az aj\u00e1nlatk\u00e9r\u00e9si, beszerz\u00e9si, szerz\u0151d\u00e9sk\u00f6t\u00e9si sz\u00e1nd\u00e9k\u00e1t\u00f3l, az aj\u00e1nlatk\u00e9r\u00e9st m\u00f3dos\u00edtsa, visszavonja, a p\u00e1ly\u00e1ztat\u00e1si folyamatot felf\u00fcggessze, megszak\u00edtsa, vagy indokl\u00e1si k\u00f6telezetts\u00e9g n\u00e9lk\u00fcl eredm\u00e9nytelennek nyilv\u00e1n\u00edtsa, illetve \u00faj aj\u00e1nlatk\u00e9r\u00e9sr\u0151l d\u00f6nts\u00f6n, a kiv\u00e1laszt\u00e1si folyamatot t\u00f6bb fordul\u00f3ss\u00e1 min\u0151s\u00edtse, vagy megv\u00e1ltoztassa, az aj\u00e1nlatk\u00e9r\u00e9sre be\u00e9rkez\u0151 legkedvez\u0151bb vagy b\u00e1rmely m\u00e1sik aj\u00e1nlatot visszautas\u00edtsa, vagy \u00faj aj\u00e1nlatot k\u00e9rjen, t\u00e1rgyal\u00e1st kezdem\u00e9nyezzen.<\/p>\n<p>Az elj\u00e1r\u00e1s indokl\u00e1s n\u00e9lk\u00fcli eredm\u00e9nytelenn\u00e9 nyilv\u00e1n\u00edt\u00e1sa, vagy a p\u00e1ly\u00e1zatra t\u00f6rt\u00e9n\u0151 visszajelz\u00e9s elmarad\u00e1sa, illetve a szerz\u0151d\u00e9sk\u00f6t\u00e9s elmarad\u00e1sa eset\u00e9n Aj\u00e1nlattev\u0151 k\u00e1rig\u00e9nyt semmilyen jogc\u00edmen nem \u00e9rv\u00e9nyes\u00edthet.<\/p>\n<p>Aj\u00e1nlatk\u00e9r\u0151t az elj\u00e1r\u00e1s eredm\u00e9nyek\u00e9nt szerz\u0151d\u00e9sk\u00f6t\u00e9si k\u00f6telezetts\u00e9g nem terheli.<\/p>\n<p>&nbsp;<\/p>\n<p>Ki\u00edr\u00f3 a R\u00e9szletes P\u00e1ly\u00e1zati Felh\u00edv\u00e1sba el\u0151zetes betekint\u00e9st megenged, de \u00e9rv\u00e9nyes p\u00e1ly\u00e1zatot csak az ny\u00fajthat be, aki a dokument\u00e1ci\u00f3t megv\u00e1s\u00e1rolta, \u00e9s ennek t\u00e9ny\u00e9t igazolja. A dokument\u00e1ci\u00f3 nem ruh\u00e1zhat\u00f3 \u00e1t.<\/p>\n<p>&nbsp;<\/p>\n<p><strong>A p\u00e1ly\u00e1zat beny\u00fajt\u00e1s\u00e1nak m\u00f3dja: <\/strong><\/p>\n<p>Magyar nyelven, 1 eredeti- \u00e9s 1 m\u00e1solati p\u00e9ld\u00e1nyban, roncsol\u00e1smentesen megbonthatatlan f\u0171z\u00f6tt form\u00e1ban. Az automat\u00e1k eset\u00e9ben r\u00e9szaj\u00e1nlat bead\u00e1sa lehets\u00e9ges telephelyenk\u00e9nt \u00e9s automata t\u00edpusonk\u00e9nt.<\/p>\n<p>&nbsp;<\/p>\n<p><strong>A p\u00e1ly\u00e1zat beny\u00fajt\u00e1s\u00e1nak hat\u00e1rideje: <\/strong><\/p>\n<ol start=\"2021\">\n<li>janu\u00e1r 18. 12:00 \u00f3ra<\/li>\n<\/ol>\n<p><strong>\u00a0<\/strong><\/p>\n<p><strong>A p\u00e1ly\u00e1zat beny\u00fajt\u00e1s\u00e1nak helye:<\/strong><\/p>\n<p>Semmelweis Egyetem Vagyongazd\u00e1lkod\u00e1si Igazgat\u00f3s\u00e1g\u00e1n (1085 Budapest, R\u00f6kk Szil\u00e1rd u. 13. I. emelet 102. szoba).<\/p>\n<p><strong>\u00a0A p\u00e1ly\u00e1zati aj\u00e1nlatok elb\u00edr\u00e1l\u00e1snak hat\u00e1rideje, \u00e9s az \u00e9rtes\u00edt\u00e9s m\u00f3dja:<\/strong><\/p>\n<p>A p\u00e1ly\u00e1zati aj\u00e1nlatok elb\u00edr\u00e1l\u00e1s\u00e1ra vonatkoz\u00f3 d\u00f6nt\u00e9st a Ki\u00edr\u00f3 hozza meg, a p\u00e1ly\u00e1zat beny\u00fajt\u00e1s\u00e1ra megszabott hat\u00e1rid\u0151t k\u00f6vet\u0151, legfeljebb 60 napon bel\u00fcl. Ki\u00edr\u00f3 jogosult a p\u00e1ly\u00e1zat elb\u00edr\u00e1l\u00e1s\u00e1nak het\u00e1ridej\u00e9t &#8211; az \u00e9rintettek egyidej\u0171 \u00e9rtes\u00edt\u00e9se mellett &#8211; egy alkalommal legfeljebb 30 nappal meghosszab\u00edtani.<\/p>\n<p>Ki\u00edr\u00f3 a p\u00e1ly\u00e1z\u00f3kat a p\u00e1ly\u00e1zat eredm\u00e9ny\u00e9r\u0151l az elb\u00edr\u00e1l\u00e1st k\u00f6vet\u0151en, legfeljebb 8 napon bel\u00fcl \u00edr\u00e1sban \u00e9rtes\u00edti a p\u00e1ly\u00e1z\u00f3k \u00e1ltal megadott levelez\u00e9si c\u00edmen.<\/p>\n<p>A p\u00e1ly\u00e1zati elj\u00e1r\u00e1ssal kapcsolatban felmer\u00fclt technikai k\u00e9rd\u00e9sekben felvil\u00e1gos\u00edt\u00e1s k\u00e9rhet\u0151 az Egyetem Vagyongazd\u00e1lkod\u00e1si Igazgat\u00f3s\u00e1gt\u00f3l a 06-20-663-2060 telefonsz\u00e1mon, illetve a <a href=\"mailto:vagyon@semmelweis-univ.hu\">vagyon@semmelweis-univ.hu<\/a> e-mail c\u00edmen.<\/p>\n<p><a href=\"https:\/\/semmelweis.hu\/gfi\/files\/2020\/12\/P\u00e1ly\u00e1zati-h\u00edrdetm\u00e9ny_.pdf\">P\u00e1ly\u00e1zati h\u00edrdetm\u00e9ny_<\/a><\/p>\n","protected":false},"excerpt":{"rendered":"<p>A Semmelweis Egyetem (1085 Budapest, \u00dcll\u0151i \u00fat 26.), tov\u00e1bbiakban Ki\u00edr\u00f3, a nemzeti vagyonr\u00f3l sz\u00f3l\u00f3 2011. \u00e9vi CXCVI. t\u00f6rv\u00e9ny, az \u00e1llami vagyonr\u00f3l sz\u00f3l\u00f3 2007. \u00e9vi CVI. t\u00f6rv\u00e9ny \u00e9s az \u00e1llami vagyonnal val\u00f3 gazd\u00e1lkod\u00e1sr\u00f3l sz\u00f3l\u00f3 254\/2007. (X.4.) Korm\u00e1nyrendelet alapj\u00e1n nyilv\u00e1nos, egyfordul\u00f3s, nem k\u00f6zbeszerz\u00e9si p\u00e1ly\u00e1zatot hirdet a Semmelweis Egyetem vagyonkezel\u00e9s\u00e9ben l\u00e9v\u0151 telephelyein a k\u00f6vetkez\u0151k szerint: \u00a0 Budapest XI. &hellip;<\/p>\n","protected":false},"author":101489,"featured_media":0,"comment_status":"closed","ping_status":"closed","sticky":false,"template":"","format":"standard","meta":{"_acf_changed":false,"footnotes":""},"categories":[7],"tags":[28],"class_list":["post-91037","post","type-post","status-publish","format-standard","hentry","category-hirek","tag-vagyongazdalkodas"],"acf":[],"_links":{"self":[{"href":"https:\/\/semmelweis.hu\/gfi\/wp-json\/wp\/v2\/posts\/91037","targetHints":{"allow":["GET"]}}],"collection":[{"href":"https:\/\/semmelweis.hu\/gfi\/wp-json\/wp\/v2\/posts"}],"about":[{"href":"https:\/\/semmelweis.hu\/gfi\/wp-json\/wp\/v2\/types\/post"}],"author":[{"embeddable":true,"href":"https:\/\/semmelweis.hu\/gfi\/wp-json\/wp\/v2\/users\/101489"}],"replies":[{"embeddable":true,"href":"https:\/\/semmelweis.hu\/gfi\/wp-json\/wp\/v2\/comments?post=91037"}],"version-history":[{"count":4,"href":"https:\/\/semmelweis.hu\/gfi\/wp-json\/wp\/v2\/posts\/91037\/revisions"}],"predecessor-version":[{"id":91052,"href":"https:\/\/semmelweis.hu\/gfi\/wp-json\/wp\/v2\/posts\/91037\/revisions\/91052"}],"wp:attachment":[{"href":"https:\/\/semmelweis.hu\/gfi\/wp-json\/wp\/v2\/media?parent=91037"}],"wp:term":[{"taxonomy":"category","embeddable":true,"href":"https:\/\/semmelweis.hu\/gfi\/wp-json\/wp\/v2\/categories?post=91037"},{"taxonomy":"post_tag","embeddable":true,"href":"https:\/\/semmelweis.hu\/gfi\/wp-json\/wp\/v2\/tags?post=91037"}],"curies":[{"name":"wp","href":"https:\/\/api.w.org\/{rel}","templated":true}]}}