{"id":90976,"date":"2020-11-10T10:13:20","date_gmt":"2020-11-10T09:13:20","guid":{"rendered":"https:\/\/semmelweis.hu\/gfi\/?p=90976"},"modified":"2020-11-10T10:13:20","modified_gmt":"2020-11-10T09:13:20","slug":"tajekoztato-a-beszerzesek-sap-ban-torteno-rogziteseben-torteno-valtozasokrol","status":"publish","type":"post","link":"https:\/\/semmelweis.hu\/gfi\/2020\/11\/10\/tajekoztato-a-beszerzesek-sap-ban-torteno-rogziteseben-torteno-valtozasokrol\/","title":{"rendered":"T\u00e1j\u00e9koztat\u00f3 a beszerz\u00e9sek SAP-ban t\u00f6rt\u00e9n\u0151 r\u00f6gz\u00edt\u00e9s\u00e9ben t\u00f6rt\u00e9n\u0151 v\u00e1ltoz\u00e1sokr\u00f3l"},"content":{"rendered":"<p><strong>Beszerz\u00e9sek SAP-ban t\u00f6rt\u00e9n\u0151 r\u00f6gz\u00edt\u00e9s\u00e9ben t\u00f6rt\u00e9n\u0151 v\u00e1ltoz\u00e1sok<\/strong><\/p>\n<ol>\n<li><u> A v\u00e1ltoz\u00e1s beszerz\u00e9sszakmai le\u00edr\u00e1sa<\/u><\/li>\n<\/ol>\n<p>Hivatkozva a Beszerz\u00e9si Szab\u00e1lyzat 2.1.2. pontja (3) bekezd\u00e9s\u00e9ben foglaltakra, jelen dokumentum k\u00f6zz\u00e9t\u00e9tel\u00e9t\u0151l a k\u00f6vetkez\u0151 v\u00e1ltoz\u00e1sok l\u00e9pnek \u00e9letbe.<\/p>\n<p>Miut\u00e1n a Beszerz\u00e9si Szab\u00e1lyzat 2.1.2. pontja (3) bekezd\u00e9s\u00e9ben foglalt rendelkez\u00e9s, azaz a beszerz\u00e9si ig\u00e9ny SAP rendszerben t\u00f6rt\u00e9n\u0151 r\u00f6gz\u00edt\u00e9s\u00e9nek alkalmaz\u00e1s\u00e1hoz sz\u00fcks\u00e9ges informatikai h\u00e1tt\u00e9r megval\u00f3sult, a Szab\u00e1lyzat \u201e3. \u00c1tmeneti rendelkez\u00e9sek\u201d c\u00edm\u0171 fejezet\u00e9ben foglaltak helyett a tov\u00e1bbiakban a hivatkozott pontban foglaltak az ir\u00e1nyad\u00f3ak.<\/p>\n<p>A t\u00e1j\u00e9koztat\u00f3 jelleg\u0171 beszerz\u00e9st min\u0151s\u00edt\u0151 lapokat (BML-eket), illetve a 45-\u00f6s iktat\u00f3sz\u00e1m\u00fa technikai szerz\u0151d\u00e9seket felv\u00e1ltja az SAP-ban az ME51N tranzakci\u00f3.<\/p>\n<p>A nett\u00f3 egymilli\u00f3 forintot meg nem halad\u00f3 \u00e9rt\u00e9k\u0171, nem k\u00fcl\u00f6n szab\u00e1lyozott t\u00e1rgyk\u00f6rbe tartoz\u00f3 beszerz\u00e9si ig\u00e9nyeket az SAP ME51N tranzakci\u00f3val kell r\u00f6gz\u00edteni. A tov\u00e1bbiakban ezen ig\u00e9nyek eset\u00e9ben BML-t nem kell ki\u00e1ll\u00edtani.<\/p>\n<p>A nett\u00f3 egymilli\u00f3 forintot meg nem halad\u00f3 \u00e9rt\u00e9k\u0171 kiemelt term\u00e9kek eset\u00e9ben tov\u00e1bbra is sz\u00fcks\u00e9ges BML-t ki\u00e1ll\u00edtani, \u00e9s azt min\u0151s\u00edt\u00e9sre megk\u00fcldeni a Beszerz\u00e9si Igazgat\u00f3s\u00e1gra, az illet\u00e9kes szakigazgat\u00f3s\u00e1gon kereszt\u00fcl. Amennyiben a beszerz\u00e9st saj\u00e1t hat\u00e1sk\u00f6rbe utalja a Beszerz\u00e9si Igazgat\u00f3s\u00e1g, \u00e9s az az aj\u00e1nlatok bek\u00e9r\u00e9s\u00e9t k\u00f6vet\u0151 aj\u00e1nlat-elfogad\u00e1s alapj\u00e1n val\u00f3sul meg (\u00edr\u00e1sbeli szerz\u0151d\u00e9s n\u00e9lk\u00fcl), abban az esetben a megrendel\u00e9s adatait az ME51N tranzakci\u00f3val kell r\u00f6gz\u00edteni. A BML azonos\u00edt\u00f3t a fejadatban ebben az esetben is k\u00f6telez\u0151 r\u00f6gz\u00edteni.<\/p>\n<p>A nett\u00f3 egymilli\u00f3 forintot el\u00e9r\u0151 egyszer\u0171 beszerz\u00e9sek, illetve a k\u00f6zpontos\u00edtott k\u00f6zbeszerz\u00e9si elj\u00e1r\u00e1s keret\u00e9ben k\u00f6t\u00f6tt szerz\u0151d\u00e9seket 46-os iktat\u00f3sz\u00e1m alatt kell tov\u00e1bbra is r\u00f6gz\u00edteni.<\/p>\n<ol start=\"2\">\n<li><u> V\u00e1ltoz\u00e1sok az SAP kezel\u00e9s\u00e9ben<\/u><\/li>\n<\/ol>\n<p>Az egymilli\u00f3 forint alatti beszerz\u00e9sek (anyag, eszk\u00f6z, szolg\u00e1ltat\u00e1s-biztos\u00edt\u00e1s) eset\u00e9n, ahol nem k\u00e9sz\u00fclt val\u00f3di (pap\u00edralap\u00fa) szerz\u0151d\u00e9s, \u00e9s nem kiemelt term\u00e9kr\u0151l van sz\u00f3, nem kell BML-t k\u00e9sz\u00edteni, illetve egyszer\u0171s\u00edtett szerz\u0151d\u00e9st r\u00f6gz\u00edteni. A beszerz\u00e9si ig\u00e9ny r\u00f6gz\u00edtend\u0151 (BMIG tranzakci\u00f3 k\u00f3d ME51N). A BMIG-hez nem tartozik rendel\u00e9si k\u00f6nyv, \u00edgy nem kell bek\u00fcldeni a Cikkt\u00f6rzs karbantart\u00f3 csoportnak.<\/p>\n<p>Budapest, 2020. november<\/p>\n<p><strong> <a href=\"https:\/\/semmelweis.hu\/gfi\/files\/2020\/11\/1.mell\u00e9klet_Beszerz\u00e9s-v\u00e1lt.docx\">1.mell\u00e9klet_Beszerz\u00e9s v\u00e1lt<\/a><\/strong><\/p>\n<p><a href=\"https:\/\/semmelweis.hu\/gfi\/files\/2020\/11\/BMIG-le\u00edr\u00e1s.docx\">BMIG le\u00edr\u00e1s<\/a><\/p>\n<p>&nbsp;<\/p>\n<p>\u00a0\u00a0\u00a0\u00a0\u00a0\u00a0\u00a0\u00a0\u00a0\u00a0\u00a0\u00a0\u00a0\u00a0\u00a0\u00a0\u00a0\u00a0\u00a0\u00a0\u00a0\u00a0\u00a0\u00a0\u00a0\u00a0\u00a0\u00a0\u00a0\u00a0\u00a0\u00a0\u00a0\u00a0\u00a0\u00a0\u00a0\u00a0\u00a0\u00a0\u00a0\u00a0\u00a0\u00a0\u00a0\u00a0\u00a0\u00a0\u00a0\u00a0\u00a0\u00a0\u00a0\u00a0\u00a0\u00a0\u00a0\u00a0\u00a0\u00a0\u00a0\u00a0\u00a0\u00a0\u00a0\u00a0\u00a0\u00a0\u00a0\u00a0\u00a0\u00a0\u00a0\u00a0\u00a0\u00a0\u00a0\u00a0\u00a0\u00a0\u00a0\u00a0 Baumgartnern\u00e9 Holl\u00f3 Ir\u00e9n sk.<\/p>\n","protected":false},"excerpt":{"rendered":"<p>Beszerz\u00e9sek SAP-ban t\u00f6rt\u00e9n\u0151 r\u00f6gz\u00edt\u00e9s\u00e9ben t\u00f6rt\u00e9n\u0151 v\u00e1ltoz\u00e1sok A v\u00e1ltoz\u00e1s beszerz\u00e9sszakmai le\u00edr\u00e1sa Hivatkozva a Beszerz\u00e9si Szab\u00e1lyzat 2.1.2. pontja (3) bekezd\u00e9s\u00e9ben foglaltakra, jelen dokumentum k\u00f6zz\u00e9t\u00e9tel\u00e9t\u0151l a k\u00f6vetkez\u0151 v\u00e1ltoz\u00e1sok l\u00e9pnek \u00e9letbe. Miut\u00e1n a Beszerz\u00e9si Szab\u00e1lyzat 2.1.2. pontja (3) bekezd\u00e9s\u00e9ben foglalt rendelkez\u00e9s, azaz a beszerz\u00e9si ig\u00e9ny SAP rendszerben t\u00f6rt\u00e9n\u0151 r\u00f6gz\u00edt\u00e9s\u00e9nek alkalmaz\u00e1s\u00e1hoz sz\u00fcks\u00e9ges informatikai h\u00e1tt\u00e9r megval\u00f3sult, a Szab\u00e1lyzat \u201e3. \u00c1tmeneti rendelkez\u00e9sek\u201d &hellip;<\/p>\n","protected":false},"author":101488,"featured_media":0,"comment_status":"closed","ping_status":"closed","sticky":false,"template":"","format":"standard","meta":{"_acf_changed":false,"footnotes":""},"categories":[7],"tags":[9],"class_list":["post-90976","post","type-post","status-publish","format-standard","hentry","category-hirek","tag-gfi"],"acf":[],"_links":{"self":[{"href":"https:\/\/semmelweis.hu\/gfi\/wp-json\/wp\/v2\/posts\/90976","targetHints":{"allow":["GET"]}}],"collection":[{"href":"https:\/\/semmelweis.hu\/gfi\/wp-json\/wp\/v2\/posts"}],"about":[{"href":"https:\/\/semmelweis.hu\/gfi\/wp-json\/wp\/v2\/types\/post"}],"author":[{"embeddable":true,"href":"https:\/\/semmelweis.hu\/gfi\/wp-json\/wp\/v2\/users\/101488"}],"replies":[{"embeddable":true,"href":"https:\/\/semmelweis.hu\/gfi\/wp-json\/wp\/v2\/comments?post=90976"}],"version-history":[{"count":1,"href":"https:\/\/semmelweis.hu\/gfi\/wp-json\/wp\/v2\/posts\/90976\/revisions"}],"predecessor-version":[{"id":90979,"href":"https:\/\/semmelweis.hu\/gfi\/wp-json\/wp\/v2\/posts\/90976\/revisions\/90979"}],"wp:attachment":[{"href":"https:\/\/semmelweis.hu\/gfi\/wp-json\/wp\/v2\/media?parent=90976"}],"wp:term":[{"taxonomy":"category","embeddable":true,"href":"https:\/\/semmelweis.hu\/gfi\/wp-json\/wp\/v2\/categories?post=90976"},{"taxonomy":"post_tag","embeddable":true,"href":"https:\/\/semmelweis.hu\/gfi\/wp-json\/wp\/v2\/tags?post=90976"}],"curies":[{"name":"wp","href":"https:\/\/api.w.org\/{rel}","templated":true}]}}