{"id":90970,"date":"2020-11-06T13:51:24","date_gmt":"2020-11-06T12:51:24","guid":{"rendered":"https:\/\/semmelweis.hu\/gfi\/?p=90970"},"modified":"2020-11-06T13:51:24","modified_gmt":"2020-11-06T12:51:24","slug":"adatszolgaltatas-unios-projektek-kereteben-hasznalatra-atvett-eszkozok-ugyeben-iktsz-123113-kmini-2020","status":"publish","type":"post","link":"https:\/\/semmelweis.hu\/gfi\/2020\/11\/06\/adatszolgaltatas-unios-projektek-kereteben-hasznalatra-atvett-eszkozok-ugyeben-iktsz-123113-kmini-2020\/","title":{"rendered":"Adatszolg\u00e1ltat\u00e1s Uni\u00f3s projektek keret\u00e9ben haszn\u00e1latra \u00e1tvett eszk\u00f6z\u00f6k \u00fcgy\u00e9ben Iktsz: 123113\/KMINI\/2020"},"content":{"rendered":"<p>Tisztelt I. Belgy\u00f3gy\u00e1szati Klinika Vezet\u0151je, Gazdas\u00e1gi Vezet\u0151je!<br \/>\nTisztelt II. Belgy\u00f3gy\u00e1szati Klinika Vezet\u0151je, Gazdas\u00e1gi Vezet\u0151je!<br \/>\nTisztelt I. Seb\u00e9szeti Klinika Vezet\u0151je, Gazdas\u00e1gi Vezet\u0151je!<br \/>\nTisztelt II. Seb\u00e9szeti Klinika Vezet\u0151je, Gazdas\u00e1gi Vezet\u0151je!<br \/>\nTisztelt V\u00e1rosmajori Klinika Vezet\u0151je, Gazdas\u00e1gi Vezet\u0151je!<br \/>\nTisztelt I. Sz\u00fcl\u00e9szeti \u00e9s N\u0151gy\u00f3gy\u00e1szati Klinika Vezet\u0151je, Gazdas\u00e1gi Vezet\u0151je!<br \/>\nTisztelt II. Sz\u00fcl\u00e9szeti \u00e9s N\u0151gy\u00f3gy\u00e1szati Klinika Vezet\u0151je, Gazdas\u00e1gi Vezet\u0151je!<br \/>\nTisztelt I. Gyermekgy\u00f3gy\u00e1szati Klinika Vezet\u0151je, Gazdas\u00e1gi Vezet\u0151je!<br \/>\nTisztelt II. Gyermekgy\u00f3gy\u00e1szai Klinika Vezet\u0151je, Gazdas\u00e1gi Vezet\u0151je!<br \/>\nTisztelt Szem\u00e9szeti Klinika Vezet\u0151je, Gazdas\u00e1gi Vezet\u0151je!<br \/>\nTisztelt F\u00fcl-orr G\u00e9g\u00e9szeti Klinika Vezet\u0151je, Gazdas\u00e1gi Vezet\u0151je!<br \/>\nTisztelt Pszichi\u00e1triai Klinika Vezet\u0151je, Gazdas\u00e1gi Vezet\u0151je!<br \/>\nTisztelt Neurol\u00f3giai Klinika Vezet\u0151je, Gazdas\u00e1gi Vezet\u0151je!<br \/>\nTisztelt B\u0151rgy\u00f3gy\u00e1szati Klinika Vezet\u0151je, Gazdas\u00e1gi Vezet\u0151je!<br \/>\nTisztelt Urol\u00f3giai Klinika Vezet\u0151je, Gazdas\u00e1gi Vezet\u0151je!<br \/>\nTisztelt Arc-\u00e1llcsont \u00e9s Sz\u00e1jseb\u00e9szeti Klinika Vezet\u0151je, Gazdas\u00e1gi Vezet\u0151je!<br \/>\nTisztelt Radiol\u00f3giai Klinika Vezet\u0151je, Gazdas\u00e1gi Vezet\u0151je!<br \/>\nTisztelt Pulmonol\u00f3giai Klinika Vezet\u0151je, Gazdas\u00e1gi Vezet\u0151je!<br \/>\nTisztelt Ortop\u00e9diai Klinika Vezet\u0151je, Gazdas\u00e1gi Vezet\u0151je!<br \/>\nTisztelt I. Patol\u00f3giai Klinika Vezet\u0151je, Gazdas\u00e1gi Vezet\u0151je!<br \/>\nTisztelt Bels\u0151 Klinikai T\u00f6mb Vezet\u0151je, Gazdas\u00e1gi Vezet\u0151je!<br \/>\nTisztelt Onkol\u00f3giai K\u00f6zpont Vezet\u0151je, Gazdas\u00e1gi Vezet\u0151je!<br \/>\nTisztelt Konzerv\u00e1l\u00f3 Fog\u00e1szati Klinika Vezet\u0151je, Gazdas\u00e1gi Vezet\u0151je!<br \/>\nTisztelt Parodontol\u00f3giai Klinika Vezet\u0151je, Gazdas\u00e1gi Vezet\u0151je!<br \/>\nTisztelt Fogp\u00f3tl\u00e1stani Klinika Vezet\u0151je, Gazdas\u00e1gi Vezet\u0151je!<br \/>\nTisztelt Fog\u00e1szati \u00e9s Sz\u00e1jseb\u00e9szti Oktat\u00e1si Int\u00e9zet Vezet\u0151je, Gazdas\u00e1gi Vezet\u0151je!<br \/>\nTisztelt Gyermekfog\u00e1szati \u00e9s Fogszab\u00e1lyoz\u00e1si Klinika Vezet\u0151je, Gazdas\u00e1gi Vezet\u0151je!<br \/>\nTisztelt K\u00daT Klinikai T\u00f6mb Vezet\u0151je, Gazdas\u00e1gi Vezet\u0151je!<br \/>\nTisztelt Transzplant\u00e1ci\u00f3s \u00e9s Seb\u00e9szeti Klinika Vezet\u0151je, Gazdas\u00e1gi Vezet\u0151je!<br \/>\nTisztelt MR Kutat\u00f3 K\u00f6zpont Vezet\u0151je, Gazdas\u00e1gi Vezet\u0151je!<br \/>\nTisztelt Mellkasseb\u00e9szeti Klinika Vezet\u0151je, Gazdas\u00e1gi Vezet\u0151je!<br \/>\nTisztelt H\u00e1l\u00f3zat-Ir\u00e1ny\u00edt\u00e1si Igazgat\u00f3s\u00e1g Vezet\u0151je, Gazdas\u00e1gi Vezet\u0151je!<\/p>\n<p>&nbsp;<\/p>\n<p>T\u00e1j\u00e9koztatom, hogy a TIOP-2.2.8-14-2015-0002 \u00e9s TIOP-2.3.3-1361-2014-0001 projektek keret\u00e9ben az Egyetem \u00e1ltal \u00e1tvett eszk\u00f6z\u00f6k a k\u00f6telezetts\u00e9gv\u00e1llal\u00e1si nyilatkozatban foglaltak alapj\u00e1n az Egyetem haszn\u00e1lat\u00e1ba ker\u00fcltek, azonban az \u00c1llami Eg\u00e9szs\u00e9g\u00fcgyi Ell\u00e1t\u00f3 K\u00f6zpont (\u00c1EEK) kiz\u00e1r\u00f3lagos tulajdon\u00e1t k\u00e9pezik. <strong>Az \u00c1EEK felsz\u00f3l\u00edt\u00e1sa alapj\u00e1n a projektben \u00e9rintett minden szervezeti egys\u00e9gnek azonnali adatszolg\u00e1ltat\u00e1si k\u00f6telezetts\u00e9get kell teljes\u00edtenie.<\/strong><\/p>\n<p>A mell\u00e9kelt t\u00e1bl\u00e1zat tartalmazza az adatszolg\u00e1ltat\u00e1ssal \u00e9rintett eszk\u00f6z\u00f6kre vonatkoz\u00f3 inform\u00e1ci\u00f3kat.<\/p>\n<p>&nbsp;<\/p>\n<p>A lelt\u00e1roz\u00e1sra vonatkoz\u00f3 \u00c1EEK \u00e1ltal elv\u00e1rt inform\u00e1ci\u00f3k:<\/p>\n<ul>\n<li>a lelt\u00e1rozott helysz\u00edn megnevez\u00e9se<\/li>\n<li>a lelt\u00e1roz\u00e1s megkezd\u00e9s\u00e9nek \u00e9s befejez\u00e9s\u00e9nek kelte<\/li>\n<li>a lelt\u00e1roz\u00f3k, lelt\u00e1rellen\u0151r\u00f6k, lelt\u00e1rfelel\u0151s\u00f6k neve, al\u00e1\u00edr\u00e1sa<\/li>\n<li>a lelt\u00e1r\u00e9rt anyagilag felel\u0151s szem\u00e9ly nyilatkozata, hogy a lelt\u00e1r megfelel a val\u00f3s\u00e1gnak, az abban szerepl\u0151 adatok\u00e9rt felel\u0151ss\u00e9get v\u00e1llal<\/li>\n<li>a lelt\u00e1roz\u00e1ssal szembeni esetleges kifog\u00e1sok<\/li>\n<li>lelt\u00e1ri elt\u00e9r\u00e9sek<\/li>\n<li>felel\u0151s vezet\u0151 neve, al\u00e1\u00edr\u00e1sa.<\/li>\n<\/ul>\n<p>&nbsp;<\/p>\n<p>Tekintettel arra, hogy az eszk\u00f6z\u00f6k jelenlegi st\u00e1tusz\u00e1r\u00f3l a TIOP projektben r\u00e9szt vev\u0151 szervezeti egys\u00e9gek k\u00f6telesek sz\u00e1mot adni, ez\u00e9rt k\u00e9rem a mell\u00e9kelt eszk\u00f6z\u00f6k lelt\u00e1roz\u00e1s\u00e1ra vonatkoz\u00f3 adatszolg\u00e1ltat\u00e1si t\u00e1bl\u00e1zatnak \u00e9s a lelt\u00e1rk\u00e9sz\u00edt\u00e9si \u00e9s lelt\u00e1rkezel\u00e9si szab\u00e1lyzat 6. sz\u00e1m\u00fa mell\u00e9klet\u00e9nek kit\u00f6lt\u00e9s\u00e9t \u00e9s elk\u00fcld\u00e9s\u00e9t scannelt form\u00e1ban 2020. december 15-i hat\u00e1rid\u0151vel <a href=\"mailto:toth.orsolya@semmelweis-univ.hu\">toth.orsolya@semmelweis-univ.hu<\/a> mail c\u00edmre, 1 p\u00e9ld\u00e1nyt eredetben pedig a 1085 Budapest, R\u00f6kk Szil\u00e1rd utca 13. \/M\u0171szaki F\u0151igazgat\u00f3s\u00e1g Gazdas\u00e1gi Hivatala\/ T\u00f3th Orsolya r\u00e9sz\u00e9re.<\/p>\n<p>Tisztelettel:\u00a0 \u00a0 \u00a0 \u00a0 \u00a0 \u00a0 \u00a0 \u00a0 \u00a0 \u00a0 \u00a0 \u00a0 \u00a0 \u00a0 \u00a0 \u00a0 \u00a0 \u00a0 \u00a0 \u00a0 \u00a0 \u00a0 \u00a0 \u00a0 \u00a0 \u00a0 \u00a0 \u00a0 \u00a0 \u00a0 \u00a0 \u00a0 \u00a0 \u00a0 \u00a0 \u00a0 \u00a0 \u00a0 \u00a0 \u00a0 \u00a0 \u00a0 \u00a0 \u00a0 \u00a0 \u00a0 \u00a0 \u00a0 \u00a0 \u00a0 \u00a0 \u00a0 \u00a0 \u00a0 \u00a0 \u00a0 \u00a0 \u00a0 \u00a0 \u00a0 \u00a0 \u00a0 \u00a0 \u00a0 \u00a0 \u00a0 \u00a0 \u00a0 \u00a0 \u00a0 \u00a0 \u00a0 \u00a0 \u00a0 \u00a0 \u00a0 \u00a0 \u00a0 \u00a0 \u00a0 \u00a0 \u00a0 \u00a0 \u00a0 \u00a0Baumgartnern\u00e9 Holl\u00f3 Ir\u00e9n<\/p>\n<p><a href=\"https:\/\/semmelweis.hu\/gfi\/files\/2020\/11\/6.-sz\u00e1m\u00fa-mell\u00e9klet.pdf\">6. sz\u00e1m\u00fa mell\u00e9klet<\/a><\/p>\n<p><a href=\"https:\/\/semmelweis.hu\/gfi\/files\/2020\/11\/TIOP-adatszolg\u00e1ltat\u00e1s-t\u00e1bl\u00e1zat_1.xlsx\">TIOP adatszolg\u00e1ltat\u00e1s t\u00e1bl\u00e1zat_1<\/a><\/p>\n<p><a href=\"https:\/\/semmelweis.hu\/gfi\/files\/2020\/11\/TIOP-eszk\u00f6z\u00f6k_1.xls\">TIOP eszk\u00f6z\u00f6k_1<\/a><\/p>\n<p>&nbsp;<\/p>\n<p><strong>\u00a0<\/strong><\/p>\n","protected":false},"excerpt":{"rendered":"<p>Tisztelt I. Belgy\u00f3gy\u00e1szati Klinika Vezet\u0151je, Gazdas\u00e1gi Vezet\u0151je! Tisztelt II. Belgy\u00f3gy\u00e1szati Klinika Vezet\u0151je, Gazdas\u00e1gi Vezet\u0151je! Tisztelt I. Seb\u00e9szeti Klinika Vezet\u0151je, Gazdas\u00e1gi Vezet\u0151je! Tisztelt II. Seb\u00e9szeti Klinika Vezet\u0151je, Gazdas\u00e1gi Vezet\u0151je! Tisztelt V\u00e1rosmajori Klinika Vezet\u0151je, Gazdas\u00e1gi Vezet\u0151je! Tisztelt I. Sz\u00fcl\u00e9szeti \u00e9s N\u0151gy\u00f3gy\u00e1szati Klinika Vezet\u0151je, Gazdas\u00e1gi Vezet\u0151je! Tisztelt II. Sz\u00fcl\u00e9szeti \u00e9s N\u0151gy\u00f3gy\u00e1szati Klinika Vezet\u0151je, Gazdas\u00e1gi Vezet\u0151je! Tisztelt I. Gyermekgy\u00f3gy\u00e1szati &hellip;<\/p>\n","protected":false},"author":101489,"featured_media":0,"comment_status":"closed","ping_status":"closed","sticky":false,"template":"","format":"standard","meta":{"_acf_changed":false,"footnotes":""},"categories":[7],"tags":[],"class_list":["post-90970","post","type-post","status-publish","format-standard","hentry","category-hirek"],"acf":[],"_links":{"self":[{"href":"https:\/\/semmelweis.hu\/gfi\/wp-json\/wp\/v2\/posts\/90970","targetHints":{"allow":["GET"]}}],"collection":[{"href":"https:\/\/semmelweis.hu\/gfi\/wp-json\/wp\/v2\/posts"}],"about":[{"href":"https:\/\/semmelweis.hu\/gfi\/wp-json\/wp\/v2\/types\/post"}],"author":[{"embeddable":true,"href":"https:\/\/semmelweis.hu\/gfi\/wp-json\/wp\/v2\/users\/101489"}],"replies":[{"embeddable":true,"href":"https:\/\/semmelweis.hu\/gfi\/wp-json\/wp\/v2\/comments?post=90970"}],"version-history":[{"count":1,"href":"https:\/\/semmelweis.hu\/gfi\/wp-json\/wp\/v2\/posts\/90970\/revisions"}],"predecessor-version":[{"id":90974,"href":"https:\/\/semmelweis.hu\/gfi\/wp-json\/wp\/v2\/posts\/90970\/revisions\/90974"}],"wp:attachment":[{"href":"https:\/\/semmelweis.hu\/gfi\/wp-json\/wp\/v2\/media?parent=90970"}],"wp:term":[{"taxonomy":"category","embeddable":true,"href":"https:\/\/semmelweis.hu\/gfi\/wp-json\/wp\/v2\/categories?post=90970"},{"taxonomy":"post_tag","embeddable":true,"href":"https:\/\/semmelweis.hu\/gfi\/wp-json\/wp\/v2\/tags?post=90970"}],"curies":[{"name":"wp","href":"https:\/\/api.w.org\/{rel}","templated":true}]}}