{"id":90848,"date":"2020-10-06T11:11:45","date_gmt":"2020-10-06T09:11:45","guid":{"rendered":"https:\/\/semmelweis.hu\/gfi\/?p=90848"},"modified":"2020-10-06T11:11:45","modified_gmt":"2020-10-06T09:11:45","slug":"110570-ksgfi-2020-vagyonkezelesi-szerzodeshez-kapcsolodo-adatszolgaltatas","status":"publish","type":"post","link":"https:\/\/semmelweis.hu\/gfi\/2020\/10\/06\/110570-ksgfi-2020-vagyonkezelesi-szerzodeshez-kapcsolodo-adatszolgaltatas\/","title":{"rendered":"110570\/KSGFI\/2020.  Vagyonkezel\u00e9si szerz\u0151d\u00e9shez kapcsol\u00f3d\u00f3 adatszolg\u00e1ltat\u00e1s"},"content":{"rendered":"<p>T\u00e1j\u00e9koztatom \u00d6n\u00f6ket, hogy a Semmelweis Egyetem vagyonkezel\u00e9si szerz\u0151d\u00e9seiben el\u0151\u00edrt hasznos\u00edt\u00e1sr\u00f3l (helyis\u00e9g b\u00e9rbead\u00e1s, \u00e9tel &#8211; ital automata \u00fczemeltet\u00e9s) sz\u00f3l\u00f3 adatszolg\u00e1ltat\u00e1si k\u00f6telezetts\u00e9g\u00e9nek k\u00f6vetkez\u0151 hat\u00e1rideje: <strong>2020. okt\u00f3ber 15.<\/strong><\/p>\n<p>Teljes\u00edt\u00e9s\u00e9hez k\u00e9rem, hogy 2020. j\u00falius 01. \u2013 szeptember 30. k\u00f6z\u00f6tt megl\u00e9v\u0151 \u00e9s megsz\u0171nt hasznos\u00edt\u00e1saikr\u00f3l, az automat\u00e1kra vonatkoz\u00f3an is adj\u00e1k meg adatszolg\u00e1ltat\u00e1sukat a mell\u00e9kelt t\u00e1bl\u00e1zat kit\u00f6lt\u00e9s\u00e9vel, a Teljess\u00e9gi nyilatkozat al\u00e1\u00edr\u00e1s\u00e1val, valamint a rendelkez\u00e9s\u00fckre \u00e1ll\u00f3 szerz\u0151d\u00e9sek, <strong>szerz\u0151d\u00e9s m\u00f3dos\u00edt\u00e1sok m\u00e1solatainak<\/strong> megk\u00fcld\u00e9s\u00e9vel.<\/p>\n<p>Tov\u00e1bb\u00e1 k\u00e9rem, hogy eseti \u00e9s tart\u00f3s b\u00e9rbev\u00e9teli szerz\u0151d\u00e9seikr\u0151l is szolg\u00e1ltassanak adatot a csatolt t\u00e1bl\u00e1zat kit\u00f6lt\u00e9s\u00e9vel.<\/p>\n<p><strong>Adatszolg\u00e1ltat\u00e1sukat a Vagyongazd\u00e1lkod\u00e1si Igazgat\u00f3s\u00e1g r\u00e9sz\u00e9re pap\u00edralapon \u00e9s elektronikus form\u00e1ban is sz\u00edveskedjenek megk\u00fcldeni 2020. okt\u00f3ber 9. (p\u00e9ntek) 12:00 \u00f3r\u00e1ig.<\/strong><\/p>\n<p>E-mail: <a href=\"mailto:%20vagyon@semmelweis-univ.hu\">vagyon@semmelweis-univ.hu<\/a><\/p>\n<p>Budapest, 2020. okt\u00f3ber 6.<\/p>\n<p>&nbsp;<\/p>\n<p>Baumgartnern\u00e9 Holl\u00f3 Ir\u00e9n<\/p>\n<p><a href=\"https:\/\/semmelweis.hu\/gfi\/files\/2020\/10\/Adatszolg\u00e1ltat\u00e1shoz-t\u00e1bla-1-4-1_2020.09.h\u00f3.xlsx\">Adatszolg\u00e1ltat\u00e1shoz t\u00e1bla (1) (4)-1_2020.09.h\u00f3<\/a><\/p>\n","protected":false},"excerpt":{"rendered":"<p>T\u00e1j\u00e9koztatom \u00d6n\u00f6ket, hogy a Semmelweis Egyetem vagyonkezel\u00e9si szerz\u0151d\u00e9seiben el\u0151\u00edrt hasznos\u00edt\u00e1sr\u00f3l (helyis\u00e9g b\u00e9rbead\u00e1s, \u00e9tel &#8211; ital automata \u00fczemeltet\u00e9s) sz\u00f3l\u00f3 adatszolg\u00e1ltat\u00e1si k\u00f6telezetts\u00e9g\u00e9nek k\u00f6vetkez\u0151 hat\u00e1rideje: 2020. okt\u00f3ber 15. Teljes\u00edt\u00e9s\u00e9hez k\u00e9rem, hogy 2020. j\u00falius 01. \u2013 szeptember 30. k\u00f6z\u00f6tt megl\u00e9v\u0151 \u00e9s megsz\u0171nt hasznos\u00edt\u00e1saikr\u00f3l, az automat\u00e1kra vonatkoz\u00f3an is adj\u00e1k meg adatszolg\u00e1ltat\u00e1sukat a mell\u00e9kelt t\u00e1bl\u00e1zat kit\u00f6lt\u00e9s\u00e9vel, a Teljess\u00e9gi nyilatkozat al\u00e1\u00edr\u00e1s\u00e1val, valamint &hellip;<\/p>\n","protected":false},"author":101488,"featured_media":0,"comment_status":"closed","ping_status":"closed","sticky":false,"template":"","format":"standard","meta":{"_acf_changed":false,"footnotes":""},"categories":[7],"tags":[28],"class_list":["post-90848","post","type-post","status-publish","format-standard","hentry","category-hirek","tag-vagyongazdalkodas"],"acf":[],"_links":{"self":[{"href":"https:\/\/semmelweis.hu\/gfi\/wp-json\/wp\/v2\/posts\/90848","targetHints":{"allow":["GET"]}}],"collection":[{"href":"https:\/\/semmelweis.hu\/gfi\/wp-json\/wp\/v2\/posts"}],"about":[{"href":"https:\/\/semmelweis.hu\/gfi\/wp-json\/wp\/v2\/types\/post"}],"author":[{"embeddable":true,"href":"https:\/\/semmelweis.hu\/gfi\/wp-json\/wp\/v2\/users\/101488"}],"replies":[{"embeddable":true,"href":"https:\/\/semmelweis.hu\/gfi\/wp-json\/wp\/v2\/comments?post=90848"}],"version-history":[{"count":1,"href":"https:\/\/semmelweis.hu\/gfi\/wp-json\/wp\/v2\/posts\/90848\/revisions"}],"predecessor-version":[{"id":90850,"href":"https:\/\/semmelweis.hu\/gfi\/wp-json\/wp\/v2\/posts\/90848\/revisions\/90850"}],"wp:attachment":[{"href":"https:\/\/semmelweis.hu\/gfi\/wp-json\/wp\/v2\/media?parent=90848"}],"wp:term":[{"taxonomy":"category","embeddable":true,"href":"https:\/\/semmelweis.hu\/gfi\/wp-json\/wp\/v2\/categories?post=90848"},{"taxonomy":"post_tag","embeddable":true,"href":"https:\/\/semmelweis.hu\/gfi\/wp-json\/wp\/v2\/tags?post=90848"}],"curies":[{"name":"wp","href":"https:\/\/api.w.org\/{rel}","templated":true}]}}