{"id":90801,"date":"2020-08-17T08:53:59","date_gmt":"2020-08-17T06:53:59","guid":{"rendered":"https:\/\/semmelweis.hu\/gfi\/?p=90801"},"modified":"2020-08-17T08:53:59","modified_gmt":"2020-08-17T06:53:59","slug":"2021-evi-informatikai-tervezes-89132-gfibszi-2020","status":"publish","type":"post","link":"https:\/\/semmelweis.hu\/gfi\/2020\/08\/17\/2021-evi-informatikai-tervezes-89132-gfibszi-2020\/","title":{"rendered":"2021. \u00e9vi informatikai tervez\u00e9s 89132\/GFIBSZI\/2020."},"content":{"rendered":"<p><em>A Nemzeti H\u00edrk\u00f6zl\u00e9si \u00e9s Informatikai Tan\u00e1csr\u00f3l, valamint a Digit\u00e1lis Korm\u00e1nyzati \u00dcgyn\u00f6ks\u00e9g Z\u00e1rtk\u00f6r\u0171en M\u0171k\u00f6d\u0151 R\u00e9szv\u00e9nyt\u00e1rsas\u00e1g \u00e9s a korm\u00e1nyzati informatikai beszerz\u00e9sek k\u00f6zpontos\u00edtott k\u00f6zbeszerz\u00e9si rendszer\u00e9r\u0151l sz\u00f3l\u00f3 <\/em>301\/2018. (XII. 27.) Korm. rendelet (a tov\u00e1bbiakban: Korm. rendelet) rendelkez\u00e9sei alapj\u00e1n a Semmelweis Egyetemnek a <u>2021. \u00e9vre vonatkoz\u00f3 <\/u><u>\u00e9ves informatikai beszerz\u00e9si \u00e9s fejleszt\u00e9si tervet kell beny\u00fajtania<\/u> a Digit\u00e1lis Korm\u00e1nyzati \u00dcgyn\u00f6ks\u00e9g Zrt. \u00e1ltal \u00fczemeltetett port\u00e1lon. Az adatszolg\u00e1ltat\u00e1s felt\u00f6lt\u00e9s\u00e9nek hat\u00e1rideje 2020. szeptember 30. napja.<\/p>\n<p>K\u00e9rem a szervezeti egys\u00e9gek vezet\u0151it, hogy a helyi informatik\u00e1\u00e9rt felel\u0151s munkat\u00e1rsak bevon\u00e1s\u00e1val, \u00e9s az Informatikai Igazgat\u00f3s\u00e1g k\u00f6zrem\u0171k\u00f6d\u00e9s\u00e9vel a <strong><u>mell\u00e9kelt adatgy\u0171jt\u0151 lapokat 2020. szeptember 11. napj\u00e1ig<\/u><\/strong> k\u00fcldj\u00e9k meg Del\u00e9nyi Gabriella beszerz\u00e9s-tervez\u00e9si \u00e9s min\u0151s\u00edt\u00e9si oszt\u00e1lyvezet\u0151 r\u00e9sz\u00e9re, a <a href=\"mailto:delenyi.gabriella@semmelweis-univ.hu\">delenyi.gabriella@semmelweis-univ.hu<\/a> elektronikus c\u00edmre.<\/p>\n<p>Felh\u00edvom sz\u00edves figyelm\u00fcket, hogy a tervez\u00e9skor az \u00f6sszes informatikai ig\u00e9ny\u00fcket vegy\u00e9k figyelembe, vagyis az orvosi eszk\u00f6z\u00f6kh\u00f6z sz\u00fcks\u00e9ges szoftvereket, licenceket, illetve minden egy\u00e9b c\u00e9lszoftvert legyenek sz\u00edvesek a tervben felt\u00fcntetni.<\/p>\n<p>A kit\u00f6lt\u00e9ssel kapcsolatban a beszerz\u00e9si jelleg\u0171 k\u00e9rd\u00e9sekben a Beszerz\u00e9si Igazgat\u00f3s\u00e1g r\u00e9sz\u00e9r\u0151l Del\u00e9nyi Gabriella (+36\/20-8250167), az informatikai eszk\u00f6z\u00f6k \u00e9s szolg\u00e1ltat\u00e1sok kateg\u00f3ri\u00e1kba sorol\u00e1s\u00e1ban \u00e9s m\u0171szaki k\u00e9rd\u00e9sekben az Informatikai Igazgat\u00f3s\u00e1g r\u00e9sz\u00e9r\u0151l Kasz\u00e1s S\u00e1ndor (+36\/20-6701094) ny\u00fajt seg\u00edts\u00e9get.<\/p>\n<table style=\"width: 81.2462%\">\n<tbody>\n<tr>\n<td style=\"width: 42.8788%\" width=\"243\">\n<p>&nbsp;<\/p>\n<p>Budapest, 2020. augusztus 13.<\/p>\n<\/td>\n<td style=\"width: 20.4696%\" width=\"207\">\n<p>&nbsp;<\/p>\n<\/td>\n<td style=\"width: 36.5001%\" width=\"207\">\n<p>&nbsp;<\/p>\n<\/td>\n<\/tr>\n<tr>\n<td style=\"width: 42.8788%\" width=\"243\">\u00a0<\/td>\n<td style=\"width: 20.4696%\" width=\"207\">\u00a0<\/td>\n<td style=\"width: 36.5001%\" width=\"207\">\n<p>Baumgartnern\u00e9 Holl\u00f3 Ir\u00e9n<\/p>\n<\/td>\n<\/tr>\n<\/tbody>\n<\/table>\n<p>\u00a0 \u00a0 \u00a0 \u00a0 \u00a0 \u00a0 \u00a0 \u00a0 \u00a0 \u00a0 \u00a0 \u00a0 \u00a0 \u00a0 \u00a0 \u00a0 \u00a0 \u00a0 \u00a0 \u00a0 \u00a0 \u00a0 \u00a0 \u00a0 \u00a0 \u00a0 \u00a0 \u00a0 \u00a0 \u00a0 \u00a0 \u00a0 \u00a0 \u00a0 \u00a0 \u00a0 \u00a0 \u00a0 \u00a0 \u00a0 \u00a0 \u00a0 \u00a0 \u00a0 \u00a0 \u00a0 \u00a0 \u00a0 \u00a0 \u00a0 \u00a0 \u00a0 \u00a0 \u00a0 \u00a0 \u00a0 \u00a0 \u00a0 \u00a0 \u00a0 \u00a0 \u00a0 \u00a0 \u00a0 \u00a0 \u00a0 \u00a0 \u00a0 \u00a0 \u00a0 \u00a0 \u00a0 \u00a0 \u00a0 \u00a0 \u00a0 \u00a0 \u00a0 \u00a0 \u00a0 \u00a0 \u00a0 <a href=\"https:\/\/semmelweis.hu\/gfi\/files\/2020\/08\/Informatikai-terv_SE.xlsx\">Informatikai terv_SE<\/a><\/p>\n<p>&nbsp;<\/p>\n","protected":false},"excerpt":{"rendered":"<p>A Nemzeti H\u00edrk\u00f6zl\u00e9si \u00e9s Informatikai Tan\u00e1csr\u00f3l, valamint a Digit\u00e1lis Korm\u00e1nyzati \u00dcgyn\u00f6ks\u00e9g Z\u00e1rtk\u00f6r\u0171en M\u0171k\u00f6d\u0151 R\u00e9szv\u00e9nyt\u00e1rsas\u00e1g \u00e9s a korm\u00e1nyzati informatikai beszerz\u00e9sek k\u00f6zpontos\u00edtott k\u00f6zbeszerz\u00e9si rendszer\u00e9r\u0151l sz\u00f3l\u00f3 301\/2018. (XII. 27.) Korm. rendelet (a tov\u00e1bbiakban: Korm. rendelet) rendelkez\u00e9sei alapj\u00e1n a Semmelweis Egyetemnek a 2021. \u00e9vre vonatkoz\u00f3 \u00e9ves informatikai beszerz\u00e9si \u00e9s fejleszt\u00e9si tervet kell beny\u00fajtania a Digit\u00e1lis Korm\u00e1nyzati \u00dcgyn\u00f6ks\u00e9g Zrt. \u00e1ltal &hellip;<\/p>\n","protected":false},"author":101488,"featured_media":0,"comment_status":"closed","ping_status":"closed","sticky":false,"template":"","format":"standard","meta":{"_acf_changed":false,"footnotes":""},"categories":[7],"tags":[9],"class_list":["post-90801","post","type-post","status-publish","format-standard","hentry","category-hirek","tag-gfi"],"acf":[],"_links":{"self":[{"href":"https:\/\/semmelweis.hu\/gfi\/wp-json\/wp\/v2\/posts\/90801","targetHints":{"allow":["GET"]}}],"collection":[{"href":"https:\/\/semmelweis.hu\/gfi\/wp-json\/wp\/v2\/posts"}],"about":[{"href":"https:\/\/semmelweis.hu\/gfi\/wp-json\/wp\/v2\/types\/post"}],"author":[{"embeddable":true,"href":"https:\/\/semmelweis.hu\/gfi\/wp-json\/wp\/v2\/users\/101488"}],"replies":[{"embeddable":true,"href":"https:\/\/semmelweis.hu\/gfi\/wp-json\/wp\/v2\/comments?post=90801"}],"version-history":[{"count":2,"href":"https:\/\/semmelweis.hu\/gfi\/wp-json\/wp\/v2\/posts\/90801\/revisions"}],"predecessor-version":[{"id":90804,"href":"https:\/\/semmelweis.hu\/gfi\/wp-json\/wp\/v2\/posts\/90801\/revisions\/90804"}],"wp:attachment":[{"href":"https:\/\/semmelweis.hu\/gfi\/wp-json\/wp\/v2\/media?parent=90801"}],"wp:term":[{"taxonomy":"category","embeddable":true,"href":"https:\/\/semmelweis.hu\/gfi\/wp-json\/wp\/v2\/categories?post=90801"},{"taxonomy":"post_tag","embeddable":true,"href":"https:\/\/semmelweis.hu\/gfi\/wp-json\/wp\/v2\/tags?post=90801"}],"curies":[{"name":"wp","href":"https:\/\/api.w.org\/{rel}","templated":true}]}}