{"id":90788,"date":"2020-08-06T15:21:47","date_gmt":"2020-08-06T13:21:47","guid":{"rendered":"https:\/\/semmelweis.hu\/gfi\/?p=90788"},"modified":"2020-08-06T15:21:47","modified_gmt":"2020-08-06T13:21:47","slug":"kozbeszerzesi-szerzodeskotes-a-molnlycke-kft-vel-iktsz-1078-gfibszi-2020","status":"publish","type":"post","link":"https:\/\/semmelweis.hu\/gfi\/2020\/08\/06\/kozbeszerzesi-szerzodeskotes-a-molnlycke-kft-vel-iktsz-1078-gfibszi-2020\/","title":{"rendered":"K\u00f6zbeszerz\u00e9si szerz\u0151d\u00e9sk\u00f6t\u00e9s a M\u00f6lnlycke Kft-vel. Iktsz: 1078\/GFIBSZI\/2020"},"content":{"rendered":"<p><strong>T \u00c1 J \u00c9 K O Z T A T \u00d3<\/strong><\/p>\n<p><strong>klinik\u00e1k, int\u00e9zetek, szervezeti egys\u00e9gek gazdas\u00e1gi vezet\u0151i r\u00e9sz\u00e9re<\/strong><\/p>\n<p><strong>\u00a0<\/strong><\/p>\n<p><em>Tisztelt Gazdas\u00e1gi Vezet\u0151 Asszony\/\u00dar!<\/em><\/p>\n<p>T\u00e1j\u00e9koztatjuk \u00d6n\u00f6ket arr\u00f3l, hogy a Semmelweis Egyetem \u00e9s a M\u00f6lnlycke Kft. k\u00f6z\u00f6tt 2020.08.04-\u00e9n, k\u00f6zbeszerz\u00e9si elj\u00e1r\u00e1s eredm\u00e9nyek\u00e9ppen megk\u00f6t\u00f6tt <strong><em>\u201eEgyszer haszn\u00e1latos m\u0171t\u00e9ti szettek beszerz\u00e9se <\/em>\u201d <\/strong>t\u00e1rgy\u00fa szerz\u0151d\u00e9s adatait az SAP rendszerben az al\u00e1bbiak szerint r\u00f6gz\u00edtett\u00fck.<\/p>\n<p>A szerz\u0151d\u00e9s SAP sz\u00e1ma:<strong> 4620003816 <\/strong>(a szerz\u0151d\u00e9s szkennelt p\u00e9ld\u00e1nya az SAP-b\u00f3l let\u00f6lthet\u0151)<\/p>\n<p>Ig\u00e9nyl\u0151 szervezeti egys\u00e9gek: <strong>V\u00e1rosmajori Sz\u00edv- \u00e9s \u00c9rseb\u00e9szeti Klinika<\/strong><\/p>\n<p>A szerz\u0151d\u00e9s nett\u00f3 \u00f6sszege: <strong>107.550.000,-Ft<\/strong>.<\/p>\n<p>A szerz\u0151d\u00e9s futamideje: <strong>2020.08.04 \u2013 2023.08.04<\/strong> (36 h\u00f3nap)<\/p>\n<p>&nbsp;<\/p>\n<p><strong><em>Budapest, 2020. augusztus 06.<\/em><\/strong><\/p>\n<p>&nbsp;<\/p>\n<p>\u00dcdv\u00f6zlettel:\u00a0 \u00a0 \u00a0 \u00a0 \u00a0 \u00a0 \u00a0 \u00a0 \u00a0 \u00a0 \u00a0 \u00a0 \u00a0 \u00a0 \u00a0 \u00a0 \u00a0 \u00a0 \u00a0 \u00a0 \u00a0 \u00a0 \u00a0 \u00a0 \u00a0 \u00a0 \u00a0 \u00a0 \u00a0 \u00a0 \u00a0 \u00a0 \u00a0 \u00a0 \u00a0 \u00a0 \u00a0 \u00a0 \u00a0 \u00a0 \u00a0 \u00a0 \u00a0 \u00a0 \u00a0 \u00a0 \u00a0 \u00a0 \u00a0 \u00a0 \u00a0 \u00a0 \u00a0 \u00a0 \u00a0 \u00a0 \u00a0 \u00a0 \u00a0 \u00a0 \u00a0 \u00a0 \u00a0 \u00a0 \u00a0 \u00a0 \u00a0 \u00a0 \u00a0 \u00a0 \u00a0 \u00a0 \u00a0 \u00a0 \u00a0 \u00a0 \u00a0 \u00a0 \u00a0 \u00a0 \u00a0 \u00a0 \u00a0 \u00a0Beszerz\u00e9si Igazgat\u00f3s\u00e1g<\/p>\n<p><a href=\"https:\/\/semmelweis.hu\/gfi\/files\/2020\/08\/SAP-H\u00edrek-Molnlycke-Kft.docx\">SAP H\u00edrek Molnlycke Kft<\/a><\/p>\n","protected":false},"excerpt":{"rendered":"<p>T \u00c1 J \u00c9 K O Z T A T \u00d3 klinik\u00e1k, int\u00e9zetek, szervezeti egys\u00e9gek gazdas\u00e1gi vezet\u0151i r\u00e9sz\u00e9re \u00a0 Tisztelt Gazdas\u00e1gi Vezet\u0151 Asszony\/\u00dar! T\u00e1j\u00e9koztatjuk \u00d6n\u00f6ket arr\u00f3l, hogy a Semmelweis Egyetem \u00e9s a M\u00f6lnlycke Kft. k\u00f6z\u00f6tt 2020.08.04-\u00e9n, k\u00f6zbeszerz\u00e9si elj\u00e1r\u00e1s eredm\u00e9nyek\u00e9ppen megk\u00f6t\u00f6tt \u201eEgyszer haszn\u00e1latos m\u0171t\u00e9ti szettek beszerz\u00e9se \u201d t\u00e1rgy\u00fa szerz\u0151d\u00e9s adatait az SAP rendszerben az al\u00e1bbiak szerint &hellip;<\/p>\n","protected":false},"author":101489,"featured_media":0,"comment_status":"closed","ping_status":"closed","sticky":false,"template":"","format":"standard","meta":{"_acf_changed":false,"footnotes":""},"categories":[7],"tags":[],"class_list":["post-90788","post","type-post","status-publish","format-standard","hentry","category-hirek"],"acf":[],"_links":{"self":[{"href":"https:\/\/semmelweis.hu\/gfi\/wp-json\/wp\/v2\/posts\/90788","targetHints":{"allow":["GET"]}}],"collection":[{"href":"https:\/\/semmelweis.hu\/gfi\/wp-json\/wp\/v2\/posts"}],"about":[{"href":"https:\/\/semmelweis.hu\/gfi\/wp-json\/wp\/v2\/types\/post"}],"author":[{"embeddable":true,"href":"https:\/\/semmelweis.hu\/gfi\/wp-json\/wp\/v2\/users\/101489"}],"replies":[{"embeddable":true,"href":"https:\/\/semmelweis.hu\/gfi\/wp-json\/wp\/v2\/comments?post=90788"}],"version-history":[{"count":1,"href":"https:\/\/semmelweis.hu\/gfi\/wp-json\/wp\/v2\/posts\/90788\/revisions"}],"predecessor-version":[{"id":90790,"href":"https:\/\/semmelweis.hu\/gfi\/wp-json\/wp\/v2\/posts\/90788\/revisions\/90790"}],"wp:attachment":[{"href":"https:\/\/semmelweis.hu\/gfi\/wp-json\/wp\/v2\/media?parent=90788"}],"wp:term":[{"taxonomy":"category","embeddable":true,"href":"https:\/\/semmelweis.hu\/gfi\/wp-json\/wp\/v2\/categories?post=90788"},{"taxonomy":"post_tag","embeddable":true,"href":"https:\/\/semmelweis.hu\/gfi\/wp-json\/wp\/v2\/tags?post=90788"}],"curies":[{"name":"wp","href":"https:\/\/api.w.org\/{rel}","templated":true}]}}