{"id":90757,"date":"2020-07-22T10:13:35","date_gmt":"2020-07-22T08:13:35","guid":{"rendered":"https:\/\/semmelweis.hu\/gfi\/?p=90757"},"modified":"2020-07-22T10:13:35","modified_gmt":"2020-07-22T08:13:35","slug":"minimum-berleti-dijak-es-a-kozuzemi-koltsegekre-vonatkozo-atalanydijak-meghatarozasa-2020-07-20-tol-80652-2-gfivgi-2020","status":"publish","type":"post","link":"https:\/\/semmelweis.hu\/gfi\/2020\/07\/22\/minimum-berleti-dijak-es-a-kozuzemi-koltsegekre-vonatkozo-atalanydijak-meghatarozasa-2020-07-20-tol-80652-2-gfivgi-2020\/","title":{"rendered":"Minimum b\u00e9rleti d\u00edjak \u00e9s a k\u00f6z\u00fczemi k\u00f6lts\u00e9gekre vonatkoz\u00f3 \u00e1tal\u00e1nyd\u00edjak meghat\u00e1roz\u00e1sa 2020. 07. 20-t\u00f3l 80652-2\/GFIVGI\/2020."},"content":{"rendered":"<p><strong>1<\/strong>. A Semmelweis Egyetem Vagyon- \u00e9s helyis\u00e9ggazd\u00e1lkod\u00e1si Szab\u00e1lyzat\u00e1nak 2.9.2. (3) bekezd\u00e9se alapj\u00e1n 2020-ban a b\u00e9rbead\u00e1ssal \u00f6sszef\u00fcgg\u0151 \u00e1rak \u00e9s d\u00edjak meghat\u00e1roz\u00e1s\u00e1n\u00e1l 2020. j\u00falius 20. napj\u00e1t\u00f3l a jelen utas\u00edt\u00e1shoz csatolt 1. sz\u00e1m\u00fa mell\u00e9kletben szerepl\u0151 aktualiz\u00e1lt tipiz\u00e1lt minimum b\u00e9rleti d\u00edjakat kell minimum d\u00edjnak tekinteni.<br \/>\nA piaci \u00e9rt\u00e9k alapj\u00e1n meghat\u00e1rozott tipiz\u00e1lt minimum b\u00e9rleti d\u00edjakat a b\u00e9rbead\u00f3 szervezeti egys\u00e9gnek a b\u00e9rbe adand\u00f3 helyis\u00e9gre vonatkoz\u00f3 \u00f6nk\u00f6lts\u00e9g\u00e9vel \u00f6ssze kell vetni\u00fck. <br \/>\nA b\u00e9rleti d\u00edjszab\u00e1snak meg kell haladnia a b\u00e9rlem\u00e9ny \u00f6nk\u00f6lts\u00e9g\u00e9t.<br \/>\n<strong>2.<\/strong> A Testnevel\u00e9si \u00e9s Sportk\u00f6zpont, Sporttelep minimum b\u00e9rleti d\u00edjai k\u00fcl\u00f6n k\u00f6zz\u00e9t\u00e9telben ker\u00fclnek szab\u00e1lyoz\u00e1sra.<br \/>\n<strong>3.<\/strong> A k\u00f6z\u00fczemi k\u00f6lts\u00e9gek eset\u00e9ben, amennyiben nincs egyedi m\u00e9r\u00e9sre lehet\u0151s\u00e9g, a 2. sz\u00e1m\u00fa mell\u00e9klet szerinti \u00e1tal\u00e1nyd\u00edj meg\u00e1llap\u00edt\u00e1st kell alkalmazni.<br \/>\nBudapest, 2020. j\u00falius &#8230;<br \/>\nTisztelettel:<br \/>\nBaumgartnern\u00e9 Holl\u00f3 Ir\u00e9n<br \/>\ngazdas\u00e1gi f\u0151igazgat\u00f3<br \/>\n<a href=\"https:\/\/semmelweis.hu\/gfi\/files\/2020\/07\/1.sz_.mell\u00e9klet-1.pdf\">1.sz.mell\u00e9klet<\/a><\/p>\n<p><a href=\"https:\/\/semmelweis.hu\/gfi\/files\/2020\/07\/2.sz_.mell\u00e9klet.pdf\">2.sz.mell\u00e9klet<\/a><\/p>\n","protected":false},"excerpt":{"rendered":"<p>1. A Semmelweis Egyetem Vagyon- \u00e9s helyis\u00e9ggazd\u00e1lkod\u00e1si Szab\u00e1lyzat\u00e1nak 2.9.2. (3) bekezd\u00e9se alapj\u00e1n 2020-ban a b\u00e9rbead\u00e1ssal \u00f6sszef\u00fcgg\u0151 \u00e1rak \u00e9s d\u00edjak meghat\u00e1roz\u00e1s\u00e1n\u00e1l 2020. j\u00falius 20. napj\u00e1t\u00f3l a jelen utas\u00edt\u00e1shoz csatolt 1. sz\u00e1m\u00fa mell\u00e9kletben szerepl\u0151 aktualiz\u00e1lt tipiz\u00e1lt minimum b\u00e9rleti d\u00edjakat kell minimum d\u00edjnak tekinteni. A piaci \u00e9rt\u00e9k alapj\u00e1n meghat\u00e1rozott tipiz\u00e1lt minimum b\u00e9rleti d\u00edjakat a b\u00e9rbead\u00f3 szervezeti egys\u00e9gnek a &hellip;<\/p>\n","protected":false},"author":101488,"featured_media":0,"comment_status":"closed","ping_status":"closed","sticky":false,"template":"","format":"standard","meta":{"_acf_changed":false,"footnotes":""},"categories":[7],"tags":[28],"class_list":["post-90757","post","type-post","status-publish","format-standard","hentry","category-hirek","tag-vagyongazdalkodas"],"acf":[],"_links":{"self":[{"href":"https:\/\/semmelweis.hu\/gfi\/wp-json\/wp\/v2\/posts\/90757","targetHints":{"allow":["GET"]}}],"collection":[{"href":"https:\/\/semmelweis.hu\/gfi\/wp-json\/wp\/v2\/posts"}],"about":[{"href":"https:\/\/semmelweis.hu\/gfi\/wp-json\/wp\/v2\/types\/post"}],"author":[{"embeddable":true,"href":"https:\/\/semmelweis.hu\/gfi\/wp-json\/wp\/v2\/users\/101488"}],"replies":[{"embeddable":true,"href":"https:\/\/semmelweis.hu\/gfi\/wp-json\/wp\/v2\/comments?post=90757"}],"version-history":[{"count":1,"href":"https:\/\/semmelweis.hu\/gfi\/wp-json\/wp\/v2\/posts\/90757\/revisions"}],"predecessor-version":[{"id":90759,"href":"https:\/\/semmelweis.hu\/gfi\/wp-json\/wp\/v2\/posts\/90757\/revisions\/90759"}],"wp:attachment":[{"href":"https:\/\/semmelweis.hu\/gfi\/wp-json\/wp\/v2\/media?parent=90757"}],"wp:term":[{"taxonomy":"category","embeddable":true,"href":"https:\/\/semmelweis.hu\/gfi\/wp-json\/wp\/v2\/categories?post=90757"},{"taxonomy":"post_tag","embeddable":true,"href":"https:\/\/semmelweis.hu\/gfi\/wp-json\/wp\/v2\/tags?post=90757"}],"curies":[{"name":"wp","href":"https:\/\/api.w.org\/{rel}","templated":true}]}}