{"id":7953,"date":"2011-10-27T06:06:13","date_gmt":"2011-10-27T06:06:13","guid":{"rendered":"http:\/\/semmelweis-egyetem.hu\/hirek\/?p=7953"},"modified":"2018-05-16T14:01:34","modified_gmt":"2018-05-16T12:01:34","slug":"tajekoztato-a-gazdasagi-es-koltsegvetesi-bizottsag-megalakulasarol","status":"publish","type":"post","link":"https:\/\/semmelweis.hu\/gfi\/2011\/10\/27\/tajekoztato-a-gazdasagi-es-koltsegvetesi-bizottsag-megalakulasarol\/","title":{"rendered":"T\u00e1j\u00e9koztat\u00f3 a Gazdas\u00e1gi \u00e9s K\u00f6lts\u00e9gvet\u00e9si Bizotts\u00e1g megalakul\u00e1s\u00e1r\u00f3l"},"content":{"rendered":"<p>A nemzetgazdas\u00e1g jelenlegi neh\u00e9z helyzet\u00e9b\u0151l a fels\u0151oktat\u00e1sra \u00e9s az eg\u00e9szs\u00e9g\u00fcgyi ell\u00e1t\u00e1sra nehezed\u0151 gazdas\u00e1gi, p\u00e9nz\u00fcgyi jelleg\u0171, sokszor \u00e9v k\u00f6zben fell\u00e9p\u0151 korm\u00e1nyd\u00f6nt\u00e9sek, azok egyetemi implement\u00e1ci\u00f3ja, valamint az \u00faj fels\u0151oktat\u00e1si t\u00f6rv\u00e9ny (Ftv.) v\u00e1rhat\u00f3 hat\u00e1sa megk\u00f6vetelik, hogy az egyetem\u00e9rt felel\u0151s vezet\u00e9s gyors, de megalapozott d\u00f6nt\u00e9seket hozzon. A fels\u0151oktat\u00e1si t\u00f6rv\u00e9nyben le\u00edrt elj\u00e1r\u00e1si mechanizmusokon t\u00falmen\u0151en is sz\u00fcks\u00e9ges, hogy a jelen helyzetben a gazdas\u00e1gi v\u00e1ltoz\u00e1sok k\u00f6vetkezm\u00e9nyei egyetemi, akad\u00e9miai szempontb\u00f3l is elemz\u00e9sre, megfontol\u00e1sra ker\u00fcljenek.Ehhez eddig is seg\u00edts\u00e9get ny\u00fajtottak a Karok, s azok vezet\u0151i. A v\u00e1rhat\u00f3 komplex \u00e9s egyben forr\u00e1shi\u00e1nyos gazd\u00e1lkod\u00e1si k\u00f6rnyezet azonban m\u00e1r nem n\u00e9lk\u00fcl\u00f6zhet egy gyorsan reag\u00e1lni k\u00e9pes, elk\u00f6telezett emberekb\u0151l \u00e1ll\u00f3, egy\u00e9ni \u00e9s k\u00f6z\u00f6ss\u00e9gi \u00e9rdekeket megfelel\u0151en k\u00e9pviselni tud\u00f3 csapatot. Ennek a feladatnak egy ad-hoc Gazdas\u00e1gi \u00e9s K\u00f6lts\u00e9gvet\u00e9si Bizotts\u00e1g tud megfelelni, mely felk\u00e9r\u00e9semre m\u00e1r megkezdte munk\u00e1j\u00e1t. Feladata t\u00f6bbek k\u00f6z\u00f6tt, hogy a Rektor \u00e9s a Gazdas\u00e1gi F\u0151igazgat\u00f3 kezdem\u00e9nyez\u00e9s\u00e9re a k\u00f6lts\u00e9gvet\u00e9si elveket, a r\u00e9szletes k\u00f6lts\u00e9gvet\u00e9st, illetve p\u00e9nz\u00fcgyi-gazdas\u00e1gi int\u00e9zked\u00e9seket v\u00e9lem\u00e9nyezze.<\/p>\n<p>A bizotts\u00e1g eln\u00f6ke: Dr. Fej\u00e9rdy P\u00e1l, d\u00e9k\u00e1n &#8211; FOK<br \/>\n Tagjai: Dr. Kar\u00e1di Istv\u00e1n, d\u00e9k\u00e1n &#8211; \u00c1OK<br \/>\n Dr. Hunyady L\u00e1szl\u00f3, d\u00e9k\u00e1nhelyettes \u2013 \u00c1OK<br \/>\n Dr. Ga\u00e1l P\u00e9ter, d\u00e9k\u00e1n &#8211; EKK<br \/>\n Dr. M\u00e9sz\u00e1ros Judit, d\u00e9k\u00e1n \u2013 ETK<br \/>\n Dr. Nosz\u00e1l B\u00e9la, d\u00e9k\u00e1n \u2013 GYOK<br \/>\n Dr. T\u00f3th Mikl\u00f3s, d\u00e9k\u00e1n \u2013 TSK<br \/>\n Dr. Kellermayer Mikl\u00f3s, rektorhelyettes<br \/>\n Dr. Szathm\u00e1ri Mikl\u00f3s, egyetemi tan\u00e1r, igazgat\u00f3 \u2013 Klinikai K\u00f6zpont<\/p>\n<p>Tisztelettel:<br \/>\n Dr. Tulassay Tivadar<\/p>\n<p>Budapest, 2011. okt\u00f3ber 26.<\/p>\n","protected":false},"excerpt":{"rendered":"<p>A nemzetgazdas\u00e1g jelenlegi neh\u00e9z helyzet\u00e9b\u0151l a fels\u0151oktat\u00e1sra \u00e9s az eg\u00e9szs\u00e9g\u00fcgyi ell\u00e1t\u00e1sra nehezed\u0151 gazdas\u00e1gi, p\u00e9nz\u00fcgyi jelleg\u0171, sokszor \u00e9v k\u00f6zben fell\u00e9p\u0151 korm\u00e1nyd\u00f6nt\u00e9sek, azok egyetemi implement\u00e1ci\u00f3ja, valamint az \u00faj fels\u0151oktat\u00e1si t\u00f6rv\u00e9ny (Ftv.) v\u00e1rhat\u00f3 hat\u00e1sa megk\u00f6vetelik, hogy az egyetem\u00e9rt felel\u0151s vezet\u00e9s gyors, de megalapozott d\u00f6nt\u00e9seket hozzon. A fels\u0151oktat\u00e1si t\u00f6rv\u00e9nyben le\u00edrt elj\u00e1r\u00e1si mechanizmusokon t\u00falmen\u0151en is sz\u00fcks\u00e9ges, hogy a jelen helyzetben &hellip;<\/p>\n","protected":false},"author":12,"featured_media":0,"comment_status":"closed","ping_status":"open","sticky":false,"template":"","format":"standard","meta":{"_acf_changed":false,"footnotes":""},"categories":[7],"tags":[9],"class_list":["post-7953","post","type-post","status-publish","format-standard","hentry","category-hirek","tag-gfi"],"acf":[],"_links":{"self":[{"href":"https:\/\/semmelweis.hu\/gfi\/wp-json\/wp\/v2\/posts\/7953","targetHints":{"allow":["GET"]}}],"collection":[{"href":"https:\/\/semmelweis.hu\/gfi\/wp-json\/wp\/v2\/posts"}],"about":[{"href":"https:\/\/semmelweis.hu\/gfi\/wp-json\/wp\/v2\/types\/post"}],"author":[{"embeddable":true,"href":"https:\/\/semmelweis.hu\/gfi\/wp-json\/wp\/v2\/users\/12"}],"replies":[{"embeddable":true,"href":"https:\/\/semmelweis.hu\/gfi\/wp-json\/wp\/v2\/comments?post=7953"}],"version-history":[{"count":1,"href":"https:\/\/semmelweis.hu\/gfi\/wp-json\/wp\/v2\/posts\/7953\/revisions"}],"predecessor-version":[{"id":74197,"href":"https:\/\/semmelweis.hu\/gfi\/wp-json\/wp\/v2\/posts\/7953\/revisions\/74197"}],"wp:attachment":[{"href":"https:\/\/semmelweis.hu\/gfi\/wp-json\/wp\/v2\/media?parent=7953"}],"wp:term":[{"taxonomy":"category","embeddable":true,"href":"https:\/\/semmelweis.hu\/gfi\/wp-json\/wp\/v2\/categories?post=7953"},{"taxonomy":"post_tag","embeddable":true,"href":"https:\/\/semmelweis.hu\/gfi\/wp-json\/wp\/v2\/tags?post=7953"}],"curies":[{"name":"wp","href":"https:\/\/api.w.org\/{rel}","templated":true}]}}