{"id":76060,"date":"2018-11-19T07:56:36","date_gmt":"2018-11-19T06:56:36","guid":{"rendered":"http:\/\/semmelweis.hu\/mfi\/?p=74396"},"modified":"2018-11-19T07:56:36","modified_gmt":"2018-11-19T06:56:36","slug":"bufe-zartkoru-palyazata","status":"publish","type":"post","link":"https:\/\/semmelweis.hu\/gfi\/2018\/11\/19\/bufe-zartkoru-palyazata\/","title":{"rendered":"B\u00fcf\u00e9 z\u00e1rtk\u00f6r\u0171 p\u00e1ly\u00e1zata"},"content":{"rendered":"<p style=\"text-align: right\"><a href=\"https:\/\/semmelweis.hu\/mfi\/files\/2018\/11\/K\u00f6zlem\u00e9ny-1.pdf\" target=\"_blank\" rel=\"noopener noreferrer\">PDF form\u00e1tum<\/a><\/p>\n<p style=\"text-align: justify\">A <strong>Semmelweis Egyetem <\/strong>(1085 Budapest, \u00dcll\u0151i \u00fat 26.) az \u00e1llami vagyonr\u00f3l sz\u00f3l\u00f3 2007. \u00e9vi CVI. t\u00f6rv\u00e9ny \u00e9s az \u00e1llami vagyonnal val\u00f3 gazd\u00e1lkod\u00e1sr\u00f3l sz\u00f3l\u00f3 254\/2007. (X. 4.) Korm\u00e1nyrendelet vonatkoz\u00f3 fejezetei alapj\u00e1n,<\/p>\n<p style=\"text-align: center\">egyfordul\u00f3s z\u00e1rtk\u00f6r\u0171 p\u00e1ly\u00e1zat<\/p>\n<p style=\"text-align: justify\">keret\u00e9ben meghirdeti a Semmelweis Egyetem vagyonkezel\u00e9s\u00e9ben l\u00e9v\u0151 Budapest VIII. ker. belter\u00fclet 38710 helyrajzi sz\u00e1mon bejegyzett, term\u00e9szetben Budapest, VIII. ker\u00fclet Szenes Iv\u00e1n t\u00e9r 7. sz\u00e1m alatti Markusovszky Lajos Koll\u00e9gium I. emelet\u00e9n l\u00e9v\u0151 \u00f6sszesen 65 m<sup>2<\/sup> ter\u00fclet\u0171 helyis\u00e9geket b\u00fcf\u00e9 \u00fczemeltet\u00e9se c\u00e9lj\u00e1b\u00f3l, miut\u00e1n a ny\u00edlt p\u00e1ly\u00e1zati felh\u00edv\u00e1s k\u00e9t esetben eredm\u00e9nytelen\u00fcl z\u00e1rult. <strong><em>Az aj\u00e1nlatt\u00e9telre felh\u00edvottak:<\/em><\/strong><\/p>\n<ol>\n<li>Sponi Kft.(2151 F\u00f3t, \u00d6reghegyi u. 21. Cg.13-09-135913)<\/li>\n<li>Kov\u00e1cs Tam\u00e1s EV. (1138 Budapest, V\u00e1ci \u00fat 138\/b. Ad\u00f3sz\u00e1m:68494917-1-41)<\/li>\n<li>LAF Kft. (1085 Budapest, K\u0151farag\u00f3 u. 7. Cg. 01-09-889025)<\/li>\n<\/ol>\n<p><strong>Az aj\u00e1nlatok beny\u00fajt\u00e1s\u00e1nak hat\u00e1rideje: 2018. december 07.<\/strong><\/p>\n<p><strong>\u00a0<\/strong><\/p>\n<p>Budapest, 2018.11.12.\u00a0\u00a0\u00a0\u00a0\u00a0\u00a0\u00a0\u00a0\u00a0\u00a0\u00a0\u00a0\u00a0\u00a0\u00a0\u00a0\u00a0\u00a0<\/p>\n<p style=\"text-align: right\">\u00a0\u00a0\u00a0\u00a0\u00a0\u00a0\u00a0\u00a0\u00a0\u00a0\u00a0\u00a0\u00a0\u00a0\u00a0\u00a0\u00a0\u00a0\u00a0\u00a0\u00a0\u00a0\u00a0\u00a0\u00a0\u00a0\u00a0\u00a0\u00a0\u00a0\u00a0\u00a0\u00a0\u00a0\u00a0\u00a0\u00a0\u00a0\u00a0\u00a0\u00a0\u00a0\u00a0\u00a0\u00a0\u00a0\u00a0\u00a0\u00a0\u00a0\u00a0\u00a0\u00a0\u00a0\u00a0\u00a0\u00a0\u00a0\u00a0\u00a0\u00a0\u00a0\u00a0\u00a0\u00a0 \u00a0\u00a0\u00a0\u00a0\u00a0\u00a0\u00a0\u00a0\u00a0\u00a0\u00a0\u00a0\u00a0\u00a0\u00a0\u00a0\u00a0\u00a0\u00a0\u00a0\u00a0\u00a0\u00a0\u00a0\u00a0\u00a0\u00a0\u00a0\u00a0\u00a0\u00a0\u00a0\u00a0\u00a0\u00a0\u00a0\u00a0<strong>Boros Andr\u00e1s<br \/>\n<\/strong><strong>\u00a0\u00a0\u00a0\u00a0\u00a0\u00a0\u00a0\u00a0\u00a0\u00a0\u00a0\u00a0\u00a0\u00a0\u00a0\u00a0\u00a0\u00a0\u00a0\u00a0\u00a0\u00a0\u00a0\u00a0\u00a0\u00a0\u00a0\u00a0\u00a0\u00a0\u00a0\u00a0\u00a0\u00a0\u00a0\u00a0\u00a0\u00a0\u00a0\u00a0\u00a0\u00a0\u00a0\u00a0\u00a0\u00a0\u00a0\u00a0\u00a0\u00a0\u00a0\u00a0\u00a0\u00a0\u00a0\u00a0\u00a0\u00a0\u00a0\u00a0\u00a0\u00a0\u00a0\u00a0\u00a0\u00a0\u00a0\u00a0\u00a0\u00a0\u00a0\u00a0\u00a0\u00a0\u00a0\u00a0\u00a0\u00a0\u00a0\u00a0\u00a0\u00a0\u00a0\u00a0\u00a0\u00a0\u00a0\u00a0\u00a0\u00a0\u00a0\u00a0\u00a0\u00a0\u00a0\u00a0\u00a0\u00a0\u00a0\u00a0\u00a0\u00a0\u00a0\u00a0\u00a0 f\u0151igazgat\u00f3<\/strong><\/p>\n<p style=\"text-align: right\">\u00a0\u00a0\u00a0\u00a0\u00a0\u00a0\u00a0\u00a0\u00a0\u00a0\u00a0\u00a0\u00a0\u00a0\u00a0\u00a0\u00a0\u00a0\u00a0\u00a0\u00a0\u00a0\u00a0\u00a0\u00a0\u00a0\u00a0\u00a0\u00a0\u00a0\u00a0\u00a0\u00a0\u00a0\u00a0\u00a0\u00a0\u00a0\u00a0\u00a0\u00a0\u00a0\u00a0\u00a0\u00a0\u00a0\u00a0\u00a0\u00a0\u00a0\u00a0\u00a0\u00a0\u00a0\u00a0\u00a0\u00a0\u00a0\u00a0\u00a0\u00a0\u00a0\u00a0\u00a0\u00a0\u00a0\u00a0\u00a0\u00a0\u00a0\u00a0\u00a0\u00a0\u00a0\u00a0\u00a0\u00a0\u00a0\u00a0\u00a0\u00a0\u00a0\u00a0\u00a0\u00a0\u00a0\u00a0\u00a0\u00a0\u00a0\u00a0\u00a0\u00a0\u00a0\u00a0 Semmelweis Egyetem<br \/>\n\u00a0\u00a0\u00a0\u00a0\u00a0\u00a0\u00a0\u00a0\u00a0\u00a0\u00a0\u00a0\u00a0\u00a0\u00a0\u00a0\u00a0\u00a0\u00a0\u00a0\u00a0\u00a0\u00a0\u00a0\u00a0\u00a0\u00a0\u00a0\u00a0\u00a0\u00a0\u00a0\u00a0\u00a0\u00a0\u00a0\u00a0\u00a0\u00a0\u00a0\u00a0\u00a0\u00a0\u00a0\u00a0\u00a0\u00a0\u00a0\u00a0\u00a0\u00a0\u00a0\u00a0\u00a0\u00a0\u00a0\u00a0\u00a0\u00a0\u00a0\u00a0\u00a0\u00a0\u00a0\u00a0\u00a0\u00a0\u00a0\u00a0\u00a0\u00a0\u00a0\u00a0\u00a0\u00a0\u00a0\u00a0\u00a0\u00a0\u00a0\u00a0\u00a0\u00a0\u00a0\u00a0\u00a0\u00a0\u00a0\u00a0\u00a0\u00a0\u00a0\u00a0\u00a0\u00a0\u00a0 M\u0171szaki F\u0151igazgat\u00f3s\u00e1g<\/p>\n","protected":false},"excerpt":{"rendered":"<p><a href=\"https:\/\/semmelweis.hu\/mfi\/files\/2018\/11\/K\u00f6zlem\u00e9ny-1.pdf\" target=\"_blank\" rel=\"noopener noreferrer\">PDF form\u00e1tum<\/a> A Semmelweis Egyetem (1085 Budapest, \u00dcll\u0151i \u00fat 26.) az \u00e1llami vagyonr\u00f3l sz\u00f3l\u00f3 2007. \u00e9vi CVI. t\u00f6rv\u00e9ny \u00e9s az \u00e1llami vagyonnal val\u00f3 gazd\u00e1lkod\u00e1sr\u00f3l sz\u00f3l\u00f3 254\/2007. (X. 4.) Korm\u00e1nyrendelet vonatkoz\u00f3 fejezetei alapj\u00e1n, egyfordul\u00f3s z\u00e1rtk\u00f6r\u0171 p\u00e1ly\u00e1zat keret\u00e9ben meghirdeti a Semmelweis Egyetem vagyonkezel\u00e9s\u00e9ben l\u00e9v\u0151 Budapest VIII. ker. belter\u00fclet 38710 helyrajzi sz\u00e1mon bejegyzett, term\u00e9szetben Budapest, VIII. ker\u00fclet Szenes Iv\u00e1n t\u00e9r &hellip;<\/p>\n","protected":false},"author":101488,"featured_media":0,"comment_status":"closed","ping_status":"closed","sticky":false,"template":"","format":"standard","meta":{"_acf_changed":false,"footnotes":""},"categories":[7],"tags":[28],"class_list":["post-76060","post","type-post","status-publish","format-standard","hentry","category-hirek","tag-vagyongazdalkodas"],"acf":[],"_links":{"self":[{"href":"https:\/\/semmelweis.hu\/gfi\/wp-json\/wp\/v2\/posts\/76060","targetHints":{"allow":["GET"]}}],"collection":[{"href":"https:\/\/semmelweis.hu\/gfi\/wp-json\/wp\/v2\/posts"}],"about":[{"href":"https:\/\/semmelweis.hu\/gfi\/wp-json\/wp\/v2\/types\/post"}],"author":[{"embeddable":true,"href":"https:\/\/semmelweis.hu\/gfi\/wp-json\/wp\/v2\/users\/101488"}],"replies":[{"embeddable":true,"href":"https:\/\/semmelweis.hu\/gfi\/wp-json\/wp\/v2\/comments?post=76060"}],"version-history":[{"count":0,"href":"https:\/\/semmelweis.hu\/gfi\/wp-json\/wp\/v2\/posts\/76060\/revisions"}],"wp:attachment":[{"href":"https:\/\/semmelweis.hu\/gfi\/wp-json\/wp\/v2\/media?parent=76060"}],"wp:term":[{"taxonomy":"category","embeddable":true,"href":"https:\/\/semmelweis.hu\/gfi\/wp-json\/wp\/v2\/categories?post=76060"},{"taxonomy":"post_tag","embeddable":true,"href":"https:\/\/semmelweis.hu\/gfi\/wp-json\/wp\/v2\/tags?post=76060"}],"curies":[{"name":"wp","href":"https:\/\/api.w.org\/{rel}","templated":true}]}}