{"id":75882,"date":"2020-03-23T10:26:35","date_gmt":"2020-03-23T09:26:35","guid":{"rendered":"http:\/\/semmelweis.hu\/gfi\/?p=75882"},"modified":"2020-03-23T10:26:35","modified_gmt":"2020-03-23T09:26:35","slug":"szamlakezelesi-eljarasrendrol-marcius-23-a-utan-iktatott-szamlak-kezelesenel-iktsz-40467-gfipui-2020","status":"publish","type":"post","link":"https:\/\/semmelweis.hu\/gfi\/2020\/03\/23\/szamlakezelesi-eljarasrendrol-marcius-23-a-utan-iktatott-szamlak-kezelesenel-iktsz-40467-gfipui-2020\/","title":{"rendered":"Sz\u00e1mlakezel\u00e9si elj\u00e1r\u00e1srendr\u0151l M\u00e1rcius 23-a ut\u00e1n iktatott sz\u00e1ml\u00e1k kezel\u00e9s\u00e9n\u00e9l Iktsz: 40467\/GFIP\u00dcI\/2020"},"content":{"rendered":"<p><strong>T\u00c1J\u00c9KOZTAT\u00d3<\/strong><\/p>\n<p><strong>A Semmelweis Egyetem gazdas\u00e1gi ter\u00fclet\u00e9n dolgoz\u00f3k sz\u00e1m\u00e1ra <\/strong><\/p>\n<p><strong><u>Sz\u00e1mlakezel\u00e9si elj\u00e1r\u00e1srendr\u0151l <\/u><\/strong><strong style=\"font-size: 1rem\"><u>M\u00e1rcius 23-a ut\u00e1n iktatott sz\u00e1ml\u00e1k kezel\u00e9s\u00e9n\u00e9l<\/u><\/strong><\/p>\n<p>&nbsp;<\/p>\n<p>K\u00e9rem, a sz\u00e1ml\u00e1k kezel\u00e9s\u00e9n\u00e9l a csatolt dokumentum szerint j\u00e1rjanak el.<\/p>\n<p>K\u00f6sz\u00f6nettel: P\u00e9nz\u00fcgyi Igazgat\u00f3s\u00e1g<\/p>\n<p><a href=\"https:\/\/semmelweis.hu\/gfi\/files\/2020\/03\/T\u00e1j\u00e9koztat\u00f3_Sz\u00e1mlakezel\u00e9si-elj\u00e1r\u00e1srendr\u0151l.doc\">T\u00e1j\u00e9koztat\u00f3_Sz\u00e1mlakezel\u00e9si elj\u00e1r\u00e1srendr\u0151l<\/a><\/p>\n<p><a href=\"https:\/\/semmelweis.hu\/gfi\/files\/2020\/03\/SKMBT_C22020032309350.pdf\">SKMBT_C22020032309350<\/a><\/p>\n<p>&nbsp;<\/p>\n","protected":false},"excerpt":{"rendered":"<p>T\u00c1J\u00c9KOZTAT\u00d3<br \/>\nA Semmelweis Egyetem gazdas\u00e1gi ter\u00fclet\u00e9n dolgoz\u00f3k sz\u00e1m\u00e1ra<br \/>\nSz\u00e1mlakezel\u00e9si elj\u00e1r\u00e1srendr\u0151l M\u00e1rcius 23-a ut\u00e1n iktatott sz\u00e1ml\u00e1k kezel\u00e9s\u00e9n\u00e9l<br \/>\n&nbsp;<br \/>\nK\u00e9rem, a sz\u00e1ml\u00e1k kezel\u00e9s\u00e9n\u00e9l a csatolt dokumentum szerint j\u00e1rjanak el.<br \/>\nK\u00f6sz\u00f6nettel: P\u00e9nz\u00fcgyi Igazgat\u00f3s\u00e1g<br \/>\n<a href=\"https:\/\/semmelweis.hu\/gfi\/files\/2020\/03\/T\u00e1j\u00e9koztat\u00f3_Sz\u00e1mlakezel\u00e9si-elj\u00e1r\u00e1srendr\u0151l.doc\">T\u00e1j\u00e9koztat\u00f3_Sz\u00e1mlakezel\u00e9si elj\u00e1r\u00e1srendr\u0151l<\/a><br \/>\n<a href=\"https:\/\/semmelweis.hu\/gfi\/files\/2020\/03\/SKMBT_C22020032309350.pdf\">SKMBT_C22020032309350<\/a><br \/>\n&nbsp;<\/p>\n","protected":false},"author":101489,"featured_media":0,"comment_status":"closed","ping_status":"closed","sticky":false,"template":"","format":"standard","meta":{"_acf_changed":false,"footnotes":""},"categories":[7],"tags":[10],"class_list":["post-75882","post","type-post","status-publish","format-standard","hentry","category-hirek","tag-penzugy"],"acf":[],"_links":{"self":[{"href":"https:\/\/semmelweis.hu\/gfi\/wp-json\/wp\/v2\/posts\/75882","targetHints":{"allow":["GET"]}}],"collection":[{"href":"https:\/\/semmelweis.hu\/gfi\/wp-json\/wp\/v2\/posts"}],"about":[{"href":"https:\/\/semmelweis.hu\/gfi\/wp-json\/wp\/v2\/types\/post"}],"author":[{"embeddable":true,"href":"https:\/\/semmelweis.hu\/gfi\/wp-json\/wp\/v2\/users\/101489"}],"replies":[{"embeddable":true,"href":"https:\/\/semmelweis.hu\/gfi\/wp-json\/wp\/v2\/comments?post=75882"}],"version-history":[{"count":1,"href":"https:\/\/semmelweis.hu\/gfi\/wp-json\/wp\/v2\/posts\/75882\/revisions"}],"predecessor-version":[{"id":75885,"href":"https:\/\/semmelweis.hu\/gfi\/wp-json\/wp\/v2\/posts\/75882\/revisions\/75885"}],"wp:attachment":[{"href":"https:\/\/semmelweis.hu\/gfi\/wp-json\/wp\/v2\/media?parent=75882"}],"wp:term":[{"taxonomy":"category","embeddable":true,"href":"https:\/\/semmelweis.hu\/gfi\/wp-json\/wp\/v2\/categories?post=75882"},{"taxonomy":"post_tag","embeddable":true,"href":"https:\/\/semmelweis.hu\/gfi\/wp-json\/wp\/v2\/tags?post=75882"}],"curies":[{"name":"wp","href":"https:\/\/api.w.org\/{rel}","templated":true}]}}