{"id":75856,"date":"2020-03-12T12:41:05","date_gmt":"2020-03-12T11:41:05","guid":{"rendered":"http:\/\/semmelweis.hu\/gfi\/?p=75856"},"modified":"2020-03-12T12:41:05","modified_gmt":"2020-03-12T11:41:05","slug":"vedofelszerelesek-beszerzese-es-szervezeti-egysegek-kozotti-kiosztasa","status":"publish","type":"post","link":"https:\/\/semmelweis.hu\/gfi\/2020\/03\/12\/vedofelszerelesek-beszerzese-es-szervezeti-egysegek-kozotti-kiosztasa\/","title":{"rendered":"V\u00e9d\u0151felszerel\u00e9sek beszerz\u00e9se \u00e9s szervezeti egys\u00e9gek k\u00f6z\u00f6tti kioszt\u00e1sa"},"content":{"rendered":"<p>T\u00e1j\u00e9koztatom, hogy a koronav\u00edrus miatt kialakult j\u00e1rv\u00e1ny\u00fcgyi helyzetre tekintettel \u2013 a 31650-5\/KLINK\/2020. iktat\u00f3sz\u00e1m\u00fa lev\u00e9lben foglaltaknak megfelel\u0151en \u2013 az 1. sz. mell\u00e9kletben felsorolt eg\u00e9szs\u00e9g\u00fcgyi v\u00e9d\u0151felszerel\u00e9sek beszerz\u00e9se \u00e9s szervezeti egys\u00e9gek k\u00f6z\u00f6tti kioszt\u00e1sa jelen t\u00e1j\u00e9koztat\u00f3 kiad\u00e1s\u00e1nak napj\u00e1t\u00f3l visszavon\u00e1sig k\u00f6zponti ir\u00e1ny\u00edt\u00e1ssal, rektori, illetve Klinikai K\u00f6zpont eln\u00f6ki hat\u00e1sk\u00f6rben t\u00f6rt\u00e9nik az al\u00e1bbi elj\u00e1r\u00e1srend szerint. <br \/>\n1. A szervezeti egys\u00e9gek ig\u00e9nyeiket az 2. sz. mell\u00e9kletet k\u00e9pez\u0151 t\u00e1bl\u00e1zatban juttatj\u00e1k el elektronikusan az Eg\u00e9szs\u00e9g\u00fcgyi H\u00e1l\u00f3zat-ir\u00e1ny\u00edt\u00e1si Igazgat\u00f3s\u00e1g r\u00e9sz\u00e9re (titkarsag.euhalozat@semmelweis-univ.hu). <br \/>\n2. Az Eg\u00e9szs\u00e9g\u00fcgyi H\u00e1l\u00f3zat-ir\u00e1ny\u00edt\u00e1si Igazgat\u00f3s\u00e1g a napi \u00f6sszes\u00edtett ig\u00e9nyeket \u00e1tadja a Klinikai K\u00f6zpont Eln\u00f6ke sz\u00e1m\u00e1ra, aki az aktu\u00e1lis j\u00e1rv\u00e1ny\u00fcgyi helyzethez igaz\u00edtva, illetve a betegell\u00e1t\u00e1si \u00e9rdekek \u00e9s munkav\u00e9delmi szempontok figyelembev\u00e9tel\u00e9vel d\u00f6nt anyagfajt\u00e1nk\u00e9nt a kiadhat\u00f3 mennyis\u00e9gekr\u0151l. D\u00f6nt\u00e9s\u00e9t megk\u00fcldi az Eg\u00e9szs\u00e9g\u00fcgyi H\u00e1l\u00f3zat-ir\u00e1ny\u00edt\u00e1si Igazgat\u00f3s\u00e1g r\u00e9sz\u00e9re. <br \/>\n3. Az Eg\u00e9szs\u00e9g\u00fcgyi H\u00e1l\u00f3zat-ir\u00e1ny\u00edt\u00e1si Igazgat\u00f3s\u00e1g \u00edr\u00e1sban visszajelez az ig\u00e9nyt lead\u00f3 szervezeti egys\u00e9gnek (az ig\u00e9nyt bek\u00fcld\u0151 sz\u00e1m\u00e1ra) a Klinikai K\u00f6zpont Eln\u00f6k\u00e9nek d\u00f6nt\u00e9s\u00e9r\u0151l, a j\u00f3v\u00e1hagyott ig\u00e9nyekr\u0151l. <br \/>\n4. Ezzel p\u00e1rhuzamosan az Eg\u00e9szs\u00e9g\u00fcgyi H\u00e1l\u00f3zat-ir\u00e1ny\u00edt\u00e1si Igazgat\u00f3s\u00e1g a Klinikai K\u00f6zpont Eln\u00f6ke \u00e1ltal j\u00f3v\u00e1hagyott ig\u00e9nyt rakt\u00e1ri rendel\u00e9sk\u00e9nt r\u00f6gz\u00edti az SAP rendszerben. <br \/>\n5. A K\u00f6zponti \u00e9s Elfekv\u0151 Rakt\u00e1r gondoskodik az ig\u00e9nyek \u00f6sszek\u00e9sz\u00edt\u00e9s\u00e9r\u0151l, kiad\u00e1s\u00e1r\u00f3l \u00e9s kisz\u00e1ll\u00edt\u00e1s\u00e1r\u00f3l. <br \/>\nEzen anyagok kiad\u00e1sa elk\u00fcl\u00f6n\u00edtett, k\u00f6zponti keret terh\u00e9re t\u00f6rt\u00e9nik. <br \/>\nA kor\u00e1bban az olah.anett@semmelweis-univ.hu c\u00edmre megk\u00fcld\u00f6tt ig\u00e9nyeket az ezen t\u00e1j\u00e9koztat\u00f3ban le\u00edrt elj\u00e1r\u00e1srendet betartva k\u00e9rj\u00fck sz\u00e9pen \u00fajra megk\u00fcldeni. <br \/>\nNem a fent le\u00edrt elj\u00e1r\u00e1srend szerint k\u00f6z\u00f6lt ig\u00e9nyek semmisnek tekintend\u0151k.<br \/>\nA szervezeti egys\u00e9gek \u00e1ltal saj\u00e1t hat\u00e1sk\u00f6rben bonyol\u00edtott beszerz\u00e9sek elj\u00e1r\u00e1srendje, illetve szab\u00e1lyai v\u00e1ltozatlanok. <br \/>\nBudapest, 2020. m\u00e1rcius \u201e12 \u201e Tisztelettel:<br \/>\n\u00a0 \u00a0 Prof. Dr. Szab\u00f3 Attila \u00a0 \u00a0 \u00a0 \u00a0 \u00a0 \u00a0 \u00a0 \u00a0 \u00a0 \u00a0 \u00a0 \u00a0 \u00a0 \u00a0 \u00a0 \u00a0 \u00a0 \u00a0 \u00a0 \u00a0 \u00a0 \u00a0 \u00a0 \u00a0\u00a0 Baumgartnern\u00e9 Holl\u00f3 Ir\u00e9n<br \/>\n\u00a0 \u00a0 \u00a0 \u00a0 \u00a0 \u00a0 eln\u00f6k \u00a0 \u00a0 \u00a0 \u00a0 \u00a0 \u00a0 \u00a0 \u00a0 \u00a0 \u00a0 \u00a0 \u00a0 \u00a0 \u00a0 \u00a0 \u00a0 \u00a0 \u00a0 \u00a0 \u00a0 \u00a0 \u00a0 \u00a0 \u00a0 \u00a0 \u00a0 \u00a0 \u00a0 \u00a0 \u00a0 \u00a0 \u00a0 \u00a0 \u00a0 \u00a0 \u00a0 \u00a0\u00a0 kancell\u00e1rhelyettes<\/p>\n<p><a href=\"https:\/\/semmelweis.hu\/gfi\/files\/2020\/03\/T\u00e1j\u00e9koztat\u00f3_v\u00e9d\u0151felszerel\u00e9sek-beszerz\u00e9se.pdf\">T\u00e1j\u00e9koztat\u00f3_v\u00e9d\u0151felszerel\u00e9sek beszerz\u00e9se<\/a><\/p>\n<p><a href=\"https:\/\/semmelweis.hu\/gfi\/files\/2020\/03\/1.sz_.mell\u00e9klet.xlsx\">1.sz.mell\u00e9klet<\/a> <a href=\"https:\/\/semmelweis.hu\/gfi\/files\/2020\/03\/2.sz_.mell\u00e9klet_ig\u00e9nyl\u00e9s.xlsx\">2.sz.mell\u00e9klet_ig\u00e9nyl\u00e9s<\/a><\/p>\n<p><a href=\"https:\/\/semmelweis.hu\/gfi\/files\/2020\/03\/2.sz_.mell\u00e9klet_ig\u00e9nyl\u00e9s.xlsx\">2.sz.mell\u00e9klet_ig\u00e9nyl\u00e9s<\/a><\/p>\n","protected":false},"excerpt":{"rendered":"<p>T\u00e1j\u00e9koztatom, hogy a koronav\u00edrus miatt kialakult j\u00e1rv\u00e1ny\u00fcgyi helyzetre tekintettel \u2013 a 31650-5\/KLINK\/2020. iktat\u00f3sz\u00e1m\u00fa lev\u00e9lben foglaltaknak megfelel\u0151en \u2013 az 1. sz. mell\u00e9kletben felsorolt eg\u00e9szs\u00e9g\u00fcgyi v\u00e9d\u0151felszerel\u00e9sek beszerz\u00e9se \u00e9s szervezeti egys\u00e9gek k\u00f6z\u00f6tti kioszt\u00e1sa jelen t\u00e1j\u00e9koztat\u00f3 kiad\u00e1s\u00e1nak napj\u00e1t\u00f3l visszavon\u00e1sig k\u00f6zponti ir\u00e1ny\u00edt\u00e1ssal, rektori, illetve Klinikai K\u00f6zpont eln\u00f6ki hat\u00e1sk\u00f6rben t\u00f6rt\u00e9nik az al\u00e1bbi elj\u00e1r\u00e1srend szerint. 1. A szervezeti egys\u00e9gek ig\u00e9nyeiket az 2. &hellip;<\/p>\n","protected":false},"author":101488,"featured_media":0,"comment_status":"closed","ping_status":"closed","sticky":false,"template":"","format":"standard","meta":{"_acf_changed":false,"footnotes":""},"categories":[7],"tags":[],"class_list":["post-75856","post","type-post","status-publish","format-standard","hentry","category-hirek"],"acf":[],"_links":{"self":[{"href":"https:\/\/semmelweis.hu\/gfi\/wp-json\/wp\/v2\/posts\/75856","targetHints":{"allow":["GET"]}}],"collection":[{"href":"https:\/\/semmelweis.hu\/gfi\/wp-json\/wp\/v2\/posts"}],"about":[{"href":"https:\/\/semmelweis.hu\/gfi\/wp-json\/wp\/v2\/types\/post"}],"author":[{"embeddable":true,"href":"https:\/\/semmelweis.hu\/gfi\/wp-json\/wp\/v2\/users\/101488"}],"replies":[{"embeddable":true,"href":"https:\/\/semmelweis.hu\/gfi\/wp-json\/wp\/v2\/comments?post=75856"}],"version-history":[{"count":2,"href":"https:\/\/semmelweis.hu\/gfi\/wp-json\/wp\/v2\/posts\/75856\/revisions"}],"predecessor-version":[{"id":75861,"href":"https:\/\/semmelweis.hu\/gfi\/wp-json\/wp\/v2\/posts\/75856\/revisions\/75861"}],"wp:attachment":[{"href":"https:\/\/semmelweis.hu\/gfi\/wp-json\/wp\/v2\/media?parent=75856"}],"wp:term":[{"taxonomy":"category","embeddable":true,"href":"https:\/\/semmelweis.hu\/gfi\/wp-json\/wp\/v2\/categories?post=75856"},{"taxonomy":"post_tag","embeddable":true,"href":"https:\/\/semmelweis.hu\/gfi\/wp-json\/wp\/v2\/tags?post=75856"}],"curies":[{"name":"wp","href":"https:\/\/api.w.org\/{rel}","templated":true}]}}