{"id":75801,"date":"2020-02-17T12:59:42","date_gmt":"2020-02-17T11:59:42","guid":{"rendered":"http:\/\/semmelweis.hu\/gfi\/?p=75801"},"modified":"2020-02-17T12:59:42","modified_gmt":"2020-02-17T11:59:42","slug":"tajekoztato-a-penzugyi-igazgatosag-koltozeserol-3","status":"publish","type":"post","link":"https:\/\/semmelweis.hu\/gfi\/2020\/02\/17\/tajekoztato-a-penzugyi-igazgatosag-koltozeserol-3\/","title":{"rendered":"T\u00e1j\u00e9koztat\u00f3 a P\u00e9nz\u00fcgyi Igazgat\u00f3s\u00e1g k\u00f6lt\u00f6z\u00e9s\u00e9r\u0151l\/3."},"content":{"rendered":"<p>T\u00e1j\u00e9koztatjuk \u00d6n\u00f6ket, hogy a P\u00e9nz\u00fcgyi Igazgat\u00f3s\u00e1g 2020.02.07- 2020.02.28 k\u00f6z\u00f6tt szakaszosan k\u00f6lt\u00f6zik. <br \/>\nK\u00f6lt\u00f6z\u00e9sek alatt a k\u00f6lt\u00f6z\u00e9sben \u00e9rintett munkat\u00e1rsak csak mobil sz\u00e1mon lesznek el\u00e9rhet\u0151k, a telefonsz\u00e1mok az egyetem honlapj\u00e1n el\u00e9rhet\u0151ek. A k\u00f6lt\u00f6z\u00e9s alatt a k\u00f6lt\u00f6z\u00e9ssel \u00e9rintett munkat\u00e1rsak email-ekre csak k\u00e9sedelmesen fognak tudni v\u00e1laszolni.<br \/>\n2020.02.19-2020.02.20 k\u00f6z\u00f6tt k\u00f6lt\u00f6z\u00e9ssel \u00e9rintett csoportok:<\/p>\n<p>&#8211; P\u00e9nz\u00fcgyi Oszt\u00e1ly<br \/>\no Bankforgalmi csoport<br \/>\no Deviza csoport<br \/>\no Titk\u00e1rs\u00e1g I.<br \/>\no K\u00f6vetel\u00e9skezel\u00e9si csoport<br \/>\n\u00daj c\u00edm\u00fcnk: VIII. Szigetv\u00e1ri u 5. <br \/>\nK\u00f6lt\u00f6z\u00e9s ut\u00e1n munkat\u00e1rsaink mell\u00e9kei megv\u00e1ltoznak, 2020.02.21-t\u0151l az al\u00e1bbi mell\u00e9keken lesznek el\u00e9rhet\u0151ek:<br \/>\nmell\u00e9k n\u00e9v <br \/>\n62302 dr. H\u00e9th\u00e1zi-Nagy Eszter <br \/>\n62277 Erdein\u00e9 Jakab Katalin <br \/>\n62279 Herczeg Barbara <br \/>\n62281 Koncz Imr\u00e9n\u00e9, Krisztina <br \/>\n62301 Koromn\u00e9 K\u00f6rm\u00f6ndi Krisztina<br \/>\n62282 Kov\u00e1cs Andrea <br \/>\n62295 P\u00e1sztorn\u00e9 Filling \u00c9va <br \/>\n62284 Sebesty\u00e9n L\u00e1szl\u00f3n\u00e9, Erika <br \/>\n62299 T\u00f3th J\u00e1nos <br \/>\n62303 V\u00e1rtok Edina<\/p>\n<p>\nMeg\u00e9rt\u00e9s\u00fcket k\u00f6sz\u00f6nj\u00fck.<\/p>\n<p>P\u00e9nz\u00fcgyi Igazgat\u00f3s\u00e1g<\/p>\n","protected":false},"excerpt":{"rendered":"<p>T\u00e1j\u00e9koztatjuk \u00d6n\u00f6ket, hogy a P\u00e9nz\u00fcgyi Igazgat\u00f3s\u00e1g 2020.02.07- 2020.02.28 k\u00f6z\u00f6tt szakaszosan k\u00f6lt\u00f6zik. K\u00f6lt\u00f6z\u00e9sek alatt a k\u00f6lt\u00f6z\u00e9sben \u00e9rintett munkat\u00e1rsak csak mobil sz\u00e1mon lesznek el\u00e9rhet\u0151k, a telefonsz\u00e1mok az egyetem honlapj\u00e1n el\u00e9rhet\u0151ek. A k\u00f6lt\u00f6z\u00e9s alatt a k\u00f6lt\u00f6z\u00e9ssel \u00e9rintett munkat\u00e1rsak email-ekre csak k\u00e9sedelmesen fognak tudni v\u00e1laszolni. 2020.02.19-2020.02.20 k\u00f6z\u00f6tt k\u00f6lt\u00f6z\u00e9ssel \u00e9rintett csoportok: &#8211; P\u00e9nz\u00fcgyi Oszt\u00e1ly o Bankforgalmi csoport o Deviza csoport &hellip;<\/p>\n","protected":false},"author":101488,"featured_media":0,"comment_status":"closed","ping_status":"closed","sticky":false,"template":"","format":"standard","meta":{"_acf_changed":false,"footnotes":""},"categories":[7],"tags":[10],"class_list":["post-75801","post","type-post","status-publish","format-standard","hentry","category-hirek","tag-penzugy"],"acf":[],"_links":{"self":[{"href":"https:\/\/semmelweis.hu\/gfi\/wp-json\/wp\/v2\/posts\/75801","targetHints":{"allow":["GET"]}}],"collection":[{"href":"https:\/\/semmelweis.hu\/gfi\/wp-json\/wp\/v2\/posts"}],"about":[{"href":"https:\/\/semmelweis.hu\/gfi\/wp-json\/wp\/v2\/types\/post"}],"author":[{"embeddable":true,"href":"https:\/\/semmelweis.hu\/gfi\/wp-json\/wp\/v2\/users\/101488"}],"replies":[{"embeddable":true,"href":"https:\/\/semmelweis.hu\/gfi\/wp-json\/wp\/v2\/comments?post=75801"}],"version-history":[{"count":1,"href":"https:\/\/semmelweis.hu\/gfi\/wp-json\/wp\/v2\/posts\/75801\/revisions"}],"predecessor-version":[{"id":75802,"href":"https:\/\/semmelweis.hu\/gfi\/wp-json\/wp\/v2\/posts\/75801\/revisions\/75802"}],"wp:attachment":[{"href":"https:\/\/semmelweis.hu\/gfi\/wp-json\/wp\/v2\/media?parent=75801"}],"wp:term":[{"taxonomy":"category","embeddable":true,"href":"https:\/\/semmelweis.hu\/gfi\/wp-json\/wp\/v2\/categories?post=75801"},{"taxonomy":"post_tag","embeddable":true,"href":"https:\/\/semmelweis.hu\/gfi\/wp-json\/wp\/v2\/tags?post=75801"}],"curies":[{"name":"wp","href":"https:\/\/api.w.org\/{rel}","templated":true}]}}