{"id":75787,"date":"2020-02-03T12:50:34","date_gmt":"2020-02-03T11:50:34","guid":{"rendered":"http:\/\/semmelweis.hu\/gfi\/?p=75787"},"modified":"2020-02-03T12:50:34","modified_gmt":"2020-02-03T11:50:34","slug":"penzugyi-igazgatosag-szakaszos-koltozese","status":"publish","type":"post","link":"https:\/\/semmelweis.hu\/gfi\/2020\/02\/03\/penzugyi-igazgatosag-szakaszos-koltozese\/","title":{"rendered":"P\u00e9nz\u00fcgyi Igazgat\u00f3s\u00e1g szakaszos k\u00f6lt\u00f6z\u00e9se"},"content":{"rendered":"<p><strong>Tisztelt Vezet\u0151 Munkat\u00e1rsak!<\/strong><br \/>\n<strong>Tisztelt Gazdas\u00e1gi \u00dcgyint\u00e9z\u0151k!<\/strong><\/p>\n<p>T\u00e1j\u00e9koztatjuk \u00d6n\u00f6ket, hogy a P\u00e9nz\u00fcgyi Igazgat\u00f3s\u00e1g <span style=\"color: #ff0000\">2020.02.07- 2020.02.28 k\u00f6z\u00f6tt szakaszosan k\u00f6lt\u00f6zik.<\/span> <br \/>\nK\u00f6lt\u00f6z\u00e9sek alatt a k\u00f6lt\u00f6z\u00e9sben \u00e9rintett munkat\u00e1rsak csak mobil sz\u00e1mon lesznek el\u00e9rhet\u0151k, a telefonsz\u00e1mok az egyetem honlapj\u00e1n el\u00e9rhet\u0151ek. A k\u00f6lt\u00f6z\u00e9s alatt a k\u00f6lt\u00f6z\u00e9ssel \u00e9rintett munkat\u00e1rsak email-ekre csak k\u00e9sedelmesen fognak tudni v\u00e1laszolni.<br \/>\n<strong>2020.02.07-2020.02.14 k\u00f6z\u00f6tt k\u00f6lt\u00f6z\u00e9ssel \u00e9rintett csoportok:<\/strong><br \/>\n<strong>&#8211; Sz\u00e1mviteli Oszt\u00e1ly<\/strong><br \/>\no F\u0151k\u00f6nyvi k\u00f6nyvel\u00e9si csoport \/ cikkt\u00f6rzs karbantart\u00e1s<br \/>\no Lelt\u00e1rellen\u0151rz\u00e9si csoport<br \/>\no Iratt\u00e1r<br \/>\no Eszk\u00f6zanalitika csoport<\/p>\n<p><strong>&#8211; P\u00e9nz\u00fcgyi Oszt\u00e1ly<\/strong><br \/>\no T\u00e1mogat\u00e1s Koordin\u00e1ci\u00f3s csoportja<br \/>\nK\u00f6lt\u00f6z\u00e9s alatt a csoportoknak k\u00fcld\u00f6tt anyagokat Eperjessy Szilvia veszi \u00e1t a P\u00e9nz\u00fcgyi Igazgat\u00f3s\u00e1gon az \u00dcll\u0151i \u00fat 26-ban.<br \/>\nK\u00f6lt\u00f6z\u00e9s ut\u00e1n munkat\u00e1rsaink mell\u00e9kei megv\u00e1ltoznak, 2020.02.17-t\u0151l az al\u00e1bbi mell\u00e9keken lesznek el\u00e9rhet\u0151ek:<\/p>\n<p>N\u00e9v mell\u00e9k\u00a0<br \/>\nBabcs\u00e1n Zsoltn\u00e9, Erzs\u00e9bet 62256 Nagyn\u00e9 Zaj Katalin 62267<br \/>\nBenk\u0151 D\u00e1niel 62257 Palot\u00e1s Erzs\u00e9bet 62268<br \/>\nBoza P\u00e9ter 62258 Pethe Gy\u00f6ngyi 62269<br \/>\nDanyi Ildik\u00f3 62259 P\u00f3czosn\u00e9 Eperjesi Krisztina 62251<br \/>\nDunai K\u00e1rolyn\u00e9, Ildik\u00f3 62260 Suti Katalin 62274<br \/>\nEipl Ren\u00e1ta 62261 Sz\u00e1ntai \u00c9va 62252<br \/>\nErhartn\u00e9 Maurer \u00c1gnes 62262 Maurern\u00e9 Szanyi Vikt\u00f3ria 62253<br \/>\nKert\u00e9sz Attila 62263 Szendrei G\u00e1bor 62271<br \/>\nK\u00e9z\u00e9r Erzs\u00e9bet 62264 Szendr\u0151in\u00e9 Jurek Katalin 62254<br \/>\nKov\u00e1cs-Galacz M\u00e1ria 62266 Sz\u0151cs Brigitta 62272<br \/>\nLukacsi \u00c9va 62265 Tam\u00e1s Judit 62255<br \/>\nMaurer Ildik\u00f3 62250 To\u00f3s T\u00edmea 62273<\/p>\n<p>Meg\u00e9rt\u00e9s\u00fcket k\u00f6sz\u00f6nj\u00fck.<\/p>\n<p>P\u00e9nz\u00fcgyi Igazgat\u00f3s\u00e1g<\/p>\n","protected":false},"excerpt":{"rendered":"<p>Tisztelt Vezet\u0151 Munkat\u00e1rsak! Tisztelt Gazdas\u00e1gi \u00dcgyint\u00e9z\u0151k! T\u00e1j\u00e9koztatjuk \u00d6n\u00f6ket, hogy a P\u00e9nz\u00fcgyi Igazgat\u00f3s\u00e1g 2020.02.07- 2020.02.28 k\u00f6z\u00f6tt szakaszosan k\u00f6lt\u00f6zik. K\u00f6lt\u00f6z\u00e9sek alatt a k\u00f6lt\u00f6z\u00e9sben \u00e9rintett munkat\u00e1rsak csak mobil sz\u00e1mon lesznek el\u00e9rhet\u0151k, a telefonsz\u00e1mok az egyetem honlapj\u00e1n el\u00e9rhet\u0151ek. A k\u00f6lt\u00f6z\u00e9s alatt a k\u00f6lt\u00f6z\u00e9ssel \u00e9rintett munkat\u00e1rsak email-ekre csak k\u00e9sedelmesen fognak tudni v\u00e1laszolni. 2020.02.07-2020.02.14 k\u00f6z\u00f6tt k\u00f6lt\u00f6z\u00e9ssel \u00e9rintett csoportok: &#8211; Sz\u00e1mviteli Oszt\u00e1ly &hellip;<\/p>\n","protected":false},"author":101488,"featured_media":0,"comment_status":"closed","ping_status":"closed","sticky":false,"template":"","format":"standard","meta":{"_acf_changed":false,"footnotes":""},"categories":[7],"tags":[10],"class_list":["post-75787","post","type-post","status-publish","format-standard","hentry","category-hirek","tag-penzugy"],"acf":[],"_links":{"self":[{"href":"https:\/\/semmelweis.hu\/gfi\/wp-json\/wp\/v2\/posts\/75787","targetHints":{"allow":["GET"]}}],"collection":[{"href":"https:\/\/semmelweis.hu\/gfi\/wp-json\/wp\/v2\/posts"}],"about":[{"href":"https:\/\/semmelweis.hu\/gfi\/wp-json\/wp\/v2\/types\/post"}],"author":[{"embeddable":true,"href":"https:\/\/semmelweis.hu\/gfi\/wp-json\/wp\/v2\/users\/101488"}],"replies":[{"embeddable":true,"href":"https:\/\/semmelweis.hu\/gfi\/wp-json\/wp\/v2\/comments?post=75787"}],"version-history":[{"count":1,"href":"https:\/\/semmelweis.hu\/gfi\/wp-json\/wp\/v2\/posts\/75787\/revisions"}],"predecessor-version":[{"id":75788,"href":"https:\/\/semmelweis.hu\/gfi\/wp-json\/wp\/v2\/posts\/75787\/revisions\/75788"}],"wp:attachment":[{"href":"https:\/\/semmelweis.hu\/gfi\/wp-json\/wp\/v2\/media?parent=75787"}],"wp:term":[{"taxonomy":"category","embeddable":true,"href":"https:\/\/semmelweis.hu\/gfi\/wp-json\/wp\/v2\/categories?post=75787"},{"taxonomy":"post_tag","embeddable":true,"href":"https:\/\/semmelweis.hu\/gfi\/wp-json\/wp\/v2\/tags?post=75787"}],"curies":[{"name":"wp","href":"https:\/\/api.w.org\/{rel}","templated":true}]}}